{"id":417,"date":"2008-05-30T21:40:23","date_gmt":"2008-05-30T19:40:23","guid":{"rendered":"http:\/\/www.quiltingstudio.hu\/blog\/?p=417"},"modified":"2008-05-31T15:20:11","modified_gmt":"2008-05-31T13:20:11","slug":"kozkivanatra-meg-egy-kis-kaktuszvirag","status":"publish","type":"post","link":"http:\/\/www.quiltingstudio.hu\/blog\/?p=417","title":{"rendered":"K\u00f6zk\u00edv\u00e1natra m\u00e9g egy kis kaktuszvir\u00e1g&#8230;"},"content":{"rendered":"<p>Nem volt neh\u00e9z r\u00e1besz\u00e9lni engem, hogy megmutatssam.<\/p>\n<p>Nagyon szeretem a kaktuszokat, szerintem csod\u00e1latosak!<\/p>\n<p>Ez egyike a sok kedvencemnek, egy <strong>Echinopsys<\/strong> fajta, ami csak \u00e9jszaka ny\u00edlik \u00e9s ILLATOS!<\/p>\n<p id=\"player1\" style=\"display:none\"><a href=\"http:\/\/www.macromedia.com\/go\/getflashplayer\">Get the latest Flash Player<\/a> to see this player.<\/p>\r\n<noscript><p>[Javascript required to view Flash movie, please turn it on and refresh this page]<\/p><\/noscript>\r\n\r\n<script type=\"text\/javascript\">\r\n\tdocument.getElementById(\"player1\").style.display = \"\";\r\n\t\r\n\tvar s1 = new SWFObject(\"http:\/\/www.quiltingstudio.hu\/blog\/wp-content\/plugins\/flv-embed\/flvplayer.swf\",\"player1\",\"380\",\"305\",\"7\");\r\n\ts1.addParam(\"wmode\",\"transparent\");\r\n\ts1.addParam(\"allowscriptaccess\",\"always\");\r\n\ts1.addParam(\"allowfullscreen\",\"true\");\r\n\ts1.addVariable(\"height\",\"305\");\r\n\ts1.addVariable(\"width\",\"380\"); \n\ts1.addVariable(\"file\",\"\/blog\/wp-content\/uploads\/2008\/05\/echinopsys.flv\");\n\ts1.addVariable(\"image\",\"\/blog\/wp-content\/uploads\/2008\/05\/echinopsys.jpg\");\n\ts1.addVariable(\"link\",\"\/blog\/wp-content\/uploads\/2008\/05\/echinopsys.flv\");\n\ts1.addVariable(\"showstop\",\"true\");\n\ts1.addVariable(\"autostart\",\"true\");\r\n\ts1.write(\"player1\");\r\n<\/script>\n<p>A kis huncutot k\u00e9nytelenek voltunk behozni a szob\u00e1ba, mert nem akartunk a vakuval \u00e9jnek \u00e9vadj\u00e1n villogtatni az erk\u00e9lyen. Mondanom sem kell 10 percenk\u00e9nt mentem be \u00e9s figyeltem, hogy ny\u00edlik-e m\u00e1r. \u00c9jjel 11 ut\u00e1n m\u00e1r nagyon t\u00fcrelmetlen voltam \u00e9s m\u00e1r \u00e1lmos is, de a kis zsiv\u00e1ny megv\u00e1rta a 24:00-t \u00e9s csak ut\u00e1na kezdett ny\u00edlni. A kaktuszhoz k\u00e9pest hatalmas vir\u00e1got \u00e9s vir\u00e1gsz\u00e1rat n\u00f6veszt. A gy\u00f6ny\u00f6r\u0171 h\u00f3feh\u00e9r \u00e9s a kicsit van\u00edli\u00e1ra eml\u00e9keztet\u0151 illat\u00e1val csalogatn\u00e1 a rovarokat (de csak mi j\u00f6tt\u00fcnk, veszt\u00e9re!)<\/p>\n<p>Az\u00e9rt is kellett erre ennyire r\u00e1k\u00e9sz\u00fclni, mert csup\u00e1n <strong>csak 1 \u00e9jszaka ny\u00edlik<\/strong>, m\u00e9g sz\u00e9p a vir\u00e1g d\u00e9lel\u0151tt \u00e9s est\u00e9re m\u00e1r el is ny\u00edlik. Azt\u00e1n \u00fajra v\u00e1rhatok erre a csod\u00e1ra 1 \u00e9vet!<\/p>\n<p>T\u00f6bb CD-nyi k\u00e9pet k\u00e9sz\u00edtettem m\u00e1r a saj\u00e1t kaktuszainkr\u00f3l. Nagyon kedvelem a macro fot\u00f3kat, id\u0151nk\u00e9nt majd  teszek fel egyet-egyet.<\/p>\n","protected":false},"excerpt":{"rendered":"<p>Nem volt neh\u00e9z r\u00e1besz\u00e9lni engem, hogy megmutatssam. Nagyon szeretem a kaktuszokat, szerintem csod\u00e1latosak! Ez egyike a sok kedvencemnek, egy Echinopsys fajta, ami csak \u00e9jszaka ny\u00edlik \u00e9s ILLATOS! Get the latest Flash Player to see this player. [Javascript required to view Flash movie, please turn it on and refresh this page] A kis huncutot k\u00e9nytelenek voltunk [&hellip;]<\/p>\n","protected":false},"author":1,"featured_media":0,"comment_status":"open","ping_status":"closed","sticky":false,"template":"","format":"standard","meta":[],"categories":[8],"tags":[],"aioseo_notices":[],"views":2236,"_links":{"self":[{"href":"http:\/\/www.quiltingstudio.hu\/blog\/index.php?rest_route=\/wp\/v2\/posts\/417"}],"collection":[{"href":"http:\/\/www.quiltingstudio.hu\/blog\/index.php?rest_route=\/wp\/v2\/posts"}],"about":[{"href":"http:\/\/www.quiltingstudio.hu\/blog\/index.php?rest_route=\/wp\/v2\/types\/post"}],"author":[{"embeddable":true,"href":"http:\/\/www.quiltingstudio.hu\/blog\/index.php?rest_route=\/wp\/v2\/users\/1"}],"replies":[{"embeddable":true,"href":"http:\/\/www.quiltingstudio.hu\/blog\/index.php?rest_route=%2Fwp%2Fv2%2Fcomments&post=417"}],"version-history":[{"count":0,"href":"http:\/\/www.quiltingstudio.hu\/blog\/index.php?rest_route=\/wp\/v2\/posts\/417\/revisions"}],"wp:attachment":[{"href":"http:\/\/www.quiltingstudio.hu\/blog\/index.php?rest_route=%2Fwp%2Fv2%2Fmedia&parent=417"}],"wp:term":[{"taxonomy":"category","embeddable":true,"href":"http:\/\/www.quiltingstudio.hu\/blog\/index.php?rest_route=%2Fwp%2Fv2%2Fcategories&post=417"},{"taxonomy":"post_tag","embeddable":true,"href":"http:\/\/www.quiltingstudio.hu\/blog\/index.php?rest_route=%2Fwp%2Fv2%2Ftags&post=417"}],"curies":[{"name":"wp","href":"https:\/\/api.w.org\/{rel}","templated":true}]}}