{"id":4182,"date":"2013-02-17T19:26:18","date_gmt":"2013-02-17T17:26:18","guid":{"rendered":"http:\/\/www.quiltingstudio.hu\/blog\/?p=4182"},"modified":"2013-02-17T19:26:18","modified_gmt":"2013-02-17T17:26:18","slug":"maradekos-blokk","status":"publish","type":"post","link":"http:\/\/www.quiltingstudio.hu\/blog\/?p=4182","title":{"rendered":"Marad\u00e9kos blokk&#8230;"},"content":{"rendered":"<p>\u00dagy vettem \u00e9szre, hogy sokaknak tetszik ez a takar\u00f3. Helyesb\u00edtek: a sok-sok marad\u00e9k felhaszn\u00e1l\u00e1si m\u00f3dja.<\/p>\n<p>Ez\u00e9rt megmutatom a blokkot is, amib\u0151l k\u00e9sz\u00fclt. L\u00e9p\u00e9sr\u0151l- l\u00e9p\u00e9sre&#8230;<\/p>\n<p>Els\u0151 l\u00e9p\u00e9s volt, hogy megterveztem az EQ-ban (Electric Quilt szoftverrel ) a blokkot. Ha ez megvan, innen m\u00e1r gyerekj\u00e1t\u00e9k a takar\u00f3 megtervez\u00e9se.<\/p>\n<div id=\"attachment_4191\" style=\"width: 310px\" class=\"wp-caption alignnone\"><a href=\"http:\/\/www.quiltingstudio.hu\/blog\/wp-content\/uploads\/2013\/02\/EQ_block.png\"><img aria-describedby=\"caption-attachment-4191\" decoding=\"async\" loading=\"lazy\" class=\"size-medium wp-image-4191\" title=\"EQ_block\" src=\"http:\/\/www.quiltingstudio.hu\/blog\/wp-content\/uploads\/2013\/02\/EQ_block-300x300.png\" alt=\"\" width=\"300\" height=\"300\" srcset=\"http:\/\/www.quiltingstudio.hu\/blog\/wp-content\/uploads\/2013\/02\/EQ_block-300x300.png 300w, http:\/\/www.quiltingstudio.hu\/blog\/wp-content\/uploads\/2013\/02\/EQ_block-150x150.png 150w, http:\/\/www.quiltingstudio.hu\/blog\/wp-content\/uploads\/2013\/02\/EQ_block.png 926w\" sizes=\"(max-width: 300px) 100vw, 300px\" \/><\/a><p id=\"caption-attachment-4191\" class=\"wp-caption-text\">EQ terv<\/p><\/div>\n<p>\u00c9n a cs\u00edkokat nem 45 fokban varrtam \u00f6ssze, csak egyenesen. Ez ne t\u00e9vesszen meg senkit.<\/p>\n<p>Mivel \u00e9n a quilteket 3,5 cm sz\u00e9les cs\u00edkokkal fejezem be (szegem be) ez\u00e9rt ebb\u0151l egy id\u0151 ut\u00e1n m\u00e1r sz\u00e9p kis halom marad\u00e9k keletkezik. Ez van, hogy f\u00e9l m\u00e9ter hossz\u00fa, de lehet, hogy csak 5 cm. Mikor hogy. Most itt a remek lehet\u0151s\u00e9g ezeket elt\u00fcntetni, ill, valami hasznosat k\u00e9sz\u00edteni bel\u0151le.<\/p>\n<p><!--more--><\/p>\n<p>Kiszabtam a stabiliz\u00e1torb\u00f3l egy 23&#215;23 cm-es n\u00e9gyzetet. (hogy mi\u00e9rt ekkor\u00e1t? H\u00e1t mert ekkora sablonom van.) erre megrajzoltam az \u00e1tl\u00f3t \u00e9s az egyik oldalon a varr\u00e1sr\u00e1hagy\u00e1st is.<\/p>\n<div id=\"attachment_4184\" style=\"width: 276px\" class=\"wp-caption alignnone\"><a href=\"http:\/\/www.quiltingstudio.hu\/blog\/wp-content\/uploads\/2013\/02\/stab.jpg\"><img aria-describedby=\"caption-attachment-4184\" decoding=\"async\" loading=\"lazy\" class=\"size-medium wp-image-4184\" title=\"stab\" src=\"http:\/\/www.quiltingstudio.hu\/blog\/wp-content\/uploads\/2013\/02\/stab-266x300.jpg\" alt=\"\" width=\"266\" height=\"300\" srcset=\"http:\/\/www.quiltingstudio.hu\/blog\/wp-content\/uploads\/2013\/02\/stab-266x300.jpg 266w, http:\/\/www.quiltingstudio.hu\/blog\/wp-content\/uploads\/2013\/02\/stab.jpg 806w\" sizes=\"(max-width: 266px) 100vw, 266px\" \/><\/a><p id=\"caption-attachment-4184\" class=\"wp-caption-text\">Feljel\u00f6lve<\/p><\/div>\n<p>Ez az\u00e9rt fontos, mert azt szeretn\u00e9nk, hogy a takar\u00f3n\u00e1l majd sz\u00e9pen tal\u00e1lkozzanak a cs\u00edkok. A varr\u00e1sr\u00e1hagy\u00e1shoz kell illeszteni az els\u0151 cs\u00edkot (err\u0151l m\u00e1r \u00edrtam a takar\u00f3s bejegyz\u00e9semben) sz\u00edn\u00e9vel felfel\u00e9.<\/p>\n<div id=\"attachment_4185\" style=\"width: 310px\" class=\"wp-caption alignnone\"><a href=\"http:\/\/www.quiltingstudio.hu\/blog\/wp-content\/uploads\/2013\/02\/elsosor.jpg\"><img aria-describedby=\"caption-attachment-4185\" decoding=\"async\" loading=\"lazy\" class=\"size-medium wp-image-4185\" title=\"elsosor\" src=\"http:\/\/www.quiltingstudio.hu\/blog\/wp-content\/uploads\/2013\/02\/elsosor-300x283.jpg\" alt=\"\" width=\"300\" height=\"283\" srcset=\"http:\/\/www.quiltingstudio.hu\/blog\/wp-content\/uploads\/2013\/02\/elsosor-300x283.jpg 300w, http:\/\/www.quiltingstudio.hu\/blog\/wp-content\/uploads\/2013\/02\/elsosor.jpg 806w\" sizes=\"(max-width: 300px) 100vw, 300px\" \/><\/a><p id=\"caption-attachment-4185\" class=\"wp-caption-text\">Els\u0151 sor<\/p><\/div>\n<p>A varr\u00e1sokat sz\u00e9tnyitottam, hogy ne legyen sok anyag egy helyen. Erre helyeztem r\u00e1 sz\u00ednt sz\u00edn\u00e9vel a k\u00f6vetkez\u0151 sort. A legkisebb varr\u00e1sr\u00e1hagy\u00e1st haszn\u00e1ltam, amit a Bernina tud.<\/p>\n<div id=\"attachment_4186\" style=\"width: 310px\" class=\"wp-caption alignnone\"><a href=\"http:\/\/www.quiltingstudio.hu\/blog\/wp-content\/uploads\/2013\/02\/masodik-sor.jpg\"><img aria-describedby=\"caption-attachment-4186\" decoding=\"async\" loading=\"lazy\" class=\"size-medium wp-image-4186\" title=\"masodik sor\" src=\"http:\/\/www.quiltingstudio.hu\/blog\/wp-content\/uploads\/2013\/02\/masodik-sor-300x273.jpg\" alt=\"\" width=\"300\" height=\"273\" srcset=\"http:\/\/www.quiltingstudio.hu\/blog\/wp-content\/uploads\/2013\/02\/masodik-sor-300x273.jpg 300w, http:\/\/www.quiltingstudio.hu\/blog\/wp-content\/uploads\/2013\/02\/masodik-sor.jpg 806w\" sizes=\"(max-width: 300px) 100vw, 300px\" \/><\/a><p id=\"caption-attachment-4186\" class=\"wp-caption-text\">M\u00e1sodik sor<\/p><\/div>\n<p>Arra kell figyelni, hogy ha egy m\u00f3d van r\u00e1, az \u00f6sszevarr\u00e1sok ne tal\u00e1lkozzanak, ink\u00e1bb &#8222;k\u00f6t\u00e9sben&#8221; legyenek.<\/p>\n<p>Azt\u00e1n vasalunk&#8230;(nem akarom, hogy hull\u00e1mos legyen, ink\u00e1bb vasalok)<\/p>\n<div id=\"attachment_4187\" style=\"width: 310px\" class=\"wp-caption alignnone\"><a href=\"http:\/\/www.quiltingstudio.hu\/blog\/wp-content\/uploads\/2013\/02\/elsoketto.jpg\"><img aria-describedby=\"caption-attachment-4187\" decoding=\"async\" loading=\"lazy\" class=\"size-medium wp-image-4187\" title=\"elsoketto\" src=\"http:\/\/www.quiltingstudio.hu\/blog\/wp-content\/uploads\/2013\/02\/elsoketto-300x273.jpg\" alt=\"\" width=\"300\" height=\"273\" srcset=\"http:\/\/www.quiltingstudio.hu\/blog\/wp-content\/uploads\/2013\/02\/elsoketto-300x273.jpg 300w, http:\/\/www.quiltingstudio.hu\/blog\/wp-content\/uploads\/2013\/02\/elsoketto.jpg 806w\" sizes=\"(max-width: 300px) 100vw, 300px\" \/><\/a><p id=\"caption-attachment-4187\" class=\"wp-caption-text\">\u00c9n mindig sz\u00e9tvasalom<\/p><\/div>\n<p>azt\u00e1n mink\u00e9t oldalra j\u00f6het egy-egy \u00fajabb sor.<\/p>\n<div id=\"attachment_4188\" style=\"width: 310px\" class=\"wp-caption alignnone\"><a href=\"http:\/\/www.quiltingstudio.hu\/blog\/wp-content\/uploads\/2013\/02\/kovetkezo-sorok.jpg\"><img aria-describedby=\"caption-attachment-4188\" decoding=\"async\" loading=\"lazy\" class=\"size-medium wp-image-4188\" title=\"kovetkezo sorok\" src=\"http:\/\/www.quiltingstudio.hu\/blog\/wp-content\/uploads\/2013\/02\/kovetkezo-sorok-300x285.jpg\" alt=\"\" width=\"300\" height=\"285\" srcset=\"http:\/\/www.quiltingstudio.hu\/blog\/wp-content\/uploads\/2013\/02\/kovetkezo-sorok-300x285.jpg 300w, http:\/\/www.quiltingstudio.hu\/blog\/wp-content\/uploads\/2013\/02\/kovetkezo-sorok.jpg 806w\" sizes=\"(max-width: 300px) 100vw, 300px\" \/><\/a><p id=\"caption-attachment-4188\" class=\"wp-caption-text\">Sz\u00e9p sorban<\/p><\/div>\n<p>Az \u00e1tl\u00f3t\u00f3l jobbra is \u00e9s balra is 3-3 sort varrok.<\/p>\n<p>Ha az el\u0151re \u00f6sszevarrt cs\u00edkb\u00f3l marad egy kev\u00e9s csak elv\u00e1gom egyenesen \u00e9s hozz\u00e1varrom egy m\u00e1sikhoz. Ne vesszen k\u00e1rba. Kicsit k\u00f6nnyebb<\/p>\n<p>vele majd a t\u0171z\u00e9skor dolgozni, ha a cs\u00facsokba nem tesz\u00fcnk \u00f6sszevarrt darabot. Ott am\u00fagy is sok az anyag, feleslegesen ne n\u00f6velj\u00fck .<\/p>\n<div id=\"attachment_4189\" style=\"width: 310px\" class=\"wp-caption alignnone\"><a href=\"http:\/\/www.quiltingstudio.hu\/blog\/wp-content\/uploads\/2013\/02\/haromszog.jpg\"><img aria-describedby=\"caption-attachment-4189\" decoding=\"async\" loading=\"lazy\" class=\"size-medium wp-image-4189\" title=\"haromszog\" src=\"http:\/\/www.quiltingstudio.hu\/blog\/wp-content\/uploads\/2013\/02\/haromszog-300x288.jpg\" alt=\"\" width=\"300\" height=\"288\" srcset=\"http:\/\/www.quiltingstudio.hu\/blog\/wp-content\/uploads\/2013\/02\/haromszog-300x288.jpg 300w, http:\/\/www.quiltingstudio.hu\/blog\/wp-content\/uploads\/2013\/02\/haromszog.jpg 806w\" sizes=\"(max-width: 300px) 100vw, 300px\" \/><\/a><p id=\"caption-attachment-4189\" class=\"wp-caption-text\">H\u00e1romsz\u00f6gek<\/p><\/div>\n<p>Egy vonalz\u00f3val \u00e9s egy filccel megjel\u00f6ltem a m\u00e1sik \u00e1tl\u00f3t \u00e9s ide illesztem az el\u0151re kiszabott (16x16cm n\u00e9gyzetek diagon\u00e1l elv\u00e1gva) h\u00e1romsz\u00f6geket k\u00f6z\u00e9ppontosan.<\/p>\n<p>Levarrom, vasalom.<\/p>\n<p>Itt most egy olyan blokkot k\u00e9sz\u00edtettem, ahol a m\u00e1sik oldala fekete.<\/p>\n<p>Most j\u00f6n a zseni\u00e1lis forgathat\u00f3 v\u00e1g\u00f3lap.<\/p>\n<div id=\"attachment_4190\" style=\"width: 310px\" class=\"wp-caption alignnone\"><a href=\"http:\/\/www.quiltingstudio.hu\/blog\/wp-content\/uploads\/2013\/02\/hatoldal.jpg\"><img aria-describedby=\"caption-attachment-4190\" decoding=\"async\" loading=\"lazy\" class=\"size-medium wp-image-4190\" title=\"hatoldal\" src=\"http:\/\/www.quiltingstudio.hu\/blog\/wp-content\/uploads\/2013\/02\/hatoldal-300x288.jpg\" alt=\"\" width=\"300\" height=\"288\" srcset=\"http:\/\/www.quiltingstudio.hu\/blog\/wp-content\/uploads\/2013\/02\/hatoldal-300x288.jpg 300w, http:\/\/www.quiltingstudio.hu\/blog\/wp-content\/uploads\/2013\/02\/hatoldal.jpg 806w\" sizes=\"(max-width: 300px) 100vw, 300px\" \/><\/a><p id=\"caption-attachment-4190\" class=\"wp-caption-text\">H\u00e1toldala<\/p><\/div>\n<p>K\u00e9t lehet\u0151s\u00e9gem van, vagy k\u00f6rbev\u00e1gom a stabiliz\u00e1tort \u00e9s kapok egy 23&#215;23 cm-es n\u00e9gyzetet.<\/p>\n<p>Vagy a sz\u00edn\u00e9re r\u00e1teszek egy kisebb pl.20&#215;20 cm-es vonalz\u00f3t, amit az \u00e1tl\u00f3ra helyezve v\u00e1gok k\u00f6rbe.<\/p>\n<p>Teljesen mindegy. A l\u00e9nyeg, hogy egyforma blokkokat k\u00e9sz\u00edts\u00fcnk \u00e9s az els\u0151 varr\u00e1s pont az \u00e1tl\u00f3ban legyen.<\/p>\n<div id=\"attachment_4192\" style=\"width: 310px\" class=\"wp-caption alignnone\"><a href=\"http:\/\/www.quiltingstudio.hu\/blog\/wp-content\/uploads\/2013\/02\/4blokk.jpg\"><img aria-describedby=\"caption-attachment-4192\" decoding=\"async\" loading=\"lazy\" class=\"size-medium wp-image-4192\" title=\"4blokk\" src=\"http:\/\/www.quiltingstudio.hu\/blog\/wp-content\/uploads\/2013\/02\/4blokk-300x300.jpg\" alt=\"\" width=\"300\" height=\"300\" srcset=\"http:\/\/www.quiltingstudio.hu\/blog\/wp-content\/uploads\/2013\/02\/4blokk-300x300.jpg 300w, http:\/\/www.quiltingstudio.hu\/blog\/wp-content\/uploads\/2013\/02\/4blokk-150x150.jpg 150w, http:\/\/www.quiltingstudio.hu\/blog\/wp-content\/uploads\/2013\/02\/4blokk.jpg 705w\" sizes=\"(max-width: 300px) 100vw, 300px\" \/><\/a><p id=\"caption-attachment-4192\" class=\"wp-caption-text\">4 blokk<\/p><\/div>\n<p>A t\u00f6bbi m\u00e1r a fant\u00e1zi\u00e1nkon \u00e9s a marad\u00e9kainkon m\u00falik.<\/p>\n<p><span style=\"text-decoration: underline;\">Javaslat:<\/span> az utols\u00f3 sorba ne ker\u00fclj\u00f6n olyan sz\u00edn, mint a h\u00e1romsz\u00f6g. Ugyanis az t\u00e1volabbr\u00f3l n\u00e9zve egybeolvad vele \u00e9s nem j\u00f6n ki sz\u00e9pen a n\u00e9gyzet!<\/p>\n<div id=\"attachment_4193\" style=\"width: 310px\" class=\"wp-caption alignnone\"><a href=\"http:\/\/www.quiltingstudio.hu\/blog\/wp-content\/uploads\/2013\/02\/kesz-block1.jpg\"><img aria-describedby=\"caption-attachment-4193\" decoding=\"async\" loading=\"lazy\" class=\"size-medium wp-image-4193\" title=\"kesz block\" src=\"http:\/\/www.quiltingstudio.hu\/blog\/wp-content\/uploads\/2013\/02\/kesz-block1-300x297.jpg\" alt=\"\" width=\"300\" height=\"297\" srcset=\"http:\/\/www.quiltingstudio.hu\/blog\/wp-content\/uploads\/2013\/02\/kesz-block1-300x297.jpg 300w, http:\/\/www.quiltingstudio.hu\/blog\/wp-content\/uploads\/2013\/02\/kesz-block1-150x150.jpg 150w, http:\/\/www.quiltingstudio.hu\/blog\/wp-content\/uploads\/2013\/02\/kesz-block1.jpg 806w\" sizes=\"(max-width: 300px) 100vw, 300px\" \/><\/a><p id=\"caption-attachment-4193\" class=\"wp-caption-text\">K\u00e9sz blokk<\/p><\/div>\n<p>M\u00e1r csak 47 darabot kell megvarrni a takar\u00f3mhoz!<\/p>\n<p>Sok sikert \u00e9s kitart\u00e1st k\u00edv\u00e1nok hozz\u00e1 mindenkinek!<\/p>\n<p>&nbsp;<\/p>\n","protected":false},"excerpt":{"rendered":"<p>\u00dagy vettem \u00e9szre, hogy sokaknak tetszik ez a takar\u00f3. Helyesb\u00edtek: a sok-sok marad\u00e9k felhaszn\u00e1l\u00e1si m\u00f3dja. Ez\u00e9rt megmutatom a blokkot is, amib\u0151l k\u00e9sz\u00fclt. L\u00e9p\u00e9sr\u0151l- l\u00e9p\u00e9sre&#8230; Els\u0151 l\u00e9p\u00e9s volt, hogy megterveztem az EQ-ban (Electric Quilt szoftverrel ) a blokkot. Ha ez megvan, innen m\u00e1r gyerekj\u00e1t\u00e9k a takar\u00f3 megtervez\u00e9se. \u00c9n a cs\u00edkokat nem 45 fokban varrtam \u00f6ssze, csak [&hellip;]<\/p>\n","protected":false},"author":1,"featured_media":0,"comment_status":"open","ping_status":"closed","sticky":false,"template":"","format":"standard","meta":[],"categories":[3],"tags":[],"aioseo_notices":[],"views":2645,"_links":{"self":[{"href":"http:\/\/www.quiltingstudio.hu\/blog\/index.php?rest_route=\/wp\/v2\/posts\/4182"}],"collection":[{"href":"http:\/\/www.quiltingstudio.hu\/blog\/index.php?rest_route=\/wp\/v2\/posts"}],"about":[{"href":"http:\/\/www.quiltingstudio.hu\/blog\/index.php?rest_route=\/wp\/v2\/types\/post"}],"author":[{"embeddable":true,"href":"http:\/\/www.quiltingstudio.hu\/blog\/index.php?rest_route=\/wp\/v2\/users\/1"}],"replies":[{"embeddable":true,"href":"http:\/\/www.quiltingstudio.hu\/blog\/index.php?rest_route=%2Fwp%2Fv2%2Fcomments&post=4182"}],"version-history":[{"count":3,"href":"http:\/\/www.quiltingstudio.hu\/blog\/index.php?rest_route=\/wp\/v2\/posts\/4182\/revisions"}],"predecessor-version":[{"id":4196,"href":"http:\/\/www.quiltingstudio.hu\/blog\/index.php?rest_route=\/wp\/v2\/posts\/4182\/revisions\/4196"}],"wp:attachment":[{"href":"http:\/\/www.quiltingstudio.hu\/blog\/index.php?rest_route=%2Fwp%2Fv2%2Fmedia&parent=4182"}],"wp:term":[{"taxonomy":"category","embeddable":true,"href":"http:\/\/www.quiltingstudio.hu\/blog\/index.php?rest_route=%2Fwp%2Fv2%2Fcategories&post=4182"},{"taxonomy":"post_tag","embeddable":true,"href":"http:\/\/www.quiltingstudio.hu\/blog\/index.php?rest_route=%2Fwp%2Fv2%2Ftags&post=4182"}],"curies":[{"name":"wp","href":"https:\/\/api.w.org\/{rel}","templated":true}]}}