{"id":42,"date":"2007-10-26T15:09:43","date_gmt":"2007-10-26T13:09:43","guid":{"rendered":"http:\/\/www.quiltingstudio.hu\/blog\/?p=42"},"modified":"2007-10-29T11:08:43","modified_gmt":"2007-10-29T09:08:43","slug":"homeberes-bebi-takaro","status":"publish","type":"post","link":"http:\/\/www.quiltingstudio.hu\/blog\/?p=42","title":{"rendered":"H\u00f3emberes  b\u00e9bi takar\u00f3"},"content":{"rendered":"<p>Elkezdtem egy \u00faj takar\u00f3t alkotni, ami hasonl\u00f3 lesz a macis k\u00e9k sz\u00edn\u0171 takar\u00f3hoz. A hasonl\u00f3s\u00e1g az, hogy ez is \u00e9l\u00e9re \u00e1ll\u00edtott h\u00edmzett blokkokb\u00f3l \u00e9s foltvarrott blokkokb\u00f3l k\u00e9sz\u00fcl. Miut\u00e1n egy kisl\u00e1ny\u00e9 lesz, csupa csupa r\u00f3zsasz\u00ednekb\u0151l \u00e1ll, \u00edzel\u00edt\u0151 a h\u00edmzett blokkokb\u00f3l:<\/p>\n<p><img decoding=\"async\" src=\"http:\/\/www.quiltingstudio.hu\/blog\/wp-content\/uploads\/2007\/10\/hoember3.nezokep.jpg\" alt=\"hoember3.jpg\" title=\"hoember3.jpg\" \/><\/p>\n<p><img decoding=\"async\" src=\"http:\/\/www.quiltingstudio.hu\/blog\/wp-content\/uploads\/2007\/10\/hoember5.nezokep.jpg\" alt=\"hoember5.jpg\" \/><\/p>\n<p><img decoding=\"async\" src=\"http:\/\/www.quiltingstudio.hu\/blog\/wp-content\/uploads\/2007\/10\/hoember21.nezokep.JPG\" alt=\"hoember21.JPG\" \/><\/p>\n<p><a href=\"http:\/\/www.quiltingstudio.hu\/blog\/wp-content\/uploads\/2007\/10\/hoember4.jpg\" title=\"hoember4.jpg\"><\/a><\/p>\n","protected":false},"excerpt":{"rendered":"<p>Elkezdtem egy \u00faj takar\u00f3t alkotni, ami hasonl\u00f3 lesz a macis k\u00e9k sz\u00edn\u0171 takar\u00f3hoz. A hasonl\u00f3s\u00e1g az, hogy ez is \u00e9l\u00e9re \u00e1ll\u00edtott h\u00edmzett blokkokb\u00f3l \u00e9s foltvarrott blokkokb\u00f3l k\u00e9sz\u00fcl. Miut\u00e1n egy kisl\u00e1ny\u00e9 lesz, csupa csupa r\u00f3zsasz\u00ednekb\u0151l \u00e1ll, \u00edzel\u00edt\u0151 a h\u00edmzett blokkokb\u00f3l:<\/p>\n","protected":false},"author":1,"featured_media":0,"comment_status":"open","ping_status":"open","sticky":false,"template":"","format":"standard","meta":[],"categories":[3,4],"tags":[],"aioseo_notices":[],"views":2280,"_links":{"self":[{"href":"http:\/\/www.quiltingstudio.hu\/blog\/index.php?rest_route=\/wp\/v2\/posts\/42"}],"collection":[{"href":"http:\/\/www.quiltingstudio.hu\/blog\/index.php?rest_route=\/wp\/v2\/posts"}],"about":[{"href":"http:\/\/www.quiltingstudio.hu\/blog\/index.php?rest_route=\/wp\/v2\/types\/post"}],"author":[{"embeddable":true,"href":"http:\/\/www.quiltingstudio.hu\/blog\/index.php?rest_route=\/wp\/v2\/users\/1"}],"replies":[{"embeddable":true,"href":"http:\/\/www.quiltingstudio.hu\/blog\/index.php?rest_route=%2Fwp%2Fv2%2Fcomments&post=42"}],"version-history":[{"count":0,"href":"http:\/\/www.quiltingstudio.hu\/blog\/index.php?rest_route=\/wp\/v2\/posts\/42\/revisions"}],"wp:attachment":[{"href":"http:\/\/www.quiltingstudio.hu\/blog\/index.php?rest_route=%2Fwp%2Fv2%2Fmedia&parent=42"}],"wp:term":[{"taxonomy":"category","embeddable":true,"href":"http:\/\/www.quiltingstudio.hu\/blog\/index.php?rest_route=%2Fwp%2Fv2%2Fcategories&post=42"},{"taxonomy":"post_tag","embeddable":true,"href":"http:\/\/www.quiltingstudio.hu\/blog\/index.php?rest_route=%2Fwp%2Fv2%2Ftags&post=42"}],"curies":[{"name":"wp","href":"https:\/\/api.w.org\/{rel}","templated":true}]}}