{"id":420,"date":"2008-05-31T15:32:22","date_gmt":"2008-05-31T13:32:22","guid":{"rendered":"http:\/\/www.quiltingstudio.hu\/blog\/?p=420"},"modified":"2008-05-31T15:36:32","modified_gmt":"2008-05-31T13:36:32","slug":"kaktusz-virag","status":"publish","type":"post","link":"http:\/\/www.quiltingstudio.hu\/blog\/?p=420","title":{"rendered":"Kaktusz vir\u00e1g&#8230;"},"content":{"rendered":"<p><a href=\"http:\/\/www.quiltingstudio.hu\/blog\/wp-content\/uploads\/2008\/05\/img_7380v21.jpg\"><img decoding=\"async\" loading=\"lazy\" class=\"alignnone size-full wp-image-423\" title=\"img_7380v21\" src=\"http:\/\/www.quiltingstudio.hu\/blog\/wp-content\/uploads\/2008\/05\/img_7380v21.jpg\" alt=\"\" width=\"422\" height=\"317\" srcset=\"http:\/\/www.quiltingstudio.hu\/blog\/wp-content\/uploads\/2008\/05\/img_7380v21.jpg 422w, http:\/\/www.quiltingstudio.hu\/blog\/wp-content\/uploads\/2008\/05\/img_7380v21-300x225.jpg 300w\" sizes=\"(max-width: 422px) 100vw, 422px\" \/><\/a><\/p>\n<p>\u00c9n csak amat\u0151r fot\u00f3s vagyok, de \u00e1ltal\u00e1ban az es\u00e9lytelenek nyugalm\u00e1val k\u00e9sz\u00edtgetem a k\u00e9peket. Vagy siker\u00fcl vagy nem, legfeljebb kit\u00f6rl\u00f6m \u00e9s kezdj\u00fck el\u0151r\u0151l. \u0150k nem szaladnak el!!!<\/p>\n<p>Ez a leg\u00fajabb macro fot\u00f3m a keddi ici-pici kaktusz vir\u00e1g\u00e1r\u00f3l, mikor ny\u00edlik.<\/p>\n","protected":false},"excerpt":{"rendered":"<p>\u00c9n csak amat\u0151r fot\u00f3s vagyok, de \u00e1ltal\u00e1ban az es\u00e9lytelenek nyugalm\u00e1val k\u00e9sz\u00edtgetem a k\u00e9peket. Vagy siker\u00fcl vagy nem, legfeljebb kit\u00f6rl\u00f6m \u00e9s kezdj\u00fck el\u0151r\u0151l. \u0150k nem szaladnak el!!! Ez a leg\u00fajabb macro fot\u00f3m a keddi ici-pici kaktusz vir\u00e1g\u00e1r\u00f3l, mikor ny\u00edlik.<\/p>\n","protected":false},"author":1,"featured_media":0,"comment_status":"open","ping_status":"closed","sticky":false,"template":"","format":"standard","meta":[],"categories":[8],"tags":[],"aioseo_notices":[],"views":1934,"_links":{"self":[{"href":"http:\/\/www.quiltingstudio.hu\/blog\/index.php?rest_route=\/wp\/v2\/posts\/420"}],"collection":[{"href":"http:\/\/www.quiltingstudio.hu\/blog\/index.php?rest_route=\/wp\/v2\/posts"}],"about":[{"href":"http:\/\/www.quiltingstudio.hu\/blog\/index.php?rest_route=\/wp\/v2\/types\/post"}],"author":[{"embeddable":true,"href":"http:\/\/www.quiltingstudio.hu\/blog\/index.php?rest_route=\/wp\/v2\/users\/1"}],"replies":[{"embeddable":true,"href":"http:\/\/www.quiltingstudio.hu\/blog\/index.php?rest_route=%2Fwp%2Fv2%2Fcomments&post=420"}],"version-history":[{"count":0,"href":"http:\/\/www.quiltingstudio.hu\/blog\/index.php?rest_route=\/wp\/v2\/posts\/420\/revisions"}],"wp:attachment":[{"href":"http:\/\/www.quiltingstudio.hu\/blog\/index.php?rest_route=%2Fwp%2Fv2%2Fmedia&parent=420"}],"wp:term":[{"taxonomy":"category","embeddable":true,"href":"http:\/\/www.quiltingstudio.hu\/blog\/index.php?rest_route=%2Fwp%2Fv2%2Fcategories&post=420"},{"taxonomy":"post_tag","embeddable":true,"href":"http:\/\/www.quiltingstudio.hu\/blog\/index.php?rest_route=%2Fwp%2Fv2%2Ftags&post=420"}],"curies":[{"name":"wp","href":"https:\/\/api.w.org\/{rel}","templated":true}]}}