{"id":425,"date":"2008-06-07T19:45:07","date_gmt":"2008-06-07T17:45:07","guid":{"rendered":"http:\/\/www.quiltingstudio.hu\/blog\/?p=425"},"modified":"2008-06-07T19:55:58","modified_gmt":"2008-06-07T17:55:58","slug":"recycled-iii","status":"publish","type":"post","link":"http:\/\/www.quiltingstudio.hu\/blog\/?p=425","title":{"rendered":"Recycled III."},"content":{"rendered":"<p>K\u00e9sz\u00edtettem n\u00e9h\u00e1ny aranyos kis t\u00e1lat aj\u00e1nd\u00e9kba.<br \/>\n<a href=\"http:\/\/www.quiltingstudio.hu\/blog\/wp-content\/uploads\/2008\/06\/talak-tele.jpg\"><img decoding=\"async\" loading=\"lazy\" class=\"aligncenter size-medium wp-image-427\" title=\"talak-tele\" src=\"http:\/\/www.quiltingstudio.hu\/blog\/wp-content\/uploads\/2008\/06\/talak-tele-300x188.jpg\" alt=\"mi mindenre j\u00f3\" width=\"300\" height=\"188\" srcset=\"http:\/\/www.quiltingstudio.hu\/blog\/wp-content\/uploads\/2008\/06\/talak-tele-300x188.jpg 300w, http:\/\/www.quiltingstudio.hu\/blog\/wp-content\/uploads\/2008\/06\/talak-tele.jpg 482w\" sizes=\"(max-width: 300px) 100vw, 300px\" \/><\/a><br \/>\nA netet b\u00f6ng\u00e9szve tal\u00e1ltam r\u00e1 ennek a technik\u00e1nak a le\u00edr\u00e1sra. Nem kellett meszire menni, Fernande oldal\u00e1n a k\u00e9pekkel illusztr\u00e1lt le\u00edr\u00e1s. ( bal oldalt a blogrollomban megtal\u00e1lj\u00e1tok)<\/p>\n<p><!--more--><\/p>\n<p>Miut\u00e1n \u00e9n m\u00e1r kipr\u00f3b\u00e1ltam, gyorsan \u00f6sszefoglalom :<\/p>\n<p><a href=\"http:\/\/www.quiltingstudio.hu\/blog\/wp-content\/uploads\/2008\/06\/talak.jpg\"><img decoding=\"async\" loading=\"lazy\" class=\"aligncenter size-medium wp-image-426\" title=\"talak\" src=\"http:\/\/www.quiltingstudio.hu\/blog\/wp-content\/uploads\/2008\/06\/talak-300x181.jpg\" alt=\"Textil t\u00e1lak\" width=\"300\" height=\"181\" srcset=\"http:\/\/www.quiltingstudio.hu\/blog\/wp-content\/uploads\/2008\/06\/talak-300x181.jpg 300w, http:\/\/www.quiltingstudio.hu\/blog\/wp-content\/uploads\/2008\/06\/talak.jpg 482w\" sizes=\"(max-width: 300px) 100vw, 300px\" \/><\/a><\/p>\n<p><em><strong>Kell hozz\u00e1<\/strong><\/em> ( \u00e9s ez a nagyszer\u0171 benne!!!) b\u00e1rmilyen marad\u00e9k anyag, cs\u00edkok ( de <span style=\"color: #ff6600;\"><strong>nem<\/strong><\/span> fedep\u00e1nt) form\u00e1j\u00e1ban. \u00c9n ezeket eddig is gy\u0171jt\u00f6ttem, legk\u00f6zelebb azokb\u00f3l is fogok egyet k\u00e9sz\u00edteni.<\/p>\n<p><strong><em>Kell hozz\u00e1 <\/em><\/strong>kb.6mm-es zsin\u00f3r. ( \u00e9n csak 4 \u00e9s 5mm-t kaptam. A f\u00fcles kos\u00e1r a vastagabbal k\u00e9sz\u00fclt, a t\u00f6bbi a 4mm-sel.)<\/p>\n<p><strong><em>Kell hozz\u00e1<\/em><\/strong> egy vastag farmer varr\u00f3t\u0171,pl. 90 vagy 100-as.<\/p>\n<p><strong><em>K<\/em><\/strong><strong><em>ell hozz\u00e1 <\/em><\/strong>alul fel\u00fcl ugyanolyan sz\u00edn\u0171 c\u00e9rna \u00e9s ha van applik\u00e1l\u00f3 talp.<\/p>\n<p>Tal\u00e1l\u00f3s k\u00e9rd\u00e9s:<em> H\u00e1ny  m\u00e9ter zsin\u00f3rt haszn\u00e1ltam fel a t\u00e1lakhoz?<\/em><\/p>\n<p>Csak az\u00e9rt <strong>3db <\/strong>t\u00e1l k\u00e9sz\u00fclt , mert elfogyott a zsin\u00f3rom. :o(((<\/p>\n<p>Aj\u00e1nd\u00e9knak is kit\u0171n\u0151, pillanatok alatt elk\u00e9sz\u00edthet\u0151 \u00e9s igen j\u00f3 tart\u00e1sa van. Csak javasolni tudom mindenkinek!!<\/p>\n","protected":false},"excerpt":{"rendered":"<p>K\u00e9sz\u00edtettem n\u00e9h\u00e1ny aranyos kis t\u00e1lat aj\u00e1nd\u00e9kba. A netet b\u00f6ng\u00e9szve tal\u00e1ltam r\u00e1 ennek a technik\u00e1nak a le\u00edr\u00e1sra. Nem kellett meszire menni, Fernande oldal\u00e1n a k\u00e9pekkel illusztr\u00e1lt le\u00edr\u00e1s. ( bal oldalt a blogrollomban megtal\u00e1lj\u00e1tok)<\/p>\n","protected":false},"author":1,"featured_media":0,"comment_status":"open","ping_status":"closed","sticky":false,"template":"","format":"standard","meta":[],"categories":[3],"tags":[],"aioseo_notices":[],"views":3027,"_links":{"self":[{"href":"http:\/\/www.quiltingstudio.hu\/blog\/index.php?rest_route=\/wp\/v2\/posts\/425"}],"collection":[{"href":"http:\/\/www.quiltingstudio.hu\/blog\/index.php?rest_route=\/wp\/v2\/posts"}],"about":[{"href":"http:\/\/www.quiltingstudio.hu\/blog\/index.php?rest_route=\/wp\/v2\/types\/post"}],"author":[{"embeddable":true,"href":"http:\/\/www.quiltingstudio.hu\/blog\/index.php?rest_route=\/wp\/v2\/users\/1"}],"replies":[{"embeddable":true,"href":"http:\/\/www.quiltingstudio.hu\/blog\/index.php?rest_route=%2Fwp%2Fv2%2Fcomments&post=425"}],"version-history":[{"count":0,"href":"http:\/\/www.quiltingstudio.hu\/blog\/index.php?rest_route=\/wp\/v2\/posts\/425\/revisions"}],"wp:attachment":[{"href":"http:\/\/www.quiltingstudio.hu\/blog\/index.php?rest_route=%2Fwp%2Fv2%2Fmedia&parent=425"}],"wp:term":[{"taxonomy":"category","embeddable":true,"href":"http:\/\/www.quiltingstudio.hu\/blog\/index.php?rest_route=%2Fwp%2Fv2%2Fcategories&post=425"},{"taxonomy":"post_tag","embeddable":true,"href":"http:\/\/www.quiltingstudio.hu\/blog\/index.php?rest_route=%2Fwp%2Fv2%2Ftags&post=425"}],"curies":[{"name":"wp","href":"https:\/\/api.w.org\/{rel}","templated":true}]}}