{"id":4287,"date":"2013-04-12T21:13:34","date_gmt":"2013-04-12T19:13:34","guid":{"rendered":"http:\/\/www.quiltingstudio.hu\/blog\/?p=4287"},"modified":"2013-04-11T21:24:48","modified_gmt":"2013-04-11T19:24:48","slug":"viragok","status":"publish","type":"post","link":"http:\/\/www.quiltingstudio.hu\/blog\/?p=4287","title":{"rendered":"Vir\u00e1gok&#8230;"},"content":{"rendered":"<p>M\u00e1r j\u00f6n a tavasz \u00e9s ez nem csak a felhaszn\u00e1lt sz\u00edneken l\u00e1tszik&#8230;<\/p>\n<div id=\"attachment_4288\" style=\"width: 310px\" class=\"wp-caption alignnone\"><a href=\"http:\/\/www.quiltingstudio.hu\/blog\/wp-content\/uploads\/2013\/04\/viragok_kesz.jpg\"><img aria-describedby=\"caption-attachment-4288\" decoding=\"async\" loading=\"lazy\" class=\"size-medium wp-image-4288\" title=\"viragok_kesz\" src=\"http:\/\/www.quiltingstudio.hu\/blog\/wp-content\/uploads\/2013\/04\/viragok_kesz-300x297.jpg\" alt=\"\" width=\"300\" height=\"297\" srcset=\"http:\/\/www.quiltingstudio.hu\/blog\/wp-content\/uploads\/2013\/04\/viragok_kesz-300x297.jpg 300w, http:\/\/www.quiltingstudio.hu\/blog\/wp-content\/uploads\/2013\/04\/viragok_kesz-150x150.jpg 150w, http:\/\/www.quiltingstudio.hu\/blog\/wp-content\/uploads\/2013\/04\/viragok_kesz.jpg 804w\" sizes=\"(max-width: 300px) 100vw, 300px\" \/><\/a><p id=\"caption-attachment-4288\" class=\"wp-caption-text\">let\u0171zve, keretezve<\/p><\/div>\n<p>Ez egy nagyon j\u00f3 j\u00e1t\u00e9k, \u00e9rdemes kipr\u00f3b\u00e1lni.<\/p>\n<p><a href=\"http:\/\/www.suebenner.com\/\" target=\"_blank\">Sue Benner<\/a> a kital\u00e1l\u00f3ja, az \u0151 oldal\u00e1n tal\u00e1ltam \u00e9n is.<\/p>\n<p>Persze, hogy ragaszt\u00f3s applik\u00e1ci\u00f3. Batikolt anyagok \u00e9s egy kis molino a h\u00e1tt\u00e9rnek.<\/p>\n<p>Annyira megtetszett, hogy tervezem k\u00e9sz\u00edtek egy m\u00e1sikat is, m\u00e1s sz\u00ednekkel \u00e9s m\u00e1s elrendez\u00e9sben.<\/p>\n<p>A m\u00e9rete 85&#215;85 cm, annyira nem kicsi.<\/p>\n","protected":false},"excerpt":{"rendered":"<p>M\u00e1r j\u00f6n a tavasz \u00e9s ez nem csak a felhaszn\u00e1lt sz\u00edneken l\u00e1tszik&#8230; Ez egy nagyon j\u00f3 j\u00e1t\u00e9k, \u00e9rdemes kipr\u00f3b\u00e1lni. Sue Benner a kital\u00e1l\u00f3ja, az \u0151 oldal\u00e1n tal\u00e1ltam \u00e9n is. Persze, hogy ragaszt\u00f3s applik\u00e1ci\u00f3. Batikolt anyagok \u00e9s egy kis molino a h\u00e1tt\u00e9rnek. Annyira megtetszett, hogy tervezem k\u00e9sz\u00edtek egy m\u00e1sikat is, m\u00e1s sz\u00ednekkel \u00e9s m\u00e1s elrendez\u00e9sben. A [&hellip;]<\/p>\n","protected":false},"author":1,"featured_media":0,"comment_status":"open","ping_status":"closed","sticky":false,"template":"","format":"standard","meta":[],"categories":[3],"tags":[],"aioseo_notices":[],"views":1969,"_links":{"self":[{"href":"http:\/\/www.quiltingstudio.hu\/blog\/index.php?rest_route=\/wp\/v2\/posts\/4287"}],"collection":[{"href":"http:\/\/www.quiltingstudio.hu\/blog\/index.php?rest_route=\/wp\/v2\/posts"}],"about":[{"href":"http:\/\/www.quiltingstudio.hu\/blog\/index.php?rest_route=\/wp\/v2\/types\/post"}],"author":[{"embeddable":true,"href":"http:\/\/www.quiltingstudio.hu\/blog\/index.php?rest_route=\/wp\/v2\/users\/1"}],"replies":[{"embeddable":true,"href":"http:\/\/www.quiltingstudio.hu\/blog\/index.php?rest_route=%2Fwp%2Fv2%2Fcomments&post=4287"}],"version-history":[{"count":6,"href":"http:\/\/www.quiltingstudio.hu\/blog\/index.php?rest_route=\/wp\/v2\/posts\/4287\/revisions"}],"predecessor-version":[{"id":4308,"href":"http:\/\/www.quiltingstudio.hu\/blog\/index.php?rest_route=\/wp\/v2\/posts\/4287\/revisions\/4308"}],"wp:attachment":[{"href":"http:\/\/www.quiltingstudio.hu\/blog\/index.php?rest_route=%2Fwp%2Fv2%2Fmedia&parent=4287"}],"wp:term":[{"taxonomy":"category","embeddable":true,"href":"http:\/\/www.quiltingstudio.hu\/blog\/index.php?rest_route=%2Fwp%2Fv2%2Fcategories&post=4287"},{"taxonomy":"post_tag","embeddable":true,"href":"http:\/\/www.quiltingstudio.hu\/blog\/index.php?rest_route=%2Fwp%2Fv2%2Ftags&post=4287"}],"curies":[{"name":"wp","href":"https:\/\/api.w.org\/{rel}","templated":true}]}}