{"id":4299,"date":"2013-04-11T21:12:48","date_gmt":"2013-04-11T19:12:48","guid":{"rendered":"http:\/\/www.quiltingstudio.hu\/blog\/?p=4299"},"modified":"2013-04-11T21:24:23","modified_gmt":"2013-04-11T19:24:23","slug":"kultura-quiltek-4","status":"publish","type":"post","link":"http:\/\/www.quiltingstudio.hu\/blog\/?p=4299","title":{"rendered":"Kult\u00fara quiltek&#8230;"},"content":{"rendered":"<p>a k\u00f6vetkez\u0151 \u00e1llom\u00e1s \u00daj Z\u00e9land lesz.<\/p>\n<p>\u00c9n m\u00e1r k\u00e9szen is vagyok a k\u00e9pemmel.<\/p>\n<div id=\"attachment_4300\" style=\"width: 160px\" class=\"wp-caption alignnone\"><a href=\"http:\/\/www.quiltingstudio.hu\/blog\/wp-content\/uploads\/2013\/04\/k\u00e9rd\u0151jel.jpg\"><img aria-describedby=\"caption-attachment-4300\" decoding=\"async\" loading=\"lazy\" class=\"size-full wp-image-4300\" title=\"k\u00e9rd\u0151jel\" src=\"http:\/\/www.quiltingstudio.hu\/blog\/wp-content\/uploads\/2013\/04\/k\u00e9rd\u0151jel.jpg\" alt=\"\" width=\"150\" height=\"188\" \/><\/a><p id=\"caption-attachment-4300\" class=\"wp-caption-text\">Meglepet\u00e9s<\/p><\/div>\n<p>De m\u00e9g sajnos nem tehetem fel. Addig is keresek magamnak valami m\u00e1s elfoglalts\u00e1got. Mondjuk, ha kis\u00fctne a nap, elmenn\u00e9nk biciklizni&#8230;.<\/p>\n","protected":false},"excerpt":{"rendered":"<p>a k\u00f6vetkez\u0151 \u00e1llom\u00e1s \u00daj Z\u00e9land lesz. \u00c9n m\u00e1r k\u00e9szen is vagyok a k\u00e9pemmel. De m\u00e9g sajnos nem tehetem fel. Addig is keresek magamnak valami m\u00e1s elfoglalts\u00e1got. Mondjuk, ha kis\u00fctne a nap, elmenn\u00e9nk biciklizni&#8230;.<\/p>\n","protected":false},"author":1,"featured_media":0,"comment_status":"open","ping_status":"closed","sticky":false,"template":"","format":"standard","meta":[],"categories":[3],"tags":[],"aioseo_notices":[],"views":1705,"_links":{"self":[{"href":"http:\/\/www.quiltingstudio.hu\/blog\/index.php?rest_route=\/wp\/v2\/posts\/4299"}],"collection":[{"href":"http:\/\/www.quiltingstudio.hu\/blog\/index.php?rest_route=\/wp\/v2\/posts"}],"about":[{"href":"http:\/\/www.quiltingstudio.hu\/blog\/index.php?rest_route=\/wp\/v2\/types\/post"}],"author":[{"embeddable":true,"href":"http:\/\/www.quiltingstudio.hu\/blog\/index.php?rest_route=\/wp\/v2\/users\/1"}],"replies":[{"embeddable":true,"href":"http:\/\/www.quiltingstudio.hu\/blog\/index.php?rest_route=%2Fwp%2Fv2%2Fcomments&post=4299"}],"version-history":[{"count":4,"href":"http:\/\/www.quiltingstudio.hu\/blog\/index.php?rest_route=\/wp\/v2\/posts\/4299\/revisions"}],"predecessor-version":[{"id":4307,"href":"http:\/\/www.quiltingstudio.hu\/blog\/index.php?rest_route=\/wp\/v2\/posts\/4299\/revisions\/4307"}],"wp:attachment":[{"href":"http:\/\/www.quiltingstudio.hu\/blog\/index.php?rest_route=%2Fwp%2Fv2%2Fmedia&parent=4299"}],"wp:term":[{"taxonomy":"category","embeddable":true,"href":"http:\/\/www.quiltingstudio.hu\/blog\/index.php?rest_route=%2Fwp%2Fv2%2Fcategories&post=4299"},{"taxonomy":"post_tag","embeddable":true,"href":"http:\/\/www.quiltingstudio.hu\/blog\/index.php?rest_route=%2Fwp%2Fv2%2Ftags&post=4299"}],"curies":[{"name":"wp","href":"https:\/\/api.w.org\/{rel}","templated":true}]}}