{"id":4325,"date":"2013-04-20T19:26:55","date_gmt":"2013-04-20T17:26:55","guid":{"rendered":"http:\/\/www.quiltingstudio.hu\/blog\/?p=4325"},"modified":"2013-04-18T19:33:47","modified_gmt":"2013-04-18T17:33:47","slug":"bosszant","status":"publish","type":"post","link":"http:\/\/www.quiltingstudio.hu\/blog\/?p=4325","title":{"rendered":"Bosszant&#8230;"},"content":{"rendered":"<div id=\"attachment_4326\" style=\"width: 310px\" class=\"wp-caption alignnone\"><a href=\"http:\/\/www.quiltingstudio.hu\/blog\/wp-content\/uploads\/2013\/04\/agynemu1.jpg\"><img aria-describedby=\"caption-attachment-4326\" decoding=\"async\" loading=\"lazy\" class=\"size-medium wp-image-4326\" title=\"agynemu\" src=\"http:\/\/www.quiltingstudio.hu\/blog\/wp-content\/uploads\/2013\/04\/agynemu1-300x224.jpg\" alt=\"\" width=\"300\" height=\"224\" srcset=\"http:\/\/www.quiltingstudio.hu\/blog\/wp-content\/uploads\/2013\/04\/agynemu1-300x224.jpg 300w, http:\/\/www.quiltingstudio.hu\/blog\/wp-content\/uploads\/2013\/04\/agynemu1.jpg 805w\" sizes=\"(max-width: 300px) 100vw, 300px\" \/><\/a><p id=\"caption-attachment-4326\" class=\"wp-caption-text\">I.oszt\u00e1ly<\/p><\/div>\n<p>Felh\u00edvn\u00e1m a figyelmet jobbra kicsit fent, arra sz\u00e9p nagy lyukra.<\/p>\n<p>Most bontottam ki a gy\u00e1ri csomagol\u00e1s\u00e1b\u00f3l, vadi \u00faj \u00e1gynem\u0171. Mellette a c\u00edmke, ami bizony\u00edtja, milyen nagyszer\u0171 term\u00e9ket v\u00e1s\u00e1roltam.<\/p>\n<p>El\u00e9g sok fest\u00e9si, ill. nyom\u00e1shiba van rajta, \u00e9s helyenk\u00e9nt m\u00e1r most koszos. Ezt most boltban vettem, de \u00edg\u00e9rem, nem teszek ilyent t\u00f6bbet. Ink\u00e1bb keresek a piacon sz\u00e9pet, azt legal\u00e1bb megn\u00e9zhetem, miel\u0151tt megveszem.<\/p>\n","protected":false},"excerpt":{"rendered":"<p>Felh\u00edvn\u00e1m a figyelmet jobbra kicsit fent, arra sz\u00e9p nagy lyukra. Most bontottam ki a gy\u00e1ri csomagol\u00e1s\u00e1b\u00f3l, vadi \u00faj \u00e1gynem\u0171. Mellette a c\u00edmke, ami bizony\u00edtja, milyen nagyszer\u0171 term\u00e9ket v\u00e1s\u00e1roltam. El\u00e9g sok fest\u00e9si, ill. nyom\u00e1shiba van rajta, \u00e9s helyenk\u00e9nt m\u00e1r most koszos. Ezt most boltban vettem, de \u00edg\u00e9rem, nem teszek ilyent t\u00f6bbet. Ink\u00e1bb keresek a piacon sz\u00e9pet, [&hellip;]<\/p>\n","protected":false},"author":1,"featured_media":0,"comment_status":"open","ping_status":"closed","sticky":false,"template":"","format":"standard","meta":[],"categories":[3],"tags":[],"aioseo_notices":[],"views":2046,"_links":{"self":[{"href":"http:\/\/www.quiltingstudio.hu\/blog\/index.php?rest_route=\/wp\/v2\/posts\/4325"}],"collection":[{"href":"http:\/\/www.quiltingstudio.hu\/blog\/index.php?rest_route=\/wp\/v2\/posts"}],"about":[{"href":"http:\/\/www.quiltingstudio.hu\/blog\/index.php?rest_route=\/wp\/v2\/types\/post"}],"author":[{"embeddable":true,"href":"http:\/\/www.quiltingstudio.hu\/blog\/index.php?rest_route=\/wp\/v2\/users\/1"}],"replies":[{"embeddable":true,"href":"http:\/\/www.quiltingstudio.hu\/blog\/index.php?rest_route=%2Fwp%2Fv2%2Fcomments&post=4325"}],"version-history":[{"count":3,"href":"http:\/\/www.quiltingstudio.hu\/blog\/index.php?rest_route=\/wp\/v2\/posts\/4325\/revisions"}],"predecessor-version":[{"id":4329,"href":"http:\/\/www.quiltingstudio.hu\/blog\/index.php?rest_route=\/wp\/v2\/posts\/4325\/revisions\/4329"}],"wp:attachment":[{"href":"http:\/\/www.quiltingstudio.hu\/blog\/index.php?rest_route=%2Fwp%2Fv2%2Fmedia&parent=4325"}],"wp:term":[{"taxonomy":"category","embeddable":true,"href":"http:\/\/www.quiltingstudio.hu\/blog\/index.php?rest_route=%2Fwp%2Fv2%2Fcategories&post=4325"},{"taxonomy":"post_tag","embeddable":true,"href":"http:\/\/www.quiltingstudio.hu\/blog\/index.php?rest_route=%2Fwp%2Fv2%2Ftags&post=4325"}],"curies":[{"name":"wp","href":"https:\/\/api.w.org\/{rel}","templated":true}]}}