{"id":4330,"date":"2013-05-11T20:53:33","date_gmt":"2013-05-11T18:53:33","guid":{"rendered":"http:\/\/www.quiltingstudio.hu\/blog\/?p=4330"},"modified":"2013-05-11T20:53:33","modified_gmt":"2013-05-11T18:53:33","slug":"vegre-majus","status":"publish","type":"post","link":"http:\/\/www.quiltingstudio.hu\/blog\/?p=4330","title":{"rendered":"V\u00e9gre m\u00e1jus&#8230;"},"content":{"rendered":"<p>v\u00e9gre itt a j\u00f3 id\u0151, mehet\u00fcnk biciklizni!<\/p>\n<p>Mire j\u00f3 m\u00e1jus elseje!?H\u00e1t persze, egy kis akt\u00edv kikapcsol\u00f3d\u00e1sra. Ez a mi eset\u00fcnkben kb. 115 km leteker\u00e9se volt\u00a0 3 r\u00f6vid nap alatt.<\/p>\n<p>Most m\u00e1r t\u00f6bb \u00e9ve &#8222;pihenj\u00fck&#8221; ki magunkat a gemenci erd\u0151ben, id\u00e9n is ez volt a f\u0151 \u00fati c\u00e9lunk.<\/p>\n<p>El\u0151tte nap bemeleg\u00edtett\u00fcnk egy kis k\u00f6r\u00f6n: <strong>Szeksz\u00e1rd-\u0150cs\u00e9ny-Decs-S\u00e1rpilis-V\u00e1rdomb-Szeksz\u00e1rd<\/strong><\/p>\n<div id=\"attachment_4331\" style=\"width: 310px\" class=\"wp-caption alignnone\"><a href=\"http:\/\/www.quiltingstudio.hu\/blog\/wp-content\/uploads\/2013\/05\/csorge-to.jpg\"><img aria-describedby=\"caption-attachment-4331\" decoding=\"async\" loading=\"lazy\" class=\"size-medium wp-image-4331\" title=\"csorge-to\" src=\"http:\/\/www.quiltingstudio.hu\/blog\/wp-content\/uploads\/2013\/05\/csorge-to-300x224.jpg\" alt=\"\" width=\"300\" height=\"224\" srcset=\"http:\/\/www.quiltingstudio.hu\/blog\/wp-content\/uploads\/2013\/05\/csorge-to-300x224.jpg 300w, http:\/\/www.quiltingstudio.hu\/blog\/wp-content\/uploads\/2013\/05\/csorge-to.jpg 807w\" sizes=\"(max-width: 300px) 100vw, 300px\" \/><\/a><p id=\"caption-attachment-4331\" class=\"wp-caption-text\">Cs\u00f6rge-t\u00f3<\/p><\/div>\n<p>A v\u00e1ros hat\u00e1r\u00e1ban megn\u00e9zt\u00fck ezt a kis tavat, ha m\u00e1r erre j\u00e1rtunk.<!--more--><\/p>\n<div id=\"attachment_4332\" style=\"width: 235px\" class=\"wp-caption alignnone\"><a href=\"http:\/\/www.quiltingstudio.hu\/blog\/wp-content\/uploads\/2013\/05\/ocseny.jpg\"><img aria-describedby=\"caption-attachment-4332\" decoding=\"async\" loading=\"lazy\" class=\"size-medium wp-image-4332\" title=\"ocseny\" src=\"http:\/\/www.quiltingstudio.hu\/blog\/wp-content\/uploads\/2013\/05\/ocseny-225x300.jpg\" alt=\"\" width=\"225\" height=\"300\" srcset=\"http:\/\/www.quiltingstudio.hu\/blog\/wp-content\/uploads\/2013\/05\/ocseny-225x300.jpg 225w, http:\/\/www.quiltingstudio.hu\/blog\/wp-content\/uploads\/2013\/05\/ocseny-768x1024.jpg 768w, http:\/\/www.quiltingstudio.hu\/blog\/wp-content\/uploads\/2013\/05\/ocseny.jpg 807w\" sizes=\"(max-width: 225px) 100vw, 225px\" \/><\/a><p id=\"caption-attachment-4332\" class=\"wp-caption-text\">Moderniz\u00e1ci\u00f3<\/p><\/div>\n<p>\u0150cs\u00e9nyben ezeknek a vezet\u00e9keknek pont itt kellett lenni\u00fck. Nem hiszem, hogy a templom \u00e9p\u00fclt k\u00e9s\u0151bb&#8230;<\/p>\n<p>Vele szemben<\/p>\n<div id=\"attachment_4333\" style=\"width: 178px\" class=\"wp-caption alignnone\"><a href=\"http:\/\/www.quiltingstudio.hu\/blog\/wp-content\/uploads\/2013\/05\/ocseny2.jpg\"><img aria-describedby=\"caption-attachment-4333\" decoding=\"async\" loading=\"lazy\" class=\"size-medium wp-image-4333\" title=\"ocseny2\" src=\"http:\/\/www.quiltingstudio.hu\/blog\/wp-content\/uploads\/2013\/05\/ocseny2-168x300.jpg\" alt=\"\" width=\"168\" height=\"300\" srcset=\"http:\/\/www.quiltingstudio.hu\/blog\/wp-content\/uploads\/2013\/05\/ocseny2-168x300.jpg 168w, http:\/\/www.quiltingstudio.hu\/blog\/wp-content\/uploads\/2013\/05\/ocseny2-575x1024.jpg 575w, http:\/\/www.quiltingstudio.hu\/blog\/wp-content\/uploads\/2013\/05\/ocseny2.jpg 807w\" sizes=\"(max-width: 168px) 100vw, 168px\" \/><\/a><p id=\"caption-attachment-4333\" class=\"wp-caption-text\">\u0150cs\u00e9ny<\/p><\/div>\n<p>I. \u00e9s II. vil\u00e1gh\u00e1bor\u00fas eml\u00e9km\u0171.<\/p>\n<p>A k\u00f6vetkez\u0151 sz\u00e9p kis falu:<\/p>\n<div id=\"attachment_4334\" style=\"width: 310px\" class=\"wp-caption alignnone\"><a href=\"http:\/\/www.quiltingstudio.hu\/blog\/wp-content\/uploads\/2013\/05\/decs2.jpg\"><img aria-describedby=\"caption-attachment-4334\" decoding=\"async\" loading=\"lazy\" class=\"size-medium wp-image-4334\" title=\"decs2\" src=\"http:\/\/www.quiltingstudio.hu\/blog\/wp-content\/uploads\/2013\/05\/decs2-300x243.jpg\" alt=\"\" width=\"300\" height=\"243\" srcset=\"http:\/\/www.quiltingstudio.hu\/blog\/wp-content\/uploads\/2013\/05\/decs2-300x243.jpg 300w, http:\/\/www.quiltingstudio.hu\/blog\/wp-content\/uploads\/2013\/05\/decs2.jpg 807w\" sizes=\"(max-width: 300px) 100vw, 300px\" \/><\/a><p id=\"caption-attachment-4334\" class=\"wp-caption-text\">Decs<\/p><\/div>\n<p>Kicsit k\u00f6rbekarik\u00e1ztunk a faluban, itt l\u00e1ttuk ezt a templomot. Engem egy <em>Walt Disney<\/em> d\u00edszletre eml\u00e9keztetett.<\/p>\n<div id=\"attachment_4335\" style=\"width: 220px\" class=\"wp-caption alignnone\"><a href=\"http:\/\/www.quiltingstudio.hu\/blog\/wp-content\/uploads\/2013\/05\/decs.jpg\"><img aria-describedby=\"caption-attachment-4335\" decoding=\"async\" loading=\"lazy\" class=\"size-medium wp-image-4335\" title=\"decs\" src=\"http:\/\/www.quiltingstudio.hu\/blog\/wp-content\/uploads\/2013\/05\/decs-210x300.jpg\" alt=\"\" width=\"210\" height=\"300\" srcset=\"http:\/\/www.quiltingstudio.hu\/blog\/wp-content\/uploads\/2013\/05\/decs-210x300.jpg 210w, http:\/\/www.quiltingstudio.hu\/blog\/wp-content\/uploads\/2013\/05\/decs-717x1024.jpg 717w, http:\/\/www.quiltingstudio.hu\/blog\/wp-content\/uploads\/2013\/05\/decs.jpg 807w\" sizes=\"(max-width: 210px) 100vw, 210px\" \/><\/a><p id=\"caption-attachment-4335\" class=\"wp-caption-text\">Meseszer\u0171 templom<\/p><\/div>\n<p>Itt volt az els\u0151 olyan k\u00f6zk\u00fat, ami m\u0171k\u00f6d\u00f6tt is. J\u00f3 p\u00e1rat megn\u00e9zt\u00fcnk&#8230; Ugyan vitt\u00fcnk magunkkal vizet, de <em>valaki<\/em> mindig megitta&#8230;<\/p>\n<div id=\"attachment_4336\" style=\"width: 235px\" class=\"wp-caption alignnone\"><a href=\"http:\/\/www.quiltingstudio.hu\/blog\/wp-content\/uploads\/2013\/05\/sarpilis.jpg\"><img aria-describedby=\"caption-attachment-4336\" decoding=\"async\" loading=\"lazy\" class=\"size-medium wp-image-4336\" title=\"sarpilis\" src=\"http:\/\/www.quiltingstudio.hu\/blog\/wp-content\/uploads\/2013\/05\/sarpilis-225x300.jpg\" alt=\"\" width=\"225\" height=\"300\" srcset=\"http:\/\/www.quiltingstudio.hu\/blog\/wp-content\/uploads\/2013\/05\/sarpilis-225x300.jpg 225w, http:\/\/www.quiltingstudio.hu\/blog\/wp-content\/uploads\/2013\/05\/sarpilis-768x1024.jpg 768w, http:\/\/www.quiltingstudio.hu\/blog\/wp-content\/uploads\/2013\/05\/sarpilis.jpg 807w\" sizes=\"(max-width: 225px) 100vw, 225px\" \/><\/a><p id=\"caption-attachment-4336\" class=\"wp-caption-text\">S\u00e1rpilis<\/p><\/div>\n<p>Visszafel\u00e9 meg\u00e1lltunk a <em>pressz\u00f3n\u00e1l<\/em>.<\/p>\n<div id=\"attachment_4337\" style=\"width: 310px\" class=\"wp-caption alignnone\"><a href=\"http:\/\/www.quiltingstudio.hu\/blog\/wp-content\/uploads\/2013\/05\/vardomb.jpg\"><img aria-describedby=\"caption-attachment-4337\" decoding=\"async\" loading=\"lazy\" class=\"size-medium wp-image-4337\" title=\"vardomb\" src=\"http:\/\/www.quiltingstudio.hu\/blog\/wp-content\/uploads\/2013\/05\/vardomb-300x224.jpg\" alt=\"\" width=\"300\" height=\"224\" srcset=\"http:\/\/www.quiltingstudio.hu\/blog\/wp-content\/uploads\/2013\/05\/vardomb-300x224.jpg 300w, http:\/\/www.quiltingstudio.hu\/blog\/wp-content\/uploads\/2013\/05\/vardomb.jpg 807w\" sizes=\"(max-width: 300px) 100vw, 300px\" \/><\/a><p id=\"caption-attachment-4337\" class=\"wp-caption-text\">Pihen\u0151<\/p><\/div>\n<p>Olyan retro hangulata volt ennek a helynek. Pl. a m\u00f6g\u00f6ttem l\u00e1that\u00f3 egyen beton vir\u00e1gl\u00e1d\u00e1k \u00c1F\u00c9SZ felirattal.<\/p>\n<p>Visszafel\u00e9 Szeksz\u00e1rdra egy darabig f\u0151\u00faton, majd a v\u00e1ros hat\u00e1r\u00e1ban kezd\u0151d\u0151 bicikli \u00faton ment\u00fcnk fel a hegyre. Az eg\u00e9sz 45 km-es t\u00far\u00e1nak ez volt a legnehezebb r\u00e9sze.<\/p>\n<p>&nbsp;<\/p>\n","protected":false},"excerpt":{"rendered":"<p>v\u00e9gre itt a j\u00f3 id\u0151, mehet\u00fcnk biciklizni! Mire j\u00f3 m\u00e1jus elseje!?H\u00e1t persze, egy kis akt\u00edv kikapcsol\u00f3d\u00e1sra. Ez a mi eset\u00fcnkben kb. 115 km leteker\u00e9se volt\u00a0 3 r\u00f6vid nap alatt. Most m\u00e1r t\u00f6bb \u00e9ve &#8222;pihenj\u00fck&#8221; ki magunkat a gemenci erd\u0151ben, id\u00e9n is ez volt a f\u0151 \u00fati c\u00e9lunk. El\u0151tte nap bemeleg\u00edtett\u00fcnk egy kis k\u00f6r\u00f6n: Szeksz\u00e1rd-\u0150cs\u00e9ny-Decs-S\u00e1rpilis-V\u00e1rdomb-Szeksz\u00e1rd A [&hellip;]<\/p>\n","protected":false},"author":1,"featured_media":0,"comment_status":"open","ping_status":"closed","sticky":false,"template":"","format":"standard","meta":[],"categories":[12],"tags":[],"aioseo_notices":[],"views":1984,"_links":{"self":[{"href":"http:\/\/www.quiltingstudio.hu\/blog\/index.php?rest_route=\/wp\/v2\/posts\/4330"}],"collection":[{"href":"http:\/\/www.quiltingstudio.hu\/blog\/index.php?rest_route=\/wp\/v2\/posts"}],"about":[{"href":"http:\/\/www.quiltingstudio.hu\/blog\/index.php?rest_route=\/wp\/v2\/types\/post"}],"author":[{"embeddable":true,"href":"http:\/\/www.quiltingstudio.hu\/blog\/index.php?rest_route=\/wp\/v2\/users\/1"}],"replies":[{"embeddable":true,"href":"http:\/\/www.quiltingstudio.hu\/blog\/index.php?rest_route=%2Fwp%2Fv2%2Fcomments&post=4330"}],"version-history":[{"count":3,"href":"http:\/\/www.quiltingstudio.hu\/blog\/index.php?rest_route=\/wp\/v2\/posts\/4330\/revisions"}],"predecessor-version":[{"id":4340,"href":"http:\/\/www.quiltingstudio.hu\/blog\/index.php?rest_route=\/wp\/v2\/posts\/4330\/revisions\/4340"}],"wp:attachment":[{"href":"http:\/\/www.quiltingstudio.hu\/blog\/index.php?rest_route=%2Fwp%2Fv2%2Fmedia&parent=4330"}],"wp:term":[{"taxonomy":"category","embeddable":true,"href":"http:\/\/www.quiltingstudio.hu\/blog\/index.php?rest_route=%2Fwp%2Fv2%2Fcategories&post=4330"},{"taxonomy":"post_tag","embeddable":true,"href":"http:\/\/www.quiltingstudio.hu\/blog\/index.php?rest_route=%2Fwp%2Fv2%2Ftags&post=4330"}],"curies":[{"name":"wp","href":"https:\/\/api.w.org\/{rel}","templated":true}]}}