{"id":4342,"date":"2013-05-12T20:00:35","date_gmt":"2013-05-12T18:00:35","guid":{"rendered":"http:\/\/www.quiltingstudio.hu\/blog\/?p=4342"},"modified":"2013-05-17T11:38:10","modified_gmt":"2013-05-17T09:38:10","slug":"gemenc-2013","status":"publish","type":"post","link":"http:\/\/www.quiltingstudio.hu\/blog\/?p=4342","title":{"rendered":"Gemenc 2013&#8230;"},"content":{"rendered":"<p>Mint mindegyik t\u00far\u00e1nkr\u00f3l, err\u0151l is kismilli\u00f3 k\u00e9p k\u00e9sz\u00fclt.<\/p>\n<p>Megpr\u00f3b\u00e1llak megk\u00edm\u00e9lni bennetek t\u0151l\u00fck, ez\u00e9rt csak t\u00e9nyleg p\u00e1rat teszek fel.<\/p>\n<p>Az \u00fati c\u00e9l: <strong>Kesely\u0171s-Baja-Gemenci erd\u0151-Kesely\u0171s (B\u00e1r\u00e1nyfok)<\/strong><\/p>\n<div id=\"attachment_4343\" style=\"width: 310px\" class=\"wp-caption alignnone\"><a href=\"http:\/\/www.quiltingstudio.hu\/blog\/wp-content\/uploads\/2013\/05\/Keselyus_indulas.jpg\"><img aria-describedby=\"caption-attachment-4343\" decoding=\"async\" loading=\"lazy\" class=\"size-medium wp-image-4343\" title=\"Keselyus_indulas\" src=\"http:\/\/www.quiltingstudio.hu\/blog\/wp-content\/uploads\/2013\/05\/Keselyus_indulas-300x199.jpg\" alt=\"\" width=\"300\" height=\"199\" srcset=\"http:\/\/www.quiltingstudio.hu\/blog\/wp-content\/uploads\/2013\/05\/Keselyus_indulas-300x199.jpg 300w, http:\/\/www.quiltingstudio.hu\/blog\/wp-content\/uploads\/2013\/05\/Keselyus_indulas.jpg 807w\" sizes=\"(max-width: 300px) 100vw, 300px\" \/><\/a><p id=\"caption-attachment-4343\" class=\"wp-caption-text\">Indul\u00e1s<\/p><\/div>\n<p>Vend\u00e9gt\u00far\u00e1z\u00f3nk is volt, \u00edgy h\u00e1rmasban r\u00f3ttuk a kilom\u00e9tereket az <strong>EuroVelo 6<\/strong> bicikli \u00faton! <em>(Megjegyzem, eddig azt sem tudtam, hogy ilyen l\u00e9tezik)<!--more--><\/em><\/p>\n<p>El\u0151sz\u00f6r \u00e1tment\u00fcnk a h\u00eddon a Duna m\u00e1sik oldal\u00e1ra, majd meg sem \u00e1lltunk Baj\u00e1ig.<\/p>\n<div id=\"attachment_4344\" style=\"width: 310px\" class=\"wp-caption alignnone\"><a href=\"http:\/\/www.quiltingstudio.hu\/blog\/wp-content\/uploads\/2013\/05\/szlaszlo_hid.jpg\"><img aria-describedby=\"caption-attachment-4344\" decoding=\"async\" loading=\"lazy\" class=\"size-medium wp-image-4344\" title=\"szlaszlo_hid\" src=\"http:\/\/www.quiltingstudio.hu\/blog\/wp-content\/uploads\/2013\/05\/szlaszlo_hid-300x210.jpg\" alt=\"\" width=\"300\" height=\"210\" srcset=\"http:\/\/www.quiltingstudio.hu\/blog\/wp-content\/uploads\/2013\/05\/szlaszlo_hid-300x210.jpg 300w, http:\/\/www.quiltingstudio.hu\/blog\/wp-content\/uploads\/2013\/05\/szlaszlo_hid.jpg 807w\" sizes=\"(max-width: 300px) 100vw, 300px\" \/><\/a><p id=\"caption-attachment-4344\" class=\"wp-caption-text\">Szent L\u00e1szl\u00f3 h\u00edd<\/p><\/div>\n<p>M\u00e1r d\u00e9l volt mire ide\u00e9rt\u00fcnk, \u00edgy els\u0151 dolgunk volt megkeresni a hal\u00e1szcs\u00e1rd\u00e1t, ahol eb\u00e9delt\u00fcnk.<\/p>\n<div id=\"attachment_4345\" style=\"width: 310px\" class=\"wp-caption alignnone\"><a href=\"http:\/\/www.quiltingstudio.hu\/blog\/wp-content\/uploads\/2013\/05\/sobri.jpg\"><img aria-describedby=\"caption-attachment-4345\" decoding=\"async\" loading=\"lazy\" class=\"size-medium wp-image-4345\" title=\"sobri\" src=\"http:\/\/www.quiltingstudio.hu\/blog\/wp-content\/uploads\/2013\/05\/sobri-300x210.jpg\" alt=\"\" width=\"300\" height=\"210\" srcset=\"http:\/\/www.quiltingstudio.hu\/blog\/wp-content\/uploads\/2013\/05\/sobri-300x210.jpg 300w, http:\/\/www.quiltingstudio.hu\/blog\/wp-content\/uploads\/2013\/05\/sobri.jpg 807w\" sizes=\"(max-width: 300px) 100vw, 300px\" \/><\/a><p id=\"caption-attachment-4345\" class=\"wp-caption-text\">EB\u00c9D<\/p><\/div>\n<p>Azt hiszem nem okozok csal\u00f3d\u00e1st senkinek, hal\u00e1szl\u00e9re v\u00e1gytunk \u00e9s nem csal\u00f3dtunk.<\/p>\n<div id=\"attachment_4346\" style=\"width: 310px\" class=\"wp-caption alignnone\"><a href=\"http:\/\/www.quiltingstudio.hu\/blog\/wp-content\/uploads\/2013\/05\/ebed.jpg\"><img aria-describedby=\"caption-attachment-4346\" decoding=\"async\" loading=\"lazy\" class=\"size-medium wp-image-4346\" title=\"ebed\" src=\"http:\/\/www.quiltingstudio.hu\/blog\/wp-content\/uploads\/2013\/05\/ebed-300x224.jpg\" alt=\"\" width=\"300\" height=\"224\" srcset=\"http:\/\/www.quiltingstudio.hu\/blog\/wp-content\/uploads\/2013\/05\/ebed-300x224.jpg 300w, http:\/\/www.quiltingstudio.hu\/blog\/wp-content\/uploads\/2013\/05\/ebed.jpg 807w\" sizes=\"(max-width: 300px) 100vw, 300px\" \/><\/a><p id=\"caption-attachment-4346\" class=\"wp-caption-text\">csak csinosan<\/p><\/div>\n<p>Nagyon praktikus volt ez a partedli&#8230;\u00a0 Harcsa, ponty, t\u00f6rpeharcsa&#8230;.volt minden&#8230;<\/p>\n<p>Nem volt egyszer\u0171 tov\u00e1bb kerekezni, tele pocakkal. Kicsit n\u00e9zel\u0151dt\u00fcnk a v\u00e1ros k\u00f6zpontj\u00e1ban.<\/p>\n<div id=\"attachment_4347\" style=\"width: 310px\" class=\"wp-caption alignnone\"><a href=\"http:\/\/www.quiltingstudio.hu\/blog\/wp-content\/uploads\/2013\/05\/baja.jpg\"><img aria-describedby=\"caption-attachment-4347\" decoding=\"async\" loading=\"lazy\" class=\"size-medium wp-image-4347\" title=\"baja\" src=\"http:\/\/www.quiltingstudio.hu\/blog\/wp-content\/uploads\/2013\/05\/baja-300x226.jpg\" alt=\"\" width=\"300\" height=\"226\" srcset=\"http:\/\/www.quiltingstudio.hu\/blog\/wp-content\/uploads\/2013\/05\/baja-300x226.jpg 300w, http:\/\/www.quiltingstudio.hu\/blog\/wp-content\/uploads\/2013\/05\/baja.jpg 807w\" sizes=\"(max-width: 300px) 100vw, 300px\" \/><\/a><p id=\"caption-attachment-4347\" class=\"wp-caption-text\">s\u00e9t\u00e1l\u00f3 utc\u00e1n<\/p><\/div>\n<p>Szerencs\u00e9re j\u00f3 id\u0151nk volt, h\u00e9t \u00e1gra s\u00fct\u00f6tt a nap \u00e9s mindenhol sok sz\u00e9p vir\u00e1got l\u00e1ttam&#8230;<\/p>\n<div id=\"attachment_4348\" style=\"width: 263px\" class=\"wp-caption alignnone\"><a href=\"http:\/\/www.quiltingstudio.hu\/blog\/wp-content\/uploads\/2013\/05\/viragok.jpg\"><img aria-describedby=\"caption-attachment-4348\" decoding=\"async\" loading=\"lazy\" class=\"size-medium wp-image-4348\" title=\"viragok\" src=\"http:\/\/www.quiltingstudio.hu\/blog\/wp-content\/uploads\/2013\/05\/viragok-253x300.jpg\" alt=\"\" width=\"253\" height=\"300\" srcset=\"http:\/\/www.quiltingstudio.hu\/blog\/wp-content\/uploads\/2013\/05\/viragok-253x300.jpg 253w, http:\/\/www.quiltingstudio.hu\/blog\/wp-content\/uploads\/2013\/05\/viragok.jpg 807w\" sizes=\"(max-width: 253px) 100vw, 253px\" \/><\/a><p id=\"caption-attachment-4348\" class=\"wp-caption-text\">vir\u00e1g\u00f6z\u00f6n<\/p><\/div>\n<p>vagy ilyenek<\/p>\n<div id=\"attachment_4349\" style=\"width: 263px\" class=\"wp-caption alignnone\"><a href=\"http:\/\/www.quiltingstudio.hu\/blog\/wp-content\/uploads\/2013\/05\/viragok2.jpg\"><img aria-describedby=\"caption-attachment-4349\" decoding=\"async\" loading=\"lazy\" class=\"size-medium wp-image-4349\" title=\"viragok2\" src=\"http:\/\/www.quiltingstudio.hu\/blog\/wp-content\/uploads\/2013\/05\/viragok2-253x300.jpg\" alt=\"\" width=\"253\" height=\"300\" srcset=\"http:\/\/www.quiltingstudio.hu\/blog\/wp-content\/uploads\/2013\/05\/viragok2-253x300.jpg 253w, http:\/\/www.quiltingstudio.hu\/blog\/wp-content\/uploads\/2013\/05\/viragok2.jpg 807w\" sizes=\"(max-width: 253px) 100vw, 253px\" \/><\/a><p id=\"caption-attachment-4349\" class=\"wp-caption-text\">\u00c1rv\u00e1csk\u00e1k<\/p><\/div>\n<p>Ideje volt visszaindulni, hiszen a gemenci erd\u0151ben m\u00e9g nem is voltunk&#8230; H\u00eddon vissza a m\u00e1sik oldalra \u00e9s m\u00e1r meg sem \u00e1lltunk az erd\u0151ig.<\/p>\n<div id=\"attachment_4350\" style=\"width: 310px\" class=\"wp-caption alignnone\"><a href=\"http:\/\/www.quiltingstudio.hu\/blog\/wp-content\/uploads\/2013\/05\/gemenc.jpg\"><img aria-describedby=\"caption-attachment-4350\" decoding=\"async\" loading=\"lazy\" class=\"size-medium wp-image-4350\" title=\"gemenc\" src=\"http:\/\/www.quiltingstudio.hu\/blog\/wp-content\/uploads\/2013\/05\/gemenc-300x168.jpg\" alt=\"\" width=\"300\" height=\"168\" srcset=\"http:\/\/www.quiltingstudio.hu\/blog\/wp-content\/uploads\/2013\/05\/gemenc-300x168.jpg 300w, http:\/\/www.quiltingstudio.hu\/blog\/wp-content\/uploads\/2013\/05\/gemenc.jpg 807w\" sizes=\"(max-width: 300px) 100vw, 300px\" \/><\/a><p id=\"caption-attachment-4350\" class=\"wp-caption-text\">Csend<\/p><\/div>\n<p>Visszan\u00e9zve az el\u0151z\u0151 \u00e9vi k\u00e9peket az id\u00e9n el\u00e9g sok v\u00edz volt mindenfel\u00e9. Ebb\u0151l k\u00f6vetkez\u0151en sz\u00fanyog is (a v\u00edzpart k\u00f6zel\u00e9ben).<\/p>\n<p>Ny\u00e1rilegel\u0151-Lassi-Malomtelel\u0151&#8230; k\u00e9k jelz\u00e9sen vissza Kesely\u0171sig.<\/p>\n<div id=\"attachment_4351\" style=\"width: 310px\" class=\"wp-caption alignnone\"><a href=\"http:\/\/www.quiltingstudio.hu\/blog\/wp-content\/uploads\/2013\/05\/part.jpg\"><img aria-describedby=\"caption-attachment-4351\" decoding=\"async\" loading=\"lazy\" class=\"size-medium wp-image-4351\" title=\"part\" src=\"http:\/\/www.quiltingstudio.hu\/blog\/wp-content\/uploads\/2013\/05\/part-300x224.jpg\" alt=\"\" width=\"300\" height=\"224\" srcset=\"http:\/\/www.quiltingstudio.hu\/blog\/wp-content\/uploads\/2013\/05\/part-300x224.jpg 300w, http:\/\/www.quiltingstudio.hu\/blog\/wp-content\/uploads\/2013\/05\/part.jpg 807w\" sizes=\"(max-width: 300px) 100vw, 300px\" \/><\/a><p id=\"caption-attachment-4351\" class=\"wp-caption-text\">l\u00e9pcs\u0151k<\/p><\/div>\n<p>Tavaly itt sim\u00e1n les\u00e9t\u00e1ltunk a l\u00e9pcs\u0151n \u00e9s a v\u00edzpart csak att\u00f3l 2-3 m\u00e9terre volt.<\/p>\n<p>Itt a v\u00e9ge&#8230;.<\/p>\n<div id=\"attachment_4352\" style=\"width: 270px\" class=\"wp-caption alignnone\"><a href=\"http:\/\/www.quiltingstudio.hu\/blog\/wp-content\/uploads\/2013\/05\/c\u00e9l.jpg\"><img aria-describedby=\"caption-attachment-4352\" decoding=\"async\" loading=\"lazy\" class=\"size-medium wp-image-4352\" title=\"c\u00e9l\" src=\"http:\/\/www.quiltingstudio.hu\/blog\/wp-content\/uploads\/2013\/05\/c\u00e9l-260x300.jpg\" alt=\"\" width=\"260\" height=\"300\" srcset=\"http:\/\/www.quiltingstudio.hu\/blog\/wp-content\/uploads\/2013\/05\/c\u00e9l-260x300.jpg 260w, http:\/\/www.quiltingstudio.hu\/blog\/wp-content\/uploads\/2013\/05\/c\u00e9l.jpg 807w\" sizes=\"(max-width: 260px) 100vw, 260px\" \/><\/a><p id=\"caption-attachment-4352\" class=\"wp-caption-text\">C\u00e9l<\/p><\/div>\n<p>Vissza\u00e9rt\u00fcnk az aut\u00f3khoz, kellemesen elf\u00e1radtunk.<\/p>\n<p>Innen m\u00e9g kocsival elment\u00fcnk B\u00e1r\u00e1nyfokra k\u00f6r\u00fcln\u00e9zni. Meg\u00e1llap\u00edtottam, hogy tavaly \u00f3ta itt semmi nem v\u00e1ltozott. Este \u00fagy aludtunk, mint a bunda&#8230;<\/p>\n","protected":false},"excerpt":{"rendered":"<p>Mint mindegyik t\u00far\u00e1nkr\u00f3l, err\u0151l is kismilli\u00f3 k\u00e9p k\u00e9sz\u00fclt. Megpr\u00f3b\u00e1llak megk\u00edm\u00e9lni bennetek t\u0151l\u00fck, ez\u00e9rt csak t\u00e9nyleg p\u00e1rat teszek fel. Az \u00fati c\u00e9l: Kesely\u0171s-Baja-Gemenci erd\u0151-Kesely\u0171s (B\u00e1r\u00e1nyfok) Vend\u00e9gt\u00far\u00e1z\u00f3nk is volt, \u00edgy h\u00e1rmasban r\u00f3ttuk a kilom\u00e9tereket az EuroVelo 6 bicikli \u00faton! (Megjegyzem, eddig azt sem tudtam, hogy ilyen l\u00e9tezik)<\/p>\n","protected":false},"author":1,"featured_media":0,"comment_status":"open","ping_status":"closed","sticky":false,"template":"","format":"standard","meta":[],"categories":[12],"tags":[],"aioseo_notices":[],"views":2010,"_links":{"self":[{"href":"http:\/\/www.quiltingstudio.hu\/blog\/index.php?rest_route=\/wp\/v2\/posts\/4342"}],"collection":[{"href":"http:\/\/www.quiltingstudio.hu\/blog\/index.php?rest_route=\/wp\/v2\/posts"}],"about":[{"href":"http:\/\/www.quiltingstudio.hu\/blog\/index.php?rest_route=\/wp\/v2\/types\/post"}],"author":[{"embeddable":true,"href":"http:\/\/www.quiltingstudio.hu\/blog\/index.php?rest_route=\/wp\/v2\/users\/1"}],"replies":[{"embeddable":true,"href":"http:\/\/www.quiltingstudio.hu\/blog\/index.php?rest_route=%2Fwp%2Fv2%2Fcomments&post=4342"}],"version-history":[{"count":3,"href":"http:\/\/www.quiltingstudio.hu\/blog\/index.php?rest_route=\/wp\/v2\/posts\/4342\/revisions"}],"predecessor-version":[{"id":4365,"href":"http:\/\/www.quiltingstudio.hu\/blog\/index.php?rest_route=\/wp\/v2\/posts\/4342\/revisions\/4365"}],"wp:attachment":[{"href":"http:\/\/www.quiltingstudio.hu\/blog\/index.php?rest_route=%2Fwp%2Fv2%2Fmedia&parent=4342"}],"wp:term":[{"taxonomy":"category","embeddable":true,"href":"http:\/\/www.quiltingstudio.hu\/blog\/index.php?rest_route=%2Fwp%2Fv2%2Fcategories&post=4342"},{"taxonomy":"post_tag","embeddable":true,"href":"http:\/\/www.quiltingstudio.hu\/blog\/index.php?rest_route=%2Fwp%2Fv2%2Ftags&post=4342"}],"curies":[{"name":"wp","href":"https:\/\/api.w.org\/{rel}","templated":true}]}}