{"id":4355,"date":"2013-05-13T20:50:47","date_gmt":"2013-05-13T18:50:47","guid":{"rendered":"http:\/\/www.quiltingstudio.hu\/blog\/?p=4355"},"modified":"2013-05-17T11:37:24","modified_gmt":"2013-05-17T09:37:24","slug":"szalka","status":"publish","type":"post","link":"http:\/\/www.quiltingstudio.hu\/blog\/?p=4355","title":{"rendered":"Sz\u00e1lka&#8230;"},"content":{"rendered":"<p>A harmadik napi program a sz\u00e1lkai t\u00f3 k\u00f6rbekerekez\u00e9se volt.<\/p>\n<div id=\"attachment_4356\" style=\"width: 310px\" class=\"wp-caption alignnone\"><a href=\"http:\/\/www.quiltingstudio.hu\/blog\/wp-content\/uploads\/2013\/05\/szalka_falu.jpg\"><img aria-describedby=\"caption-attachment-4356\" decoding=\"async\" loading=\"lazy\" class=\"size-medium wp-image-4356\" title=\"szalka_falu\" src=\"http:\/\/www.quiltingstudio.hu\/blog\/wp-content\/uploads\/2013\/05\/szalka_falu-300x168.jpg\" alt=\"\" width=\"300\" height=\"168\" srcset=\"http:\/\/www.quiltingstudio.hu\/blog\/wp-content\/uploads\/2013\/05\/szalka_falu-300x168.jpg 300w, http:\/\/www.quiltingstudio.hu\/blog\/wp-content\/uploads\/2013\/05\/szalka_falu.jpg 807w\" sizes=\"(max-width: 300px) 100vw, 300px\" \/><\/a><p id=\"caption-attachment-4356\" class=\"wp-caption-text\">Indul\u00e1s<\/p><\/div>\n<p>Hangulatos kis falu, innen indultunk, gy\u00f6ny\u00f6r\u0171 naps\u00fct\u00e9sben.<!--more--><\/p>\n<div id=\"attachment_4357\" style=\"width: 310px\" class=\"wp-caption alignnone\"><a href=\"http:\/\/www.quiltingstudio.hu\/blog\/wp-content\/uploads\/2013\/05\/szalkai_to.jpg\"><img aria-describedby=\"caption-attachment-4357\" decoding=\"async\" loading=\"lazy\" class=\"size-medium wp-image-4357\" title=\"szalkai_to\" src=\"http:\/\/www.quiltingstudio.hu\/blog\/wp-content\/uploads\/2013\/05\/szalkai_to-300x168.jpg\" alt=\"\" width=\"300\" height=\"168\" srcset=\"http:\/\/www.quiltingstudio.hu\/blog\/wp-content\/uploads\/2013\/05\/szalkai_to-300x168.jpg 300w, http:\/\/www.quiltingstudio.hu\/blog\/wp-content\/uploads\/2013\/05\/szalkai_to.jpg 807w\" sizes=\"(max-width: 300px) 100vw, 300px\" \/><\/a><p id=\"caption-attachment-4357\" class=\"wp-caption-text\">A t\u00f3<\/p><\/div>\n<p>Hazudn\u00e9k, ha azt mondan\u00e1m, nem lehet megker\u00fclni a tavat! De nem volt egyszer\u0171&#8230;<\/p>\n<p>Az egyik oldal\u00e1n v\u00e9gig ki\u00e9p\u00edtett \u00faton lehet haladni.<\/p>\n<p>Majd a g\u00e1t ut\u00e1n egy kellemes kis erdei \u00fat vezet a m\u00e1sik oldalon&#8230;<\/p>\n<div id=\"attachment_4358\" style=\"width: 270px\" class=\"wp-caption alignnone\"><a href=\"http:\/\/www.quiltingstudio.hu\/blog\/wp-content\/uploads\/2013\/05\/erdoben.jpg\"><img aria-describedby=\"caption-attachment-4358\" decoding=\"async\" loading=\"lazy\" class=\"size-medium wp-image-4358\" title=\"erdoben\" src=\"http:\/\/www.quiltingstudio.hu\/blog\/wp-content\/uploads\/2013\/05\/erdoben-260x300.jpg\" alt=\"\" width=\"260\" height=\"300\" srcset=\"http:\/\/www.quiltingstudio.hu\/blog\/wp-content\/uploads\/2013\/05\/erdoben-260x300.jpg 260w, http:\/\/www.quiltingstudio.hu\/blog\/wp-content\/uploads\/2013\/05\/erdoben.jpg 807w\" sizes=\"(max-width: 260px) 100vw, 260px\" \/><\/a><p id=\"caption-attachment-4358\" class=\"wp-caption-text\">M\u00e1sik oldal<\/p><\/div>\n<p>Ha ilyen ment volna v\u00e9gig, egy szavam sem lenne. Ez a kis kellemes \u00fat sz\u00e9p lassan elv\u00e9konyodott, majd csak egy kis \u00f6sv\u00e9ny maradt, amit egy id\u0151 ut\u00e1n m\u00e1r mi v\u00e1gtunk magunknak k\u00f6vetve a turista jelz\u00e9seket.<\/p>\n<p>Sz\u00e9p lassan beborult \u00e9s m\u00e9g esett is! M\u00e9g ez sem lett volna olyan nagy baj, a f\u00e1k alatt ez kev\u00e9sb\u00e9 t\u0171nt v\u00e9szesnek \u00e9s hamar el is \u00e1llt. De az \u00fat kritik\u00e1n aluli lett.<\/p>\n<p>Egyszer\u0171en teljes sz\u00e9less\u00e9g\u00e9ben felsz\u00e1ntott\u00e1k.<\/p>\n<div id=\"attachment_4360\" style=\"width: 270px\" class=\"wp-caption alignnone\"><a href=\"http:\/\/www.quiltingstudio.hu\/blog\/wp-content\/uploads\/2013\/05\/ut_vissza.jpg\"><img aria-describedby=\"caption-attachment-4360\" decoding=\"async\" loading=\"lazy\" class=\"size-medium wp-image-4360\" title=\"ut_vissza\" src=\"http:\/\/www.quiltingstudio.hu\/blog\/wp-content\/uploads\/2013\/05\/ut_vissza-260x300.jpg\" alt=\"\" width=\"260\" height=\"300\" srcset=\"http:\/\/www.quiltingstudio.hu\/blog\/wp-content\/uploads\/2013\/05\/ut_vissza-260x300.jpg 260w, http:\/\/www.quiltingstudio.hu\/blog\/wp-content\/uploads\/2013\/05\/ut_vissza.jpg 807w\" sizes=\"(max-width: 260px) 100vw, 260px\" \/><\/a><p id=\"caption-attachment-4360\" class=\"wp-caption-text\">most merre is<\/p><\/div>\n<p>Azt hiszem a k\u00e9pen el\u00e9g j\u00f3l l\u00e1tszik a tan\u00e1cstalans\u00e1gom, hiszen annyi egyenes r\u00e9sz nem volt, ahol a biciklim elf\u00e9rt volna, h\u00e1t m\u00e9g \u00e9n&#8230;<\/p>\n<p>Fogalmunk sem volt m\u00e1r merre j\u00e1runk, mennyi van m\u00e9g vissza&#8230;<\/p>\n<p>Szerencs\u00e9re m\u00e1r nem sok volt, de mire az erd\u0151b\u0151l ki\u00e9rt\u00fcnk megint r\u00e1kezdett az es\u0151, \u00edgy a t\u00far\u00e1t hamar be is fejezt\u00fck.<\/p>\n<div id=\"attachment_4361\" style=\"width: 310px\" class=\"wp-caption alignnone\"><a href=\"http:\/\/www.quiltingstudio.hu\/blog\/wp-content\/uploads\/2013\/05\/esoben.jpg\"><img aria-describedby=\"caption-attachment-4361\" decoding=\"async\" loading=\"lazy\" class=\"size-medium wp-image-4361\" title=\"esoben\" src=\"http:\/\/www.quiltingstudio.hu\/blog\/wp-content\/uploads\/2013\/05\/esoben-300x168.jpg\" alt=\"\" width=\"300\" height=\"168\" srcset=\"http:\/\/www.quiltingstudio.hu\/blog\/wp-content\/uploads\/2013\/05\/esoben-300x168.jpg 300w, http:\/\/www.quiltingstudio.hu\/blog\/wp-content\/uploads\/2013\/05\/esoben.jpg 807w\" sizes=\"(max-width: 300px) 100vw, 300px\" \/><\/a><p id=\"caption-attachment-4361\" class=\"wp-caption-text\">FIN<\/p><\/div>\n<p>\u00cdgy \u00e9rt v\u00e9get a harmadik napi t\u00far\u00e1csk\u00e1nk, ami alig volt 10 km.<\/p>\n","protected":false},"excerpt":{"rendered":"<p>A harmadik napi program a sz\u00e1lkai t\u00f3 k\u00f6rbekerekez\u00e9se volt. Hangulatos kis falu, innen indultunk, gy\u00f6ny\u00f6r\u0171 naps\u00fct\u00e9sben.<\/p>\n","protected":false},"author":1,"featured_media":0,"comment_status":"open","ping_status":"closed","sticky":false,"template":"","format":"standard","meta":[],"categories":[12],"tags":[],"aioseo_notices":[],"views":2446,"_links":{"self":[{"href":"http:\/\/www.quiltingstudio.hu\/blog\/index.php?rest_route=\/wp\/v2\/posts\/4355"}],"collection":[{"href":"http:\/\/www.quiltingstudio.hu\/blog\/index.php?rest_route=\/wp\/v2\/posts"}],"about":[{"href":"http:\/\/www.quiltingstudio.hu\/blog\/index.php?rest_route=\/wp\/v2\/types\/post"}],"author":[{"embeddable":true,"href":"http:\/\/www.quiltingstudio.hu\/blog\/index.php?rest_route=\/wp\/v2\/users\/1"}],"replies":[{"embeddable":true,"href":"http:\/\/www.quiltingstudio.hu\/blog\/index.php?rest_route=%2Fwp%2Fv2%2Fcomments&post=4355"}],"version-history":[{"count":3,"href":"http:\/\/www.quiltingstudio.hu\/blog\/index.php?rest_route=\/wp\/v2\/posts\/4355\/revisions"}],"predecessor-version":[{"id":4364,"href":"http:\/\/www.quiltingstudio.hu\/blog\/index.php?rest_route=\/wp\/v2\/posts\/4355\/revisions\/4364"}],"wp:attachment":[{"href":"http:\/\/www.quiltingstudio.hu\/blog\/index.php?rest_route=%2Fwp%2Fv2%2Fmedia&parent=4355"}],"wp:term":[{"taxonomy":"category","embeddable":true,"href":"http:\/\/www.quiltingstudio.hu\/blog\/index.php?rest_route=%2Fwp%2Fv2%2Fcategories&post=4355"},{"taxonomy":"post_tag","embeddable":true,"href":"http:\/\/www.quiltingstudio.hu\/blog\/index.php?rest_route=%2Fwp%2Fv2%2Ftags&post=4355"}],"curies":[{"name":"wp","href":"https:\/\/api.w.org\/{rel}","templated":true}]}}