{"id":436,"date":"2008-06-09T22:03:18","date_gmt":"2008-06-09T20:03:18","guid":{"rendered":"http:\/\/www.quiltingstudio.hu\/blog\/?p=436"},"modified":"2008-06-09T22:03:18","modified_gmt":"2008-06-09T20:03:18","slug":"chamaecereus-viragzasa","status":"publish","type":"post","link":"http:\/\/www.quiltingstudio.hu\/blog\/?p=436","title":{"rendered":"Chamaecereus vir\u00e1gz\u00e1sa"},"content":{"rendered":"<p>Ha elkezdenek nyilni&#8230;&#8230;nincs meg\u00e1ll\u00e1s!<\/p>\n<p><a href=\"http:\/\/www.quiltingstudio.hu\/blog\/wp-content\/uploads\/2008\/06\/ec_bimbo.jpg\"><img decoding=\"async\" loading=\"lazy\" class=\"alignnone size-medium wp-image-437\" title=\"ec_bimbo\" src=\"http:\/\/www.quiltingstudio.hu\/blog\/wp-content\/uploads\/2008\/06\/ec_bimbo-225x300.jpg\" alt=\"chamaecereus \" width=\"225\" height=\"300\" srcset=\"http:\/\/www.quiltingstudio.hu\/blog\/wp-content\/uploads\/2008\/06\/ec_bimbo-225x300.jpg 225w, http:\/\/www.quiltingstudio.hu\/blog\/wp-content\/uploads\/2008\/06\/ec_bimbo.jpg 400w\" sizes=\"(max-width: 225px) 100vw, 225px\" \/><\/a><\/p>\n<p style=\"clear:both;\">\nM\u00e1r p\u00e1r napja figyeltem \u0151t \u00e9s \u00fagy l\u00e1ttam ma reggel, hogy ki fogja nyitni a bimb\u00f3kat, \u00edgy \u00e9rdemes lesz kitenni a f\u00e9nyk\u00e9pez\u0151g\u00e9pet.<\/p>\n<ul style=\"list-style-type: none;padding: 0;\">\n<li>Nem is t\u00e9vedtem. Gy\u00f6ny\u00f6r\u0171en kiny\u00edlt! Megmutatom.<\/li>\n<li><p id=\"player1\" style=\"display:none\"><a href=\"http:\/\/www.macromedia.com\/go\/getflashplayer\">Get the latest Flash Player<\/a> to see this player.<\/p>\r\n<noscript><p>[Javascript required to view Flash movie, please turn it on and refresh this page]<\/p><\/noscript>\r\n\r\n<script type=\"text\/javascript\">\r\n\tdocument.getElementById(\"player1\").style.display = \"\";\r\n\t\r\n\tvar s1 = new SWFObject(\"http:\/\/www.quiltingstudio.hu\/blog\/wp-content\/plugins\/flv-embed\/flvplayer.swf\",\"player1\",\"400\",\"320\",\"7\");\r\n\ts1.addParam(\"wmode\",\"transparent\");\r\n\ts1.addParam(\"allowscriptaccess\",\"always\");\r\n\ts1.addParam(\"allowfullscreen\",\"true\");\r\n\ts1.addVariable(\"height\",\"320\");\r\n\ts1.addVariable(\"width\",\"400\"); \n\ts1.addVariable(\"file\",\"\/blog\/wp-content\/uploads\/2008\/06\/chamaecereus.flv\");\n\ts1.addVariable(\"image\",\"\/blog\/wp-content\/uploads\/2008\/06\/chamaecereus.jpg\");\n\ts1.addVariable(\"link\",\"\/blog\/wp-content\/uploads\/2008\/06\/chamaecereus.flv\");\n\ts1.addVariable(\"showstop\",\"true\");\n\ts1.addVariable(\"autostart\",\"true\");\r\n\ts1.write(\"player1\");\r\n<\/script><\/li>\n<\/ul>\n","protected":false},"excerpt":{"rendered":"<p>Ha elkezdenek nyilni&#8230;&#8230;nincs meg\u00e1ll\u00e1s! M\u00e1r p\u00e1r napja figyeltem \u0151t \u00e9s \u00fagy l\u00e1ttam ma reggel, hogy ki fogja nyitni a bimb\u00f3kat, \u00edgy \u00e9rdemes lesz kitenni a f\u00e9nyk\u00e9pez\u0151g\u00e9pet. Nem is t\u00e9vedtem. Gy\u00f6ny\u00f6r\u0171en kiny\u00edlt! Megmutatom. Get the latest Flash Player to see this player. [Javascript required to view Flash movie, please turn it on and refresh this page]<\/p>\n","protected":false},"author":1,"featured_media":0,"comment_status":"open","ping_status":"closed","sticky":false,"template":"","format":"standard","meta":[],"categories":[8],"tags":[],"aioseo_notices":[],"views":2009,"_links":{"self":[{"href":"http:\/\/www.quiltingstudio.hu\/blog\/index.php?rest_route=\/wp\/v2\/posts\/436"}],"collection":[{"href":"http:\/\/www.quiltingstudio.hu\/blog\/index.php?rest_route=\/wp\/v2\/posts"}],"about":[{"href":"http:\/\/www.quiltingstudio.hu\/blog\/index.php?rest_route=\/wp\/v2\/types\/post"}],"author":[{"embeddable":true,"href":"http:\/\/www.quiltingstudio.hu\/blog\/index.php?rest_route=\/wp\/v2\/users\/1"}],"replies":[{"embeddable":true,"href":"http:\/\/www.quiltingstudio.hu\/blog\/index.php?rest_route=%2Fwp%2Fv2%2Fcomments&post=436"}],"version-history":[{"count":0,"href":"http:\/\/www.quiltingstudio.hu\/blog\/index.php?rest_route=\/wp\/v2\/posts\/436\/revisions"}],"wp:attachment":[{"href":"http:\/\/www.quiltingstudio.hu\/blog\/index.php?rest_route=%2Fwp%2Fv2%2Fmedia&parent=436"}],"wp:term":[{"taxonomy":"category","embeddable":true,"href":"http:\/\/www.quiltingstudio.hu\/blog\/index.php?rest_route=%2Fwp%2Fv2%2Fcategories&post=436"},{"taxonomy":"post_tag","embeddable":true,"href":"http:\/\/www.quiltingstudio.hu\/blog\/index.php?rest_route=%2Fwp%2Fv2%2Ftags&post=436"}],"curies":[{"name":"wp","href":"https:\/\/api.w.org\/{rel}","templated":true}]}}