{"id":438,"date":"2008-06-10T20:31:38","date_gmt":"2008-06-10T18:31:38","guid":{"rendered":"http:\/\/www.quiltingstudio.hu\/blog\/?p=438"},"modified":"2008-06-10T20:31:38","modified_gmt":"2008-06-10T18:31:38","slug":"meg-mindig-a-viragos-blokkok","status":"publish","type":"post","link":"http:\/\/www.quiltingstudio.hu\/blog\/?p=438","title":{"rendered":"M\u00e9g mindig a vir\u00e1gos blokkok"},"content":{"rendered":"<p>Amikor van egy kis id\u0151m \u00e9s kedvem (\u00e9s ihletem) varrogatom a vir\u00e1gos blokkokat.<\/p>\n<p><a href=\"http:\/\/www.quiltingstudio.hu\/blog\/wp-content\/uploads\/2008\/06\/tulipan-koszoru.jpg\"><img decoding=\"async\" loading=\"lazy\" class=\"alignnone size-full wp-image-442\" title=\"tulipan-koszoru\" src=\"http:\/\/www.quiltingstudio.hu\/blog\/wp-content\/uploads\/2008\/06\/tulipan-koszoru.jpg\" alt=\"flower block\" width=\"400\" height=\"225\" srcset=\"http:\/\/www.quiltingstudio.hu\/blog\/wp-content\/uploads\/2008\/06\/tulipan-koszoru.jpg 400w, http:\/\/www.quiltingstudio.hu\/blog\/wp-content\/uploads\/2008\/06\/tulipan-koszoru-300x168.jpg 300w\" sizes=\"(max-width: 400px) 100vw, 400px\" \/><\/a><\/p>\n<p><!--more--><\/p>\n<p>Most kett\u0151 k\u00e9sz\u00fclt el. Hollandi\u00e1ba \u00e9s ism\u00e9t D\u00e9l-Afrik\u00e1ba mennek.<\/p>\n<p><a href=\"http:\/\/www.quiltingstudio.hu\/blog\/wp-content\/uploads\/2008\/06\/flower-block.jpg\"><img decoding=\"async\" loading=\"lazy\" class=\"alignnone size-medium wp-image-439\" title=\"flower-block\" src=\"http:\/\/www.quiltingstudio.hu\/blog\/wp-content\/uploads\/2008\/06\/flower-block-300x281.jpg\" alt=\"vir\u00e1gos blokk\" width=\"300\" height=\"281\" srcset=\"http:\/\/www.quiltingstudio.hu\/blog\/wp-content\/uploads\/2008\/06\/flower-block-300x281.jpg 300w, http:\/\/www.quiltingstudio.hu\/blog\/wp-content\/uploads\/2008\/06\/flower-block.jpg 400w\" sizes=\"(max-width: 300px) 100vw, 300px\" \/><\/a><\/p>\n<p>Ez egy egyszer\u0171 &#8216;fusible appliqu\u00e9&#8217;, azaz ragaszt\u00f3s technik\u00e1val k\u00e9sz\u00fclt, majd g\u00e9pi pelenk\u00e1val -saj\u00e1t sz\u00edn\u00e9vel- k\u00f6rbevarrtam. A m\u00e9ret adott, 20 x 20cm. El\u0151re kiszabtam az \u00f6sszesnek az alapot. \u00cdgy mind egyforma h\u00e1tter\u0171 lesz.<\/p>\n<p>A m\u00e1sikblokk m\u00e1r izgalmasabb, szint\u00e9n applik\u00e1ci\u00f3, m\u00e9gpedig &#8216;<strong>UDA= Upside down appliqu\u00e9<\/strong>&#8216;.<\/p>\n<p><a href=\"http:\/\/www.quiltingstudio.hu\/blog\/wp-content\/uploads\/2008\/06\/juniusi-blokk.jpg\"><img decoding=\"async\" loading=\"lazy\" class=\"alignnone size-medium wp-image-440\" title=\"juniusi-blokk\" src=\"http:\/\/www.quiltingstudio.hu\/blog\/wp-content\/uploads\/2008\/06\/juniusi-blokk-298x300.jpg\" alt=\"vir\u00e1gos blokk\" width=\"298\" height=\"300\" srcset=\"http:\/\/www.quiltingstudio.hu\/blog\/wp-content\/uploads\/2008\/06\/juniusi-blokk-298x300.jpg 298w, http:\/\/www.quiltingstudio.hu\/blog\/wp-content\/uploads\/2008\/06\/juniusi-blokk-150x150.jpg 150w, http:\/\/www.quiltingstudio.hu\/blog\/wp-content\/uploads\/2008\/06\/juniusi-blokk.jpg 400w\" sizes=\"(max-width: 298px) 100vw, 298px\" \/><\/a><\/p>\n<p>Megmutatom a h\u00e1ts\u00f3 fel\u00e9t is. Enn\u00e9l a technik\u00e1n\u00e1l err\u0151l az oldalr\u00f3l varrjuk a vir\u00e1got. A stabiliz\u00e1torra felrajzolt minta seg\u00edts\u00e9g\u00e9vel. Kimondottan alkalmas a sok viszonylag pici darabb\u00f3l \u00e1ll\u00f3 blokkokhoz.<\/p>\n<p><a href=\"http:\/\/www.quiltingstudio.hu\/blog\/wp-content\/uploads\/2008\/06\/uda-hatulrol.jpg\"><img decoding=\"async\" loading=\"lazy\" class=\"alignnone size-thumbnail wp-image-441\" title=\"uda-hatulrol\" src=\"http:\/\/www.quiltingstudio.hu\/blog\/wp-content\/uploads\/2008\/06\/uda-hatulrol-150x150.jpg\" alt=\"h\u00e1ts\u00f3 fele\" width=\"150\" height=\"150\" \/><\/a><\/p>\n<p>Rem\u00e9lem tetszeni fog majd azoknak, akik kapj\u00e1k.<\/p>\n","protected":false},"excerpt":{"rendered":"<p>Amikor van egy kis id\u0151m \u00e9s kedvem (\u00e9s ihletem) varrogatom a vir\u00e1gos blokkokat.<\/p>\n","protected":false},"author":1,"featured_media":0,"comment_status":"open","ping_status":"closed","sticky":false,"template":"","format":"standard","meta":[],"categories":[3],"tags":[],"aioseo_notices":[],"views":2475,"_links":{"self":[{"href":"http:\/\/www.quiltingstudio.hu\/blog\/index.php?rest_route=\/wp\/v2\/posts\/438"}],"collection":[{"href":"http:\/\/www.quiltingstudio.hu\/blog\/index.php?rest_route=\/wp\/v2\/posts"}],"about":[{"href":"http:\/\/www.quiltingstudio.hu\/blog\/index.php?rest_route=\/wp\/v2\/types\/post"}],"author":[{"embeddable":true,"href":"http:\/\/www.quiltingstudio.hu\/blog\/index.php?rest_route=\/wp\/v2\/users\/1"}],"replies":[{"embeddable":true,"href":"http:\/\/www.quiltingstudio.hu\/blog\/index.php?rest_route=%2Fwp%2Fv2%2Fcomments&post=438"}],"version-history":[{"count":0,"href":"http:\/\/www.quiltingstudio.hu\/blog\/index.php?rest_route=\/wp\/v2\/posts\/438\/revisions"}],"wp:attachment":[{"href":"http:\/\/www.quiltingstudio.hu\/blog\/index.php?rest_route=%2Fwp%2Fv2%2Fmedia&parent=438"}],"wp:term":[{"taxonomy":"category","embeddable":true,"href":"http:\/\/www.quiltingstudio.hu\/blog\/index.php?rest_route=%2Fwp%2Fv2%2Fcategories&post=438"},{"taxonomy":"post_tag","embeddable":true,"href":"http:\/\/www.quiltingstudio.hu\/blog\/index.php?rest_route=%2Fwp%2Fv2%2Ftags&post=438"}],"curies":[{"name":"wp","href":"https:\/\/api.w.org\/{rel}","templated":true}]}}