{"id":4390,"date":"2013-08-04T20:34:30","date_gmt":"2013-08-04T18:34:30","guid":{"rendered":"http:\/\/www.quiltingstudio.hu\/blog\/?p=4390"},"modified":"2013-08-29T06:26:29","modified_gmt":"2013-08-29T04:26:29","slug":"irany-a-balaton","status":"publish","type":"post","link":"http:\/\/www.quiltingstudio.hu\/blog\/?p=4390","title":{"rendered":"Ir\u00e1ny a Balaton&#8230;"},"content":{"rendered":"<p>Mit lehet csin\u00e1lni ilyen melegben? Legurulni a Balaton partj\u00e1ra \u00e9s m\u00e1rt\u00f3zni egyet.<\/p>\n<div id=\"attachment_4391\" style=\"width: 213px\" class=\"wp-caption alignnone\"><a href=\"http:\/\/www.quiltingstudio.hu\/blog\/wp-content\/uploads\/2013\/08\/feluton.jpg\"><img aria-describedby=\"caption-attachment-4391\" decoding=\"async\" loading=\"lazy\" class=\"size-medium wp-image-4391\" title=\"feluton\" src=\"http:\/\/www.quiltingstudio.hu\/blog\/wp-content\/uploads\/2013\/08\/feluton-203x300.jpg\" alt=\"\" width=\"203\" height=\"300\" srcset=\"http:\/\/www.quiltingstudio.hu\/blog\/wp-content\/uploads\/2013\/08\/feluton-203x300.jpg 203w, http:\/\/www.quiltingstudio.hu\/blog\/wp-content\/uploads\/2013\/08\/feluton-694x1024.jpg 694w, http:\/\/www.quiltingstudio.hu\/blog\/wp-content\/uploads\/2013\/08\/feluton.jpg 808w\" sizes=\"(max-width: 203px) 100vw, 203px\" \/><\/a><p id=\"caption-attachment-4391\" class=\"wp-caption-text\">Tobruk fel\u00e9 f\u00e9l\u00faton<\/p><\/div>\n<p><!--more--><\/p>\n<p>Elhat\u00e1roztuk tegnap este, hogy ma keres\u00fcnk egy szabad strandot valahol a k\u00f6zelben \u00e9s f\u00fcrd\u00fcnk egyet a Balatonban.<\/p>\n<p>Balatonkenes\u00e9t szemelt\u00fck ki, itt sem j\u00e1rtunk m\u00e9g. (sem biciklivel, sem m\u00e1shogy) K\u00f6vett\u00fck sz\u00e9pen a ker\u00e9kp\u00e1r utat: Szentkir\u00e1lyszabadja-Balatonalm\u00e1di-Balatonf\u0171zf\u0151-Balatonkenese.<\/p>\n<p>Hajnalban indultunk, akkor m\u00e9g kellemes volt az id\u0151. Gondoltuk, hamar legurulunk, megm\u00e1rt\u00f3zunk \u00e9s m\u00e1r j\u00f6v\u00fcnk is vissza. Pikk-Pakk itthon lesz\u00fcnk&#8230;AHA<\/p>\n<div id=\"attachment_4392\" style=\"width: 310px\" class=\"wp-caption alignnone\"><a href=\"http:\/\/www.quiltingstudio.hu\/blog\/wp-content\/uploads\/2013\/08\/fuzfo.jpg\"><img aria-describedby=\"caption-attachment-4392\" decoding=\"async\" loading=\"lazy\" class=\"size-medium wp-image-4392\" title=\"fuzfo\" src=\"http:\/\/www.quiltingstudio.hu\/blog\/wp-content\/uploads\/2013\/08\/fuzfo-300x234.jpg\" alt=\"\" width=\"300\" height=\"234\" srcset=\"http:\/\/www.quiltingstudio.hu\/blog\/wp-content\/uploads\/2013\/08\/fuzfo-300x234.jpg 300w, http:\/\/www.quiltingstudio.hu\/blog\/wp-content\/uploads\/2013\/08\/fuzfo.jpg 808w\" sizes=\"(max-width: 300px) 100vw, 300px\" \/><\/a><p id=\"caption-attachment-4392\" class=\"wp-caption-text\">Balatonf\u0171zf\u0151 vas\u00fat\u00e1llom\u00e1s<\/p><\/div>\n<p>Nagyon kellemes volt az \u00fat oda fel\u00e9, sok helyen f\u00e1s, \u00e1rny\u00e9kos bicikli \u00faton.<\/p>\n<div id=\"attachment_4393\" style=\"width: 310px\" class=\"wp-caption alignnone\"><a href=\"http:\/\/www.quiltingstudio.hu\/blog\/wp-content\/uploads\/2013\/08\/fuzfo_kikoto.jpg\"><img aria-describedby=\"caption-attachment-4393\" decoding=\"async\" loading=\"lazy\" class=\"size-medium wp-image-4393\" title=\"fuzfo_kikoto\" src=\"http:\/\/www.quiltingstudio.hu\/blog\/wp-content\/uploads\/2013\/08\/fuzfo_kikoto-300x213.jpg\" alt=\"\" width=\"300\" height=\"213\" srcset=\"http:\/\/www.quiltingstudio.hu\/blog\/wp-content\/uploads\/2013\/08\/fuzfo_kikoto-300x213.jpg 300w, http:\/\/www.quiltingstudio.hu\/blog\/wp-content\/uploads\/2013\/08\/fuzfo_kikoto.jpg 808w\" sizes=\"(max-width: 300px) 100vw, 300px\" \/><\/a><p id=\"caption-attachment-4393\" class=\"wp-caption-text\">Kik\u00f6t\u0151<\/p><\/div>\n<p>Olyan j\u00f3l n\u00e9ztek ki, mint egy tengerpart&#8230;<\/p>\n<div id=\"attachment_4394\" style=\"width: 214px\" class=\"wp-caption alignnone\"><a href=\"http:\/\/www.quiltingstudio.hu\/blog\/wp-content\/uploads\/2013\/08\/kikoto_hajoval.jpg\"><img aria-describedby=\"caption-attachment-4394\" decoding=\"async\" loading=\"lazy\" class=\"size-medium wp-image-4394\" title=\"kikoto_hajoval\" src=\"http:\/\/www.quiltingstudio.hu\/blog\/wp-content\/uploads\/2013\/08\/kikoto_hajoval-204x300.jpg\" alt=\"\" width=\"204\" height=\"300\" srcset=\"http:\/\/www.quiltingstudio.hu\/blog\/wp-content\/uploads\/2013\/08\/kikoto_hajoval-204x300.jpg 204w, http:\/\/www.quiltingstudio.hu\/blog\/wp-content\/uploads\/2013\/08\/kikoto_hajoval-699x1024.jpg 699w, http:\/\/www.quiltingstudio.hu\/blog\/wp-content\/uploads\/2013\/08\/kikoto_hajoval.jpg 808w\" sizes=\"(max-width: 204px) 100vw, 204px\" \/><\/a><p id=\"caption-attachment-4394\" class=\"wp-caption-text\">Haj\u00f3kik\u00f6t\u0151<\/p><\/div>\n<p>A v\u00edz t\u00fck\u00f6r s\u00edma, tele hatty\u00fakkal, vadkacs\u00e1kkal. Kellemes, sz\u00e9pen gondozott m\u00f3l\u00f3val. T\u00f6k\u00e9letes hely egy reggelihez.<\/p>\n<div id=\"attachment_4395\" style=\"width: 310px\" class=\"wp-caption alignnone\"><a href=\"http:\/\/www.quiltingstudio.hu\/blog\/wp-content\/uploads\/2013\/08\/Visszafele.jpg\"><img aria-describedby=\"caption-attachment-4395\" decoding=\"async\" loading=\"lazy\" class=\"size-medium wp-image-4395\" title=\"Visszafele\" src=\"http:\/\/www.quiltingstudio.hu\/blog\/wp-content\/uploads\/2013\/08\/Visszafele-300x194.jpg\" alt=\"\" width=\"300\" height=\"194\" srcset=\"http:\/\/www.quiltingstudio.hu\/blog\/wp-content\/uploads\/2013\/08\/Visszafele-300x194.jpg 300w, http:\/\/www.quiltingstudio.hu\/blog\/wp-content\/uploads\/2013\/08\/Visszafele.jpg 808w\" sizes=\"(max-width: 300px) 100vw, 300px\" \/><\/a><p id=\"caption-attachment-4395\" class=\"wp-caption-text\">Visszafel\u00e9<\/p><\/div>\n<p>A k\u00e9p -sajnos- nem adja vissza l\u00e1tv\u00e1ny hangulat\u00e1t, pedig sz\u00e9p volt. El kell menni, ki kell pr\u00f3b\u00e1lni!<\/p>\n<div id=\"attachment_4396\" style=\"width: 310px\" class=\"wp-caption alignnone\"><a href=\"http:\/\/www.quiltingstudio.hu\/blog\/wp-content\/uploads\/2013\/08\/arpad-kut.jpg\"><img aria-describedby=\"caption-attachment-4396\" decoding=\"async\" loading=\"lazy\" class=\"size-medium wp-image-4396\" title=\"arpad kut\" src=\"http:\/\/www.quiltingstudio.hu\/blog\/wp-content\/uploads\/2013\/08\/arpad-kut-300x260.jpg\" alt=\"\" width=\"300\" height=\"260\" srcset=\"http:\/\/www.quiltingstudio.hu\/blog\/wp-content\/uploads\/2013\/08\/arpad-kut-300x260.jpg 300w, http:\/\/www.quiltingstudio.hu\/blog\/wp-content\/uploads\/2013\/08\/arpad-kut.jpg 808w\" sizes=\"(max-width: 300px) 100vw, 300px\" \/><\/a><p id=\"caption-attachment-4396\" class=\"wp-caption-text\">\u00c1rp\u00e1d k\u00fat<\/p><\/div>\n<p>Ha m\u00e1r itt j\u00e1rtunk megn\u00e9zt\u00fck.J\u00f3 p\u00e1r l\u00e9pcs\u0151n le kell menni \u00e9s l\u00e1m, csordog\u00e1l a v\u00edz. A k\u00fat ill. a k\u00f6rny\u00e9ke kiss\u00e9 elhanyagolt, pedig sz\u00e9p helyen van.<\/p>\n<p>3\/4 7 -kor indultunk \u00e9s a r\u00f6pke kis 52 km-es utat 1\/4 1-re m\u00e1r le is gy\u0171rt\u00fck. De mindenk\u00e9ppen meg\u00e9rte, kellemes volt ez a kir\u00e1ndul\u00e1s is! (t\u00f6bbek k\u00f6z\u00f6tt ez\u00e9rt is tudok ilyen <em>sz\u00e9pen<\/em>, <em>nyugodtan<\/em> \u00fcld\u00f6g\u00e9lni a g\u00e9p el\u0151tt \u00e9s a blogot \u00edrogatni !?)<\/p>\n","protected":false},"excerpt":{"rendered":"<p>Mit lehet csin\u00e1lni ilyen melegben? Legurulni a Balaton partj\u00e1ra \u00e9s m\u00e1rt\u00f3zni egyet.<\/p>\n","protected":false},"author":1,"featured_media":0,"comment_status":"open","ping_status":"closed","sticky":false,"template":"","format":"standard","meta":[],"categories":[12],"tags":[],"aioseo_notices":[],"views":2553,"_links":{"self":[{"href":"http:\/\/www.quiltingstudio.hu\/blog\/index.php?rest_route=\/wp\/v2\/posts\/4390"}],"collection":[{"href":"http:\/\/www.quiltingstudio.hu\/blog\/index.php?rest_route=\/wp\/v2\/posts"}],"about":[{"href":"http:\/\/www.quiltingstudio.hu\/blog\/index.php?rest_route=\/wp\/v2\/types\/post"}],"author":[{"embeddable":true,"href":"http:\/\/www.quiltingstudio.hu\/blog\/index.php?rest_route=\/wp\/v2\/users\/1"}],"replies":[{"embeddable":true,"href":"http:\/\/www.quiltingstudio.hu\/blog\/index.php?rest_route=%2Fwp%2Fv2%2Fcomments&post=4390"}],"version-history":[{"count":5,"href":"http:\/\/www.quiltingstudio.hu\/blog\/index.php?rest_route=\/wp\/v2\/posts\/4390\/revisions"}],"predecessor-version":[{"id":4408,"href":"http:\/\/www.quiltingstudio.hu\/blog\/index.php?rest_route=\/wp\/v2\/posts\/4390\/revisions\/4408"}],"wp:attachment":[{"href":"http:\/\/www.quiltingstudio.hu\/blog\/index.php?rest_route=%2Fwp%2Fv2%2Fmedia&parent=4390"}],"wp:term":[{"taxonomy":"category","embeddable":true,"href":"http:\/\/www.quiltingstudio.hu\/blog\/index.php?rest_route=%2Fwp%2Fv2%2Fcategories&post=4390"},{"taxonomy":"post_tag","embeddable":true,"href":"http:\/\/www.quiltingstudio.hu\/blog\/index.php?rest_route=%2Fwp%2Fv2%2Ftags&post=4390"}],"curies":[{"name":"wp","href":"https:\/\/api.w.org\/{rel}","templated":true}]}}