{"id":4400,"date":"2013-08-05T19:58:49","date_gmt":"2013-08-05T17:58:49","guid":{"rendered":"http:\/\/www.quiltingstudio.hu\/blog\/?p=4400"},"modified":"2013-08-05T19:58:49","modified_gmt":"2013-08-05T17:58:49","slug":"vagatlanul","status":"publish","type":"post","link":"http:\/\/www.quiltingstudio.hu\/blog\/?p=4400","title":{"rendered":"V\u00e1gatlanul&#8230;"},"content":{"rendered":"<p>Csak p\u00e1r k\u00e9p, ami valami\u00e9rt eddig kimaradt a besz\u00e1mol\u00f3imb\u00f3l.<\/p>\n<div id=\"attachment_4401\" style=\"width: 310px\" class=\"wp-caption alignnone\"><a href=\"http:\/\/www.quiltingstudio.hu\/blog\/wp-content\/uploads\/2013\/08\/kadarta.jpg\"><img aria-describedby=\"caption-attachment-4401\" decoding=\"async\" loading=\"lazy\" class=\"size-medium wp-image-4401\" title=\"kadarta\" src=\"http:\/\/www.quiltingstudio.hu\/blog\/wp-content\/uploads\/2013\/08\/kadarta-300x224.jpg\" alt=\"\" width=\"300\" height=\"224\" srcset=\"http:\/\/www.quiltingstudio.hu\/blog\/wp-content\/uploads\/2013\/08\/kadarta-300x224.jpg 300w, http:\/\/www.quiltingstudio.hu\/blog\/wp-content\/uploads\/2013\/08\/kadarta.jpg 807w\" sizes=\"(max-width: 300px) 100vw, 300px\" \/><\/a><p id=\"caption-attachment-4401\" class=\"wp-caption-text\">K\u00e1d\u00e1rta<\/p><\/div>\n<p>Kereszt\u00fcl kasul bej\u00e1rtuk.<\/p>\n<p><!--more--><\/p>\n<div id=\"attachment_4402\" style=\"width: 235px\" class=\"wp-caption alignnone\"><a href=\"http:\/\/www.quiltingstudio.hu\/blog\/wp-content\/uploads\/2013\/08\/kadarta2.jpg\"><img aria-describedby=\"caption-attachment-4402\" decoding=\"async\" loading=\"lazy\" class=\"size-medium wp-image-4402\" title=\"kadarta2\" src=\"http:\/\/www.quiltingstudio.hu\/blog\/wp-content\/uploads\/2013\/08\/kadarta2-225x300.jpg\" alt=\"\" width=\"225\" height=\"300\" srcset=\"http:\/\/www.quiltingstudio.hu\/blog\/wp-content\/uploads\/2013\/08\/kadarta2-225x300.jpg 225w, http:\/\/www.quiltingstudio.hu\/blog\/wp-content\/uploads\/2013\/08\/kadarta2-768x1024.jpg 768w, http:\/\/www.quiltingstudio.hu\/blog\/wp-content\/uploads\/2013\/08\/kadarta2.jpg 807w\" sizes=\"(max-width: 225px) 100vw, 225px\" \/><\/a><p id=\"caption-attachment-4402\" class=\"wp-caption-text\">Hidegkuti forr\u00e1s<\/p><\/div>\n<p>Nagyon kellemes pihen\u0151helynek t\u0171nik.<\/p>\n<div id=\"attachment_4403\" style=\"width: 235px\" class=\"wp-caption alignnone\"><a href=\"http:\/\/www.quiltingstudio.hu\/blog\/wp-content\/uploads\/2013\/08\/vizeses.jpg\"><img aria-describedby=\"caption-attachment-4403\" decoding=\"async\" loading=\"lazy\" class=\"size-medium wp-image-4403\" title=\"vizeses\" src=\"http:\/\/www.quiltingstudio.hu\/blog\/wp-content\/uploads\/2013\/08\/vizeses-225x300.jpg\" alt=\"\" width=\"225\" height=\"300\" srcset=\"http:\/\/www.quiltingstudio.hu\/blog\/wp-content\/uploads\/2013\/08\/vizeses-225x300.jpg 225w, http:\/\/www.quiltingstudio.hu\/blog\/wp-content\/uploads\/2013\/08\/vizeses-768x1024.jpg 768w, http:\/\/www.quiltingstudio.hu\/blog\/wp-content\/uploads\/2013\/08\/vizeses.jpg 807w\" sizes=\"(max-width: 225px) 100vw, 225px\" \/><\/a><p id=\"caption-attachment-4403\" class=\"wp-caption-text\">V\u00edzes\u00e9s<\/p><\/div>\n<p>Nem nagy, de l\u00e1tv\u00e1nyos.<\/p>\n<div id=\"attachment_4404\" style=\"width: 310px\" class=\"wp-caption alignnone\"><a href=\"http:\/\/www.quiltingstudio.hu\/blog\/wp-content\/uploads\/2013\/08\/vadaskert.jpg\"><img aria-describedby=\"caption-attachment-4404\" decoding=\"async\" loading=\"lazy\" class=\"size-medium wp-image-4404\" title=\"vadaskert\" src=\"http:\/\/www.quiltingstudio.hu\/blog\/wp-content\/uploads\/2013\/08\/vadaskert-300x224.jpg\" alt=\"\" width=\"300\" height=\"224\" srcset=\"http:\/\/www.quiltingstudio.hu\/blog\/wp-content\/uploads\/2013\/08\/vadaskert-300x224.jpg 300w, http:\/\/www.quiltingstudio.hu\/blog\/wp-content\/uploads\/2013\/08\/vadaskert.jpg 807w\" sizes=\"(max-width: 300px) 100vw, 300px\" \/><\/a><p id=\"caption-attachment-4404\" class=\"wp-caption-text\">Vadaskert<\/p><\/div>\n<p>\u00c9s ilyen is van Csat\u00e1r mellett! Eddig mi sem tudtunk a l\u00e9tez\u00e9s\u00e9r\u0151l.<\/p>\n","protected":false},"excerpt":{"rendered":"<p>Csak p\u00e1r k\u00e9p, ami valami\u00e9rt eddig kimaradt a besz\u00e1mol\u00f3imb\u00f3l. Kereszt\u00fcl kasul bej\u00e1rtuk.<\/p>\n","protected":false},"author":1,"featured_media":0,"comment_status":"open","ping_status":"closed","sticky":false,"template":"","format":"standard","meta":[],"categories":[12],"tags":[],"aioseo_notices":[],"views":2347,"_links":{"self":[{"href":"http:\/\/www.quiltingstudio.hu\/blog\/index.php?rest_route=\/wp\/v2\/posts\/4400"}],"collection":[{"href":"http:\/\/www.quiltingstudio.hu\/blog\/index.php?rest_route=\/wp\/v2\/posts"}],"about":[{"href":"http:\/\/www.quiltingstudio.hu\/blog\/index.php?rest_route=\/wp\/v2\/types\/post"}],"author":[{"embeddable":true,"href":"http:\/\/www.quiltingstudio.hu\/blog\/index.php?rest_route=\/wp\/v2\/users\/1"}],"replies":[{"embeddable":true,"href":"http:\/\/www.quiltingstudio.hu\/blog\/index.php?rest_route=%2Fwp%2Fv2%2Fcomments&post=4400"}],"version-history":[{"count":2,"href":"http:\/\/www.quiltingstudio.hu\/blog\/index.php?rest_route=\/wp\/v2\/posts\/4400\/revisions"}],"predecessor-version":[{"id":4406,"href":"http:\/\/www.quiltingstudio.hu\/blog\/index.php?rest_route=\/wp\/v2\/posts\/4400\/revisions\/4406"}],"wp:attachment":[{"href":"http:\/\/www.quiltingstudio.hu\/blog\/index.php?rest_route=%2Fwp%2Fv2%2Fmedia&parent=4400"}],"wp:term":[{"taxonomy":"category","embeddable":true,"href":"http:\/\/www.quiltingstudio.hu\/blog\/index.php?rest_route=%2Fwp%2Fv2%2Fcategories&post=4400"},{"taxonomy":"post_tag","embeddable":true,"href":"http:\/\/www.quiltingstudio.hu\/blog\/index.php?rest_route=%2Fwp%2Fv2%2Ftags&post=4400"}],"curies":[{"name":"wp","href":"https:\/\/api.w.org\/{rel}","templated":true}]}}