{"id":4424,"date":"2013-11-23T20:53:39","date_gmt":"2013-11-23T18:53:39","guid":{"rendered":"http:\/\/www.quiltingstudio.hu\/blog\/?p=4424"},"modified":"2013-11-26T08:34:59","modified_gmt":"2013-11-26T06:34:59","slug":"a-varros-szobam","status":"publish","type":"post","link":"http:\/\/www.quiltingstudio.hu\/blog\/?p=4424","title":{"rendered":"A varr\u00f3s szob\u00e1m&#8230;"},"content":{"rendered":"<div id=\"attachment_4425\" style=\"width: 310px\" class=\"wp-caption alignnone\"><a href=\"http:\/\/www.quiltingstudio.hu\/blog\/wp-content\/uploads\/2013\/11\/patika1.jpg\"><img aria-describedby=\"caption-attachment-4425\" decoding=\"async\" loading=\"lazy\" class=\"size-medium wp-image-4425\" title=\"patika1\" src=\"http:\/\/www.quiltingstudio.hu\/blog\/wp-content\/uploads\/2013\/11\/patika1-300x168.jpg\" alt=\"\" width=\"300\" height=\"168\" srcset=\"http:\/\/www.quiltingstudio.hu\/blog\/wp-content\/uploads\/2013\/11\/patika1-300x168.jpg 300w, http:\/\/www.quiltingstudio.hu\/blog\/wp-content\/uploads\/2013\/11\/patika1.jpg 805w\" sizes=\"(max-width: 300px) 100vw, 300px\" \/><\/a><p id=\"caption-attachment-4425\" class=\"wp-caption-text\">Studio<\/p><\/div>\n<p>Elt\u0171ntem, amire nyom\u00f3s okom volt&#8230; egy ideig.<\/p>\n<p>Egy k\u00f6lt\u00f6z\u00e9s sohasem egyszer\u0171, de egy \u00faj \u00e9s nagyobb, saj\u00e1t varr\u00f3s szob\u00e1\u00e9rt m\u00e1r meg\u00e9ri !!<\/p>\n<p><!--more--><\/p>\n<p>Ez a k\u00e9p a jelenlegi \u00e1llapotot t\u00fckr\u00f6zi, azaz el\u00e9g vacakul \u00e1llunk. De a j\u00f6v\u0151h\u00e9t sok fejl\u0151d\u00e9st \u00edg\u00e9r.<\/p>\n<p>Ami m\u00e9g h\u00e1tra van: fel kell szedni a j\u00e1r\u00f3lapot, a lin\u00f3leumot, ki kell egyenl\u00edteni az aljazatot, kicser\u00e9lni az ablakot , ajt\u00f3t,<\/p>\n<p>villanyszerel\u00e9st befejezni, festeni, tap\u00e9t\u00e1zni, lerakni az \u00faj padl\u00f3t stb&#8230;a t\u00f6bbi m\u00e1r csak apr\u00f3s\u00e1g ehhez k\u00e9pest.<\/p>\n<p>Na ezt szeretn\u00e9m el\u00e9rni kar\u00e1csonyig!!! Igaz\u00e1n nem sok&#8230;m\u00e9g csokit sem k\u00e9rtem&#8230;.:o)))<\/p>\n<p>&nbsp;<\/p>\n","protected":false},"excerpt":{"rendered":"<p>Elt\u0171ntem, amire nyom\u00f3s okom volt&#8230; egy ideig. Egy k\u00f6lt\u00f6z\u00e9s sohasem egyszer\u0171, de egy \u00faj \u00e9s nagyobb, saj\u00e1t varr\u00f3s szob\u00e1\u00e9rt m\u00e1r meg\u00e9ri !!<\/p>\n","protected":false},"author":1,"featured_media":0,"comment_status":"open","ping_status":"closed","sticky":false,"template":"","format":"standard","meta":[],"categories":[15],"tags":[],"aioseo_notices":[],"views":2049,"_links":{"self":[{"href":"http:\/\/www.quiltingstudio.hu\/blog\/index.php?rest_route=\/wp\/v2\/posts\/4424"}],"collection":[{"href":"http:\/\/www.quiltingstudio.hu\/blog\/index.php?rest_route=\/wp\/v2\/posts"}],"about":[{"href":"http:\/\/www.quiltingstudio.hu\/blog\/index.php?rest_route=\/wp\/v2\/types\/post"}],"author":[{"embeddable":true,"href":"http:\/\/www.quiltingstudio.hu\/blog\/index.php?rest_route=\/wp\/v2\/users\/1"}],"replies":[{"embeddable":true,"href":"http:\/\/www.quiltingstudio.hu\/blog\/index.php?rest_route=%2Fwp%2Fv2%2Fcomments&post=4424"}],"version-history":[{"count":5,"href":"http:\/\/www.quiltingstudio.hu\/blog\/index.php?rest_route=\/wp\/v2\/posts\/4424\/revisions"}],"predecessor-version":[{"id":4435,"href":"http:\/\/www.quiltingstudio.hu\/blog\/index.php?rest_route=\/wp\/v2\/posts\/4424\/revisions\/4435"}],"wp:attachment":[{"href":"http:\/\/www.quiltingstudio.hu\/blog\/index.php?rest_route=%2Fwp%2Fv2%2Fmedia&parent=4424"}],"wp:term":[{"taxonomy":"category","embeddable":true,"href":"http:\/\/www.quiltingstudio.hu\/blog\/index.php?rest_route=%2Fwp%2Fv2%2Fcategories&post=4424"},{"taxonomy":"post_tag","embeddable":true,"href":"http:\/\/www.quiltingstudio.hu\/blog\/index.php?rest_route=%2Fwp%2Fv2%2Ftags&post=4424"}],"curies":[{"name":"wp","href":"https:\/\/api.w.org\/{rel}","templated":true}]}}