{"id":4430,"date":"2013-11-26T08:34:37","date_gmt":"2013-11-26T06:34:37","guid":{"rendered":"http:\/\/www.quiltingstudio.hu\/blog\/?p=4430"},"modified":"2013-11-26T08:34:37","modified_gmt":"2013-11-26T06:34:37","slug":"studio","status":"publish","type":"post","link":"http:\/\/www.quiltingstudio.hu\/blog\/?p=4430","title":{"rendered":"St\u00fadi\u00f3&#8230;"},"content":{"rendered":"<p>V\u00e9gre siker\u00fclt megszabadulnia mind a lin\u00f3leumt\u00f3l, mind a j\u00e1r\u00f3lapt\u00f3l.<\/p>\n<p>Most ilyen:<\/p>\n<div id=\"attachment_4431\" style=\"width: 178px\" class=\"wp-caption alignnone\"><a href=\"http:\/\/www.quiltingstudio.hu\/blog\/wp-content\/uploads\/2013\/11\/studio_padlo.jpg\"><img aria-describedby=\"caption-attachment-4431\" decoding=\"async\" loading=\"lazy\" class=\"size-medium wp-image-4431\" title=\"studio_padlo\" src=\"http:\/\/www.quiltingstudio.hu\/blog\/wp-content\/uploads\/2013\/11\/studio_padlo-168x300.jpg\" alt=\"\" width=\"168\" height=\"300\" srcset=\"http:\/\/www.quiltingstudio.hu\/blog\/wp-content\/uploads\/2013\/11\/studio_padlo-168x300.jpg 168w, http:\/\/www.quiltingstudio.hu\/blog\/wp-content\/uploads\/2013\/11\/studio_padlo-576x1024.jpg 576w, http:\/\/www.quiltingstudio.hu\/blog\/wp-content\/uploads\/2013\/11\/studio_padlo.jpg 805w\" sizes=\"(max-width: 168px) 100vw, 168px\" \/><\/a><p id=\"caption-attachment-4431\" class=\"wp-caption-text\">aljzat<\/p><\/div>\n<p>Teh\u00e1t enn\u00e9l m\u00e1r nem nagyon lehet csupaszabb szeg\u00e9ny! Vagy igen?<\/p>\n<p>Terveim k\u00f6zt sz\u00e9p lamin\u00e1lt padl\u00f3 szerepel. Amit k\u00f6nny\u0171 tiszt\u00e1n tartani, \u00f6sszes\u00f6p\u00f6rni, hisz el\u00e9g sok c\u00e9rna lesz itt. De m\u00e9gis kicsit melegebb, mint egy j\u00e1r\u00f3lap.<\/p>\n<p>Rem\u00e9lem p\u00e1r nap m\u00falva \u00fajabb k\u00e9pekkel j\u00f6hetek, sz\u00e9p \u00faj ablakkal, ajt\u00f3val.<\/p>\n<p>Sz\u00e1m\u0171z\u00f6m a sok barn\u00e1t!!!!<\/p>\n","protected":false},"excerpt":{"rendered":"<p>V\u00e9gre siker\u00fclt megszabadulnia mind a lin\u00f3leumt\u00f3l, mind a j\u00e1r\u00f3lapt\u00f3l. Most ilyen: Teh\u00e1t enn\u00e9l m\u00e1r nem nagyon lehet csupaszabb szeg\u00e9ny! Vagy igen? Terveim k\u00f6zt sz\u00e9p lamin\u00e1lt padl\u00f3 szerepel. Amit k\u00f6nny\u0171 tiszt\u00e1n tartani, \u00f6sszes\u00f6p\u00f6rni, hisz el\u00e9g sok c\u00e9rna lesz itt. De m\u00e9gis kicsit melegebb, mint egy j\u00e1r\u00f3lap. Rem\u00e9lem p\u00e1r nap m\u00falva \u00fajabb k\u00e9pekkel j\u00f6hetek, sz\u00e9p \u00faj ablakkal, [&hellip;]<\/p>\n","protected":false},"author":1,"featured_media":0,"comment_status":"open","ping_status":"closed","sticky":false,"template":"","format":"standard","meta":[],"categories":[15],"tags":[],"aioseo_notices":[],"views":1694,"_links":{"self":[{"href":"http:\/\/www.quiltingstudio.hu\/blog\/index.php?rest_route=\/wp\/v2\/posts\/4430"}],"collection":[{"href":"http:\/\/www.quiltingstudio.hu\/blog\/index.php?rest_route=\/wp\/v2\/posts"}],"about":[{"href":"http:\/\/www.quiltingstudio.hu\/blog\/index.php?rest_route=\/wp\/v2\/types\/post"}],"author":[{"embeddable":true,"href":"http:\/\/www.quiltingstudio.hu\/blog\/index.php?rest_route=\/wp\/v2\/users\/1"}],"replies":[{"embeddable":true,"href":"http:\/\/www.quiltingstudio.hu\/blog\/index.php?rest_route=%2Fwp%2Fv2%2Fcomments&post=4430"}],"version-history":[{"count":3,"href":"http:\/\/www.quiltingstudio.hu\/blog\/index.php?rest_route=\/wp\/v2\/posts\/4430\/revisions"}],"predecessor-version":[{"id":4434,"href":"http:\/\/www.quiltingstudio.hu\/blog\/index.php?rest_route=\/wp\/v2\/posts\/4430\/revisions\/4434"}],"wp:attachment":[{"href":"http:\/\/www.quiltingstudio.hu\/blog\/index.php?rest_route=%2Fwp%2Fv2%2Fmedia&parent=4430"}],"wp:term":[{"taxonomy":"category","embeddable":true,"href":"http:\/\/www.quiltingstudio.hu\/blog\/index.php?rest_route=%2Fwp%2Fv2%2Fcategories&post=4430"},{"taxonomy":"post_tag","embeddable":true,"href":"http:\/\/www.quiltingstudio.hu\/blog\/index.php?rest_route=%2Fwp%2Fv2%2Ftags&post=4430"}],"curies":[{"name":"wp","href":"https:\/\/api.w.org\/{rel}","templated":true}]}}