{"id":4436,"date":"2013-11-27T10:00:43","date_gmt":"2013-11-27T08:00:43","guid":{"rendered":"http:\/\/www.quiltingstudio.hu\/blog\/?p=4436"},"modified":"2013-11-27T10:00:43","modified_gmt":"2013-11-27T08:00:43","slug":"studio-uj-ablakokkal","status":"publish","type":"post","link":"http:\/\/www.quiltingstudio.hu\/blog\/?p=4436","title":{"rendered":"Studi\u00f3 \u00faj ablakokkal&#8230;"},"content":{"rendered":"<p>Ha lassan is, de megfontoltan haladunk.<\/p>\n<p>Elk\u00e9sz\u00fcltek az \u00faj ny\u00edl\u00e1sz\u00e1r\u00f3k, s\u0151t mi t\u00f6bb, be is ker\u00fcltek a hely\u00fckre!<\/p>\n<div id=\"attachment_4437\" style=\"width: 310px\" class=\"wp-caption alignnone\"><a href=\"http:\/\/www.quiltingstudio.hu\/blog\/wp-content\/uploads\/2013\/11\/studio1127.jpg\"><img aria-describedby=\"caption-attachment-4437\" decoding=\"async\" loading=\"lazy\" class=\"size-medium wp-image-4437\" title=\"studio1127\" src=\"http:\/\/www.quiltingstudio.hu\/blog\/wp-content\/uploads\/2013\/11\/studio1127-300x168.jpg\" alt=\"\" width=\"300\" height=\"168\" srcset=\"http:\/\/www.quiltingstudio.hu\/blog\/wp-content\/uploads\/2013\/11\/studio1127-300x168.jpg 300w, http:\/\/www.quiltingstudio.hu\/blog\/wp-content\/uploads\/2013\/11\/studio1127.jpg 805w\" sizes=\"(max-width: 300px) 100vw, 300px\" \/><\/a><p id=\"caption-attachment-4437\" class=\"wp-caption-text\">mai \u00e1ll\u00e1s<\/p><\/div>\n<p>Egyik munka adja\u00a0 a m\u00e1sikat: most pedig lehet eltakar\u00edtani a nyomokat, azaz j\u00f6het a k\u0151m\u0171ves&#8230;<\/p>\n<p>M\u00e1r att\u00f3l vil\u00e1gosabb lett, hogy nem olyan s\u00f6t\u00e9t a keret. Most csak \u00fagy d\u0151l be a napf\u00e9ny!!! Hurr\u00e1!!!<\/p>\n<p>&nbsp;<\/p>\n","protected":false},"excerpt":{"rendered":"<p>Ha lassan is, de megfontoltan haladunk. Elk\u00e9sz\u00fcltek az \u00faj ny\u00edl\u00e1sz\u00e1r\u00f3k, s\u0151t mi t\u00f6bb, be is ker\u00fcltek a hely\u00fckre! Egyik munka adja\u00a0 a m\u00e1sikat: most pedig lehet eltakar\u00edtani a nyomokat, azaz j\u00f6het a k\u0151m\u0171ves&#8230; M\u00e1r att\u00f3l vil\u00e1gosabb lett, hogy nem olyan s\u00f6t\u00e9t a keret. Most csak \u00fagy d\u0151l be a napf\u00e9ny!!! Hurr\u00e1!!! &nbsp;<\/p>\n","protected":false},"author":1,"featured_media":0,"comment_status":"open","ping_status":"closed","sticky":false,"template":"","format":"standard","meta":[],"categories":[15],"tags":[],"aioseo_notices":[],"views":1897,"_links":{"self":[{"href":"http:\/\/www.quiltingstudio.hu\/blog\/index.php?rest_route=\/wp\/v2\/posts\/4436"}],"collection":[{"href":"http:\/\/www.quiltingstudio.hu\/blog\/index.php?rest_route=\/wp\/v2\/posts"}],"about":[{"href":"http:\/\/www.quiltingstudio.hu\/blog\/index.php?rest_route=\/wp\/v2\/types\/post"}],"author":[{"embeddable":true,"href":"http:\/\/www.quiltingstudio.hu\/blog\/index.php?rest_route=\/wp\/v2\/users\/1"}],"replies":[{"embeddable":true,"href":"http:\/\/www.quiltingstudio.hu\/blog\/index.php?rest_route=%2Fwp%2Fv2%2Fcomments&post=4436"}],"version-history":[{"count":2,"href":"http:\/\/www.quiltingstudio.hu\/blog\/index.php?rest_route=\/wp\/v2\/posts\/4436\/revisions"}],"predecessor-version":[{"id":4439,"href":"http:\/\/www.quiltingstudio.hu\/blog\/index.php?rest_route=\/wp\/v2\/posts\/4436\/revisions\/4439"}],"wp:attachment":[{"href":"http:\/\/www.quiltingstudio.hu\/blog\/index.php?rest_route=%2Fwp%2Fv2%2Fmedia&parent=4436"}],"wp:term":[{"taxonomy":"category","embeddable":true,"href":"http:\/\/www.quiltingstudio.hu\/blog\/index.php?rest_route=%2Fwp%2Fv2%2Fcategories&post=4436"},{"taxonomy":"post_tag","embeddable":true,"href":"http:\/\/www.quiltingstudio.hu\/blog\/index.php?rest_route=%2Fwp%2Fv2%2Ftags&post=4436"}],"curies":[{"name":"wp","href":"https:\/\/api.w.org\/{rel}","templated":true}]}}