{"id":4440,"date":"2013-11-30T14:03:40","date_gmt":"2013-11-30T12:03:40","guid":{"rendered":"http:\/\/www.quiltingstudio.hu\/blog\/?p=4440"},"modified":"2013-11-30T14:03:40","modified_gmt":"2013-11-30T12:03:40","slug":"alakulunk","status":"publish","type":"post","link":"http:\/\/www.quiltingstudio.hu\/blog\/?p=4440","title":{"rendered":"Alakulunk&#8230;"},"content":{"rendered":"<p>Elk\u00e9sz\u00fclt az ablakok, ajt\u00f3k cser\u00e9je ill. a k\u00f6zvetlen k\u00f6rny\u00e9k\u00e9nek a helyre\u00e1ll\u00edt\u00e1sa.<\/p>\n<div id=\"attachment_4441\" style=\"width: 310px\" class=\"wp-caption alignnone\"><a href=\"http:\/\/www.quiltingstudio.hu\/blog\/wp-content\/uploads\/2013\/11\/studio1130.jpg\"><img aria-describedby=\"caption-attachment-4441\" decoding=\"async\" loading=\"lazy\" class=\"size-medium wp-image-4441\" title=\"studio1130\" src=\"http:\/\/www.quiltingstudio.hu\/blog\/wp-content\/uploads\/2013\/11\/studio1130-300x168.jpg\" alt=\"\" width=\"300\" height=\"168\" srcset=\"http:\/\/www.quiltingstudio.hu\/blog\/wp-content\/uploads\/2013\/11\/studio1130-300x168.jpg 300w, http:\/\/www.quiltingstudio.hu\/blog\/wp-content\/uploads\/2013\/11\/studio1130.jpg 805w\" sizes=\"(max-width: 300px) 100vw, 300px\" \/><\/a><p id=\"caption-attachment-4441\" class=\"wp-caption-text\">elt\u0171nt a red\u0151nytok v\u00e9gre<\/p><\/div>\n<p>Nekem mindig p\u00e1r l\u00e9p\u00e9ssel a mesterek el\u0151tt kell lennem, azaz m\u00e1r kiv\u00e1lasztottam a lamin\u00e1lt padl\u00f3t, s\u0151t meg is vettem.<\/p>\n<p>\u00c9s hogy ne legyen olyan egyszer\u0171 egy kis meglepet\u00e9st is kital\u00e1ltam nekik. Tap\u00e9ta megvan, fal sz\u00edn\u00e9t m\u00e1r kiv\u00e1lasztottam, fest\u00e9k egy r\u00e9sze is megvan m\u00e1r.<\/p>\n<p>A f\u00fcgg\u00f6ny m\u00e9g okoz n\u00e9mi kis fejt\u00f6r\u00e9st, de megoldjuk&#8230;<\/p>\n<p>Sz\u00f3val rajta vagyok az \u00fcgy\u00f6n! :o)))<\/p>\n<p>&nbsp;<\/p>\n","protected":false},"excerpt":{"rendered":"<p>Elk\u00e9sz\u00fclt az ablakok, ajt\u00f3k cser\u00e9je ill. a k\u00f6zvetlen k\u00f6rny\u00e9k\u00e9nek a helyre\u00e1ll\u00edt\u00e1sa. Nekem mindig p\u00e1r l\u00e9p\u00e9ssel a mesterek el\u0151tt kell lennem, azaz m\u00e1r kiv\u00e1lasztottam a lamin\u00e1lt padl\u00f3t, s\u0151t meg is vettem. \u00c9s hogy ne legyen olyan egyszer\u0171 egy kis meglepet\u00e9st is kital\u00e1ltam nekik. Tap\u00e9ta megvan, fal sz\u00edn\u00e9t m\u00e1r kiv\u00e1lasztottam, fest\u00e9k egy r\u00e9sze is megvan m\u00e1r. A [&hellip;]<\/p>\n","protected":false},"author":1,"featured_media":0,"comment_status":"open","ping_status":"closed","sticky":false,"template":"","format":"standard","meta":[],"categories":[15],"tags":[],"aioseo_notices":[],"views":1862,"_links":{"self":[{"href":"http:\/\/www.quiltingstudio.hu\/blog\/index.php?rest_route=\/wp\/v2\/posts\/4440"}],"collection":[{"href":"http:\/\/www.quiltingstudio.hu\/blog\/index.php?rest_route=\/wp\/v2\/posts"}],"about":[{"href":"http:\/\/www.quiltingstudio.hu\/blog\/index.php?rest_route=\/wp\/v2\/types\/post"}],"author":[{"embeddable":true,"href":"http:\/\/www.quiltingstudio.hu\/blog\/index.php?rest_route=\/wp\/v2\/users\/1"}],"replies":[{"embeddable":true,"href":"http:\/\/www.quiltingstudio.hu\/blog\/index.php?rest_route=%2Fwp%2Fv2%2Fcomments&post=4440"}],"version-history":[{"count":2,"href":"http:\/\/www.quiltingstudio.hu\/blog\/index.php?rest_route=\/wp\/v2\/posts\/4440\/revisions"}],"predecessor-version":[{"id":4443,"href":"http:\/\/www.quiltingstudio.hu\/blog\/index.php?rest_route=\/wp\/v2\/posts\/4440\/revisions\/4443"}],"wp:attachment":[{"href":"http:\/\/www.quiltingstudio.hu\/blog\/index.php?rest_route=%2Fwp%2Fv2%2Fmedia&parent=4440"}],"wp:term":[{"taxonomy":"category","embeddable":true,"href":"http:\/\/www.quiltingstudio.hu\/blog\/index.php?rest_route=%2Fwp%2Fv2%2Fcategories&post=4440"},{"taxonomy":"post_tag","embeddable":true,"href":"http:\/\/www.quiltingstudio.hu\/blog\/index.php?rest_route=%2Fwp%2Fv2%2Ftags&post=4440"}],"curies":[{"name":"wp","href":"https:\/\/api.w.org\/{rel}","templated":true}]}}