{"id":4444,"date":"2013-12-10T17:18:59","date_gmt":"2013-12-10T15:18:59","guid":{"rendered":"http:\/\/www.quiltingstudio.hu\/blog\/?p=4444"},"modified":"2013-12-10T17:18:59","modified_gmt":"2013-12-10T15:18:59","slug":"alakulunk-2","status":"publish","type":"post","link":"http:\/\/www.quiltingstudio.hu\/blog\/?p=4444","title":{"rendered":"Alakulunk&#8230;"},"content":{"rendered":"<p>A kev\u00e9sb\u00e9 l\u00e1tv\u00e1nyos m\u0171veletekr\u0151l nem teszek fel k\u00e9peket, el\u00e9g ha elk\u00e9sz\u00fclnek.<\/p>\n<p>Ilyen pl. az aljzatkiegyenl\u00edt\u00e9s, sz\u00e9p sz\u00fcrke betonnak t\u0171nik. A l\u00e9nyeg, hogy egyenes lett.<\/p>\n<p>Elt\u0171ntek a falban a lyukak is, egyre jobban hasonl\u00edt egy szob\u00e1ra. M\u00e1r van sz\u00fanyogh\u00e1l\u00f3m is az balakon&#8230;<\/p>\n<p>A fest\u0151 felt\u00e1rta a r\u00e9gi r\u00e9tegeket, ilyen volt valaha r\u00e9ges-r\u00e9gen ez a szoba:<\/p>\n<div id=\"attachment_4445\" style=\"width: 310px\" class=\"wp-caption alignnone\"><a href=\"http:\/\/www.quiltingstudio.hu\/blog\/wp-content\/uploads\/2013\/12\/festes.jpg\"><img aria-describedby=\"caption-attachment-4445\" decoding=\"async\" loading=\"lazy\" class=\"size-medium wp-image-4445\" title=\"festes\" src=\"http:\/\/www.quiltingstudio.hu\/blog\/wp-content\/uploads\/2013\/12\/festes-300x168.jpg\" alt=\"\" width=\"300\" height=\"168\" srcset=\"http:\/\/www.quiltingstudio.hu\/blog\/wp-content\/uploads\/2013\/12\/festes-300x168.jpg 300w, http:\/\/www.quiltingstudio.hu\/blog\/wp-content\/uploads\/2013\/12\/festes.jpg 805w\" sizes=\"(max-width: 300px) 100vw, 300px\" \/><\/a><p id=\"caption-attachment-4445\" class=\"wp-caption-text\">A r\u00e9gm\u00falt<\/p><\/div>\n<p>Egyb\u0151l kett\u0151 minta is l\u00e1tszik, egy narancss\u00e1rg\u00e1s \u00e9s egy fekete mint\u00e1s is. Mikor is volt ez a hengeres fest\u00e9s divat?<\/p>\n<p>&nbsp;<\/p>\n","protected":false},"excerpt":{"rendered":"<p>A kev\u00e9sb\u00e9 l\u00e1tv\u00e1nyos m\u0171veletekr\u0151l nem teszek fel k\u00e9peket, el\u00e9g ha elk\u00e9sz\u00fclnek. Ilyen pl. az aljzatkiegyenl\u00edt\u00e9s, sz\u00e9p sz\u00fcrke betonnak t\u0171nik. A l\u00e9nyeg, hogy egyenes lett. Elt\u0171ntek a falban a lyukak is, egyre jobban hasonl\u00edt egy szob\u00e1ra. M\u00e1r van sz\u00fanyogh\u00e1l\u00f3m is az balakon&#8230; A fest\u0151 felt\u00e1rta a r\u00e9gi r\u00e9tegeket, ilyen volt valaha r\u00e9ges-r\u00e9gen ez a szoba: Egyb\u0151l [&hellip;]<\/p>\n","protected":false},"author":1,"featured_media":0,"comment_status":"open","ping_status":"closed","sticky":false,"template":"","format":"standard","meta":[],"categories":[15],"tags":[],"aioseo_notices":[],"views":1425,"_links":{"self":[{"href":"http:\/\/www.quiltingstudio.hu\/blog\/index.php?rest_route=\/wp\/v2\/posts\/4444"}],"collection":[{"href":"http:\/\/www.quiltingstudio.hu\/blog\/index.php?rest_route=\/wp\/v2\/posts"}],"about":[{"href":"http:\/\/www.quiltingstudio.hu\/blog\/index.php?rest_route=\/wp\/v2\/types\/post"}],"author":[{"embeddable":true,"href":"http:\/\/www.quiltingstudio.hu\/blog\/index.php?rest_route=\/wp\/v2\/users\/1"}],"replies":[{"embeddable":true,"href":"http:\/\/www.quiltingstudio.hu\/blog\/index.php?rest_route=%2Fwp%2Fv2%2Fcomments&post=4444"}],"version-history":[{"count":3,"href":"http:\/\/www.quiltingstudio.hu\/blog\/index.php?rest_route=\/wp\/v2\/posts\/4444\/revisions"}],"predecessor-version":[{"id":4448,"href":"http:\/\/www.quiltingstudio.hu\/blog\/index.php?rest_route=\/wp\/v2\/posts\/4444\/revisions\/4448"}],"wp:attachment":[{"href":"http:\/\/www.quiltingstudio.hu\/blog\/index.php?rest_route=%2Fwp%2Fv2%2Fmedia&parent=4444"}],"wp:term":[{"taxonomy":"category","embeddable":true,"href":"http:\/\/www.quiltingstudio.hu\/blog\/index.php?rest_route=%2Fwp%2Fv2%2Fcategories&post=4444"},{"taxonomy":"post_tag","embeddable":true,"href":"http:\/\/www.quiltingstudio.hu\/blog\/index.php?rest_route=%2Fwp%2Fv2%2Ftags&post=4444"}],"curies":[{"name":"wp","href":"https:\/\/api.w.org\/{rel}","templated":true}]}}