{"id":4454,"date":"2013-12-17T19:10:28","date_gmt":"2013-12-17T17:10:28","guid":{"rendered":"http:\/\/www.quiltingstudio.hu\/blog\/?p=4454"},"modified":"2013-12-16T19:17:33","modified_gmt":"2013-12-16T17:17:33","slug":"festes","status":"publish","type":"post","link":"http:\/\/www.quiltingstudio.hu\/blog\/?p=4454","title":{"rendered":"Fest\u00e9s.."},"content":{"rendered":"<p>Ez nagyon sokat sz\u00e1m\u00edt, eg\u00e9szen m\u00e1s form\u00e1ja lesz a helyis\u00e9gnek.<\/p>\n<div id=\"attachment_4455\" style=\"width: 310px\" class=\"wp-caption alignnone\"><a href=\"http:\/\/www.quiltingstudio.hu\/blog\/wp-content\/uploads\/2013\/12\/festesalatt.jpg\"><img aria-describedby=\"caption-attachment-4455\" decoding=\"async\" loading=\"lazy\" class=\"size-medium wp-image-4455\" title=\"festesalatt\" src=\"http:\/\/www.quiltingstudio.hu\/blog\/wp-content\/uploads\/2013\/12\/festesalatt-300x168.jpg\" alt=\"\" width=\"300\" height=\"168\" srcset=\"http:\/\/www.quiltingstudio.hu\/blog\/wp-content\/uploads\/2013\/12\/festesalatt-300x168.jpg 300w, http:\/\/www.quiltingstudio.hu\/blog\/wp-content\/uploads\/2013\/12\/festesalatt.jpg 805w\" sizes=\"(max-width: 300px) 100vw, 300px\" \/><\/a><p id=\"caption-attachment-4455\" class=\"wp-caption-text\">rejt\u0151zk\u00f6d\u0151 legu\u00e1n<\/p><\/div>\n<p>Eljutottunk id\u00e1ig v\u00e9gre, rengeteg porfelh\u0151n \u00e1t, most m\u00e1r alakul a szob\u00e1m!<!--more--><\/p>\n<p>K\u00e9t sz\u00edne lesz, egyik(sz\u00e9p eg\u00e9szs\u00e9ges z\u00f6ld) fant\u00e1zia neve: rejt\u0151zk\u00f6d\u0151 legu\u00e1n<\/p>\n<p>A m\u00e1sik fele a szob\u00e1nak pedig mandula sz\u00edn\u0171 lesz.<\/p>\n<div id=\"attachment_4456\" style=\"width: 178px\" class=\"wp-caption alignnone\"><a href=\"http:\/\/www.quiltingstudio.hu\/blog\/wp-content\/uploads\/2013\/12\/kandallo3.jpg\"><img aria-describedby=\"caption-attachment-4456\" decoding=\"async\" loading=\"lazy\" class=\"size-medium wp-image-4456\" title=\"kandallo3\" src=\"http:\/\/www.quiltingstudio.hu\/blog\/wp-content\/uploads\/2013\/12\/kandallo3-168x300.jpg\" alt=\"\" width=\"168\" height=\"300\" srcset=\"http:\/\/www.quiltingstudio.hu\/blog\/wp-content\/uploads\/2013\/12\/kandallo3-168x300.jpg 168w, http:\/\/www.quiltingstudio.hu\/blog\/wp-content\/uploads\/2013\/12\/kandallo3-576x1024.jpg 576w, http:\/\/www.quiltingstudio.hu\/blog\/wp-content\/uploads\/2013\/12\/kandallo3.jpg 805w\" sizes=\"(max-width: 168px) 100vw, 168px\" \/><\/a><p id=\"caption-attachment-4456\" class=\"wp-caption-text\">be\u00e9p\u00edtve<\/p><\/div>\n<p>A kandall\u00f3 feh\u00e9r marad, m\u00e1r csak a d\u00edsz\u00edt\u00e9sek hi\u00e1nyoznak r\u00f3la. M\u00f6g\u00f6tte m\u00e1r l\u00e1tszik valamennyire a mandula barna sz\u00edn.<\/p>\n<p>Most m\u00e1r csak SZ\u00c1RADNIA kell a szob\u00e1nak, ami sajnos nehezen megy ebben a hideg p\u00e1r\u00e1s id\u0151ben, \u00e9s j\u00f6het a padl\u00f3!<\/p>\n","protected":false},"excerpt":{"rendered":"<p>Ez nagyon sokat sz\u00e1m\u00edt, eg\u00e9szen m\u00e1s form\u00e1ja lesz a helyis\u00e9gnek. Eljutottunk id\u00e1ig v\u00e9gre, rengeteg porfelh\u0151n \u00e1t, most m\u00e1r alakul a szob\u00e1m!<\/p>\n","protected":false},"author":1,"featured_media":0,"comment_status":"open","ping_status":"closed","sticky":false,"template":"","format":"standard","meta":[],"categories":[15],"tags":[],"aioseo_notices":[],"views":2893,"_links":{"self":[{"href":"http:\/\/www.quiltingstudio.hu\/blog\/index.php?rest_route=\/wp\/v2\/posts\/4454"}],"collection":[{"href":"http:\/\/www.quiltingstudio.hu\/blog\/index.php?rest_route=\/wp\/v2\/posts"}],"about":[{"href":"http:\/\/www.quiltingstudio.hu\/blog\/index.php?rest_route=\/wp\/v2\/types\/post"}],"author":[{"embeddable":true,"href":"http:\/\/www.quiltingstudio.hu\/blog\/index.php?rest_route=\/wp\/v2\/users\/1"}],"replies":[{"embeddable":true,"href":"http:\/\/www.quiltingstudio.hu\/blog\/index.php?rest_route=%2Fwp%2Fv2%2Fcomments&post=4454"}],"version-history":[{"count":1,"href":"http:\/\/www.quiltingstudio.hu\/blog\/index.php?rest_route=\/wp\/v2\/posts\/4454\/revisions"}],"predecessor-version":[{"id":4457,"href":"http:\/\/www.quiltingstudio.hu\/blog\/index.php?rest_route=\/wp\/v2\/posts\/4454\/revisions\/4457"}],"wp:attachment":[{"href":"http:\/\/www.quiltingstudio.hu\/blog\/index.php?rest_route=%2Fwp%2Fv2%2Fmedia&parent=4454"}],"wp:term":[{"taxonomy":"category","embeddable":true,"href":"http:\/\/www.quiltingstudio.hu\/blog\/index.php?rest_route=%2Fwp%2Fv2%2Fcategories&post=4454"},{"taxonomy":"post_tag","embeddable":true,"href":"http:\/\/www.quiltingstudio.hu\/blog\/index.php?rest_route=%2Fwp%2Fv2%2Ftags&post=4454"}],"curies":[{"name":"wp","href":"https:\/\/api.w.org\/{rel}","templated":true}]}}