{"id":4460,"date":"2013-12-18T20:04:28","date_gmt":"2013-12-18T18:04:28","guid":{"rendered":"http:\/\/www.quiltingstudio.hu\/blog\/?p=4460"},"modified":"2013-12-17T21:14:20","modified_gmt":"2013-12-17T19:14:20","slug":"es-lon-vilagossag","status":"publish","type":"post","link":"http:\/\/www.quiltingstudio.hu\/blog\/?p=4460","title":{"rendered":"\u00c9s l\u0151n vil\u00e1goss\u00e1g&#8230;"},"content":{"rendered":"<p>most m\u00e1r van vil\u00e1g\u00edt\u00e1s is a varr\u00f3s szob\u00e1mban!<\/p>\n<div id=\"attachment_4461\" style=\"width: 310px\" class=\"wp-caption alignnone\"><a href=\"http:\/\/www.quiltingstudio.hu\/blog\/wp-content\/uploads\/2013\/12\/vil\u00e1g\u00edt\u00e1s.jpg\"><img aria-describedby=\"caption-attachment-4461\" decoding=\"async\" loading=\"lazy\" class=\"size-medium wp-image-4461\" title=\"vil\u00e1g\u00edt\u00e1s\" src=\"http:\/\/www.quiltingstudio.hu\/blog\/wp-content\/uploads\/2013\/12\/vil\u00e1g\u00edt\u00e1s-300x143.jpg\" alt=\"\" width=\"300\" height=\"143\" srcset=\"http:\/\/www.quiltingstudio.hu\/blog\/wp-content\/uploads\/2013\/12\/vil\u00e1g\u00edt\u00e1s-300x143.jpg 300w, http:\/\/www.quiltingstudio.hu\/blog\/wp-content\/uploads\/2013\/12\/vil\u00e1g\u00edt\u00e1s.jpg 806w\" sizes=\"(max-width: 300px) 100vw, 300px\" \/><\/a><p id=\"caption-attachment-4461\" class=\"wp-caption-text\">az \u00faj l\u00e1mp\u00e1k<\/p><\/div>\n<p>Nagyon izgalmas vil\u00e1g\u00edt\u00f3testeket siker\u00fclt beszerezni, kellemesek \u00e9s egyben el\u00e9g f\u00e9nyt is adnak, hisz 3 is van a mennyezeten.<!--more-->Persze enn\u00e9l m\u00e9g nem lehetne varrni, ez\u00e9rt k\u00e9sz\u00fclt egy kev\u00e9sb\u00e9 izgalmas, de ann\u00e1l hat\u00e9konyabb l\u00e1mpa az asztalom f\u00f6l\u00e9.<\/p>\n<div id=\"attachment_4462\" style=\"width: 310px\" class=\"wp-caption alignnone\"><a href=\"http:\/\/www.quiltingstudio.hu\/blog\/wp-content\/uploads\/2013\/12\/lampak.jpg\"><img aria-describedby=\"caption-attachment-4462\" decoding=\"async\" loading=\"lazy\" class=\"size-medium wp-image-4462\" title=\"lampak\" src=\"http:\/\/www.quiltingstudio.hu\/blog\/wp-content\/uploads\/2013\/12\/lampak-300x168.jpg\" alt=\"\" width=\"300\" height=\"168\" srcset=\"http:\/\/www.quiltingstudio.hu\/blog\/wp-content\/uploads\/2013\/12\/lampak-300x168.jpg 300w, http:\/\/www.quiltingstudio.hu\/blog\/wp-content\/uploads\/2013\/12\/lampak-1024x576.jpg 1024w\" sizes=\"(max-width: 300px) 100vw, 300px\" \/><\/a><p id=\"caption-attachment-4462\" class=\"wp-caption-text\">f\u00e9nyek<\/p><\/div>\n<p>A k\u00e9p jobb oldal\u00e1n l\u00e1tszik az armat\u00fara egy r\u00e9sze. Mindez majd az ablak el\u0151tt&#8230; lesz itt f\u00e9ny!<\/p>\n<p>A d\u00edsz\u00edt\u00e9s a szob\u00e1ban egy kis tap\u00e9ta cs\u00edk, ami elv\u00e1lasztja a k\u00e9t sz\u00ednt egym\u00e1st\u00f3l.<\/p>\n<div id=\"attachment_4463\" style=\"width: 178px\" class=\"wp-caption alignnone\"><a href=\"http:\/\/www.quiltingstudio.hu\/blog\/wp-content\/uploads\/2013\/12\/tapeta.jpg\"><img aria-describedby=\"caption-attachment-4463\" decoding=\"async\" loading=\"lazy\" class=\"size-medium wp-image-4463\" title=\"tapeta\" src=\"http:\/\/www.quiltingstudio.hu\/blog\/wp-content\/uploads\/2013\/12\/tapeta-168x300.jpg\" alt=\"\" width=\"168\" height=\"300\" srcset=\"http:\/\/www.quiltingstudio.hu\/blog\/wp-content\/uploads\/2013\/12\/tapeta-168x300.jpg 168w, http:\/\/www.quiltingstudio.hu\/blog\/wp-content\/uploads\/2013\/12\/tapeta-575x1024.jpg 575w, http:\/\/www.quiltingstudio.hu\/blog\/wp-content\/uploads\/2013\/12\/tapeta.jpg 806w\" sizes=\"(max-width: 168px) 100vw, 168px\" \/><\/a><p id=\"caption-attachment-4463\" class=\"wp-caption-text\">Bord\u0171r<\/p><\/div>\n<p>Ami v\u00e9letlen\u00fcl pont ilyen sz\u00ednekb\u0151l \u00e1ll!<\/p>\n<p>(a falon nincsenek foltok, csak optikai csal\u00f3d\u00e1s, t\u00fckr\u00f6z\u0151dnek a f\u00e9nyek!)<\/p>\n<p>Majd megpr\u00f3b\u00e1lok term\u00e9szetes f\u00e9nyn\u00e9l is k\u00e9sz\u00edteni k\u00e9peket, de sajnos ilyen a munk\u00e1sok \u00e9lete: mire haza\u00e9rek m\u00e1r j\u00f3csk\u00e1n s\u00f6t\u00e9t van!<\/p>\n<p>&nbsp;<\/p>\n","protected":false},"excerpt":{"rendered":"<p>most m\u00e1r van vil\u00e1g\u00edt\u00e1s is a varr\u00f3s szob\u00e1mban! Nagyon izgalmas vil\u00e1g\u00edt\u00f3testeket siker\u00fclt beszerezni, kellemesek \u00e9s egyben el\u00e9g f\u00e9nyt is adnak, hisz 3 is van a mennyezeten.<\/p>\n","protected":false},"author":1,"featured_media":0,"comment_status":"open","ping_status":"closed","sticky":false,"template":"","format":"standard","meta":[],"categories":[3,15],"tags":[],"aioseo_notices":[],"views":2863,"_links":{"self":[{"href":"http:\/\/www.quiltingstudio.hu\/blog\/index.php?rest_route=\/wp\/v2\/posts\/4460"}],"collection":[{"href":"http:\/\/www.quiltingstudio.hu\/blog\/index.php?rest_route=\/wp\/v2\/posts"}],"about":[{"href":"http:\/\/www.quiltingstudio.hu\/blog\/index.php?rest_route=\/wp\/v2\/types\/post"}],"author":[{"embeddable":true,"href":"http:\/\/www.quiltingstudio.hu\/blog\/index.php?rest_route=\/wp\/v2\/users\/1"}],"replies":[{"embeddable":true,"href":"http:\/\/www.quiltingstudio.hu\/blog\/index.php?rest_route=%2Fwp%2Fv2%2Fcomments&post=4460"}],"version-history":[{"count":3,"href":"http:\/\/www.quiltingstudio.hu\/blog\/index.php?rest_route=\/wp\/v2\/posts\/4460\/revisions"}],"predecessor-version":[{"id":4466,"href":"http:\/\/www.quiltingstudio.hu\/blog\/index.php?rest_route=\/wp\/v2\/posts\/4460\/revisions\/4466"}],"wp:attachment":[{"href":"http:\/\/www.quiltingstudio.hu\/blog\/index.php?rest_route=%2Fwp%2Fv2%2Fmedia&parent=4460"}],"wp:term":[{"taxonomy":"category","embeddable":true,"href":"http:\/\/www.quiltingstudio.hu\/blog\/index.php?rest_route=%2Fwp%2Fv2%2Fcategories&post=4460"},{"taxonomy":"post_tag","embeddable":true,"href":"http:\/\/www.quiltingstudio.hu\/blog\/index.php?rest_route=%2Fwp%2Fv2%2Ftags&post=4460"}],"curies":[{"name":"wp","href":"https:\/\/api.w.org\/{rel}","templated":true}]}}