{"id":4467,"date":"2013-12-22T18:12:40","date_gmt":"2013-12-22T16:12:40","guid":{"rendered":"http:\/\/www.quiltingstudio.hu\/blog\/?p=4467"},"modified":"2013-12-22T18:12:40","modified_gmt":"2013-12-22T16:12:40","slug":"studio-1-0","status":"publish","type":"post","link":"http:\/\/www.quiltingstudio.hu\/blog\/?p=4467","title":{"rendered":"St\u00fadi\u00f3 1.0 &#8230;"},"content":{"rendered":"<p>Legnagyobb \u00f6r\u00f6m\u00f6mre elk\u00e9sz\u00fclt a padl\u00f3 is, &#8211; f\u00f3z n\u00e9lk\u00fcli- , hogy min\u00e9l k\u00f6nnyebb legyen a c\u00e9rn\u00e1kat \u00e9s pl. a gombost\u0171ket \u00f6sszetakar\u00edtani.<\/p>\n<div id=\"attachment_4468\" style=\"width: 310px\" class=\"wp-caption alignnone\"><a href=\"http:\/\/www.quiltingstudio.hu\/blog\/wp-content\/uploads\/2013\/12\/padloval.jpg\"><img aria-describedby=\"caption-attachment-4468\" decoding=\"async\" loading=\"lazy\" class=\"size-medium wp-image-4468\" title=\"padloval\" src=\"http:\/\/www.quiltingstudio.hu\/blog\/wp-content\/uploads\/2013\/12\/padloval-300x222.jpg\" alt=\"\" width=\"300\" height=\"222\" srcset=\"http:\/\/www.quiltingstudio.hu\/blog\/wp-content\/uploads\/2013\/12\/padloval-300x222.jpg 300w, http:\/\/www.quiltingstudio.hu\/blog\/wp-content\/uploads\/2013\/12\/padloval.jpg 806w\" sizes=\"(max-width: 300px) 100vw, 300px\" \/><\/a><p id=\"caption-attachment-4468\" class=\"wp-caption-text\">M\u00e1r padl\u00f3val<\/p><\/div>\n<p>\u00dagy l\u00e1tszik, a f\u00e9nyk\u00e9pez\u0151m sem \u00faszta meg&#8230;m\u00e9g a lencse is poros (att\u00f3l vannak a p\u00f6tty\u00f6k a k\u00e9pen).<\/p>\n<p><!--more--><\/p>\n<p>Erre v\u00e1rtam m\u00e1r mi\u00f3ta&#8230; v\u00e9gre betoltam a varr\u00f3s asztalomat \u00e9s lekezdtem lek\u00f6lt\u00f6zni a st\u00fadi\u00f3ba. T\u00e9nyleg csak p\u00e1r <em>nagyon sz\u00fcks\u00e9ges<\/em> holmit vittem fel az emeletre, m\u00e9gis vagy \u00f6t\u00f6t fordultunk ketten, mire mindet lehordtuk.<\/p>\n<div id=\"attachment_4469\" style=\"width: 310px\" class=\"wp-caption alignnone\"><a href=\"http:\/\/www.quiltingstudio.hu\/blog\/wp-content\/uploads\/2013\/12\/fuggonnyel.jpg\"><img aria-describedby=\"caption-attachment-4469\" decoding=\"async\" loading=\"lazy\" class=\"size-medium wp-image-4469\" title=\"fuggonnyel\" src=\"http:\/\/www.quiltingstudio.hu\/blog\/wp-content\/uploads\/2013\/12\/fuggonnyel-300x168.jpg\" alt=\"\" width=\"300\" height=\"168\" srcset=\"http:\/\/www.quiltingstudio.hu\/blog\/wp-content\/uploads\/2013\/12\/fuggonnyel-300x168.jpg 300w, http:\/\/www.quiltingstudio.hu\/blog\/wp-content\/uploads\/2013\/12\/fuggonnyel.jpg 805w\" sizes=\"(max-width: 300px) 100vw, 300px\" \/><\/a><p id=\"caption-attachment-4469\" class=\"wp-caption-text\">Ideiglenes f\u00fcgg\u00f6ny\u00f6kkel<\/p><\/div>\n<p>Siker\u00fclt m\u00e9g gyorsan megrendelnem \u00e9s megvennem a f\u00fcgg\u00f6nykarnisokat. Sajnos -ilyen szempontb\u00f3l- a kar\u00e1csony nem j\u00f3kor j\u00f6tt. \u00cdgy a f\u00fcgg\u00f6nyt- az igazit- m\u00e9g nem siker\u00fclt beszereznem. Nem tal\u00e1ltam olyant, amit \u00e9n ide elk\u00e9pzeltem, az\u00e9rt addig idegigelenesen a r\u00e9gi f\u00fcgg\u00f6ny\u00f6ket tettem fel.<\/p>\n<p>De ett\u0151l m\u00e1r lehet varrni!!!Varr\u00f3g\u00e9p a hely\u00e9re ker\u00fclt, az egyik, m\u00e1sik m\u00e9g a dobozban v\u00e1rja az asztal\u00e1t.<\/p>\n<p>Vasal\u00f3deszka \u00e9s a vasal\u00f3 el\u0151k\u00e9sz\u00edtve, v\u00e1g\u00f3lapokat el\u0151kerestem, vonalz\u00f3k a hely\u00fckre ker\u00fcltek. Sz\u00f3val j\u00f3l haladunk.<\/p>\n","protected":false},"excerpt":{"rendered":"<p>Legnagyobb \u00f6r\u00f6m\u00f6mre elk\u00e9sz\u00fclt a padl\u00f3 is, &#8211; f\u00f3z n\u00e9lk\u00fcli- , hogy min\u00e9l k\u00f6nnyebb legyen a c\u00e9rn\u00e1kat \u00e9s pl. a gombost\u0171ket \u00f6sszetakar\u00edtani. \u00dagy l\u00e1tszik, a f\u00e9nyk\u00e9pez\u0151m sem \u00faszta meg&#8230;m\u00e9g a lencse is poros (att\u00f3l vannak a p\u00f6tty\u00f6k a k\u00e9pen).<\/p>\n","protected":false},"author":1,"featured_media":0,"comment_status":"open","ping_status":"closed","sticky":false,"template":"","format":"standard","meta":[],"categories":[15],"tags":[],"aioseo_notices":[],"views":2031,"_links":{"self":[{"href":"http:\/\/www.quiltingstudio.hu\/blog\/index.php?rest_route=\/wp\/v2\/posts\/4467"}],"collection":[{"href":"http:\/\/www.quiltingstudio.hu\/blog\/index.php?rest_route=\/wp\/v2\/posts"}],"about":[{"href":"http:\/\/www.quiltingstudio.hu\/blog\/index.php?rest_route=\/wp\/v2\/types\/post"}],"author":[{"embeddable":true,"href":"http:\/\/www.quiltingstudio.hu\/blog\/index.php?rest_route=\/wp\/v2\/users\/1"}],"replies":[{"embeddable":true,"href":"http:\/\/www.quiltingstudio.hu\/blog\/index.php?rest_route=%2Fwp%2Fv2%2Fcomments&post=4467"}],"version-history":[{"count":2,"href":"http:\/\/www.quiltingstudio.hu\/blog\/index.php?rest_route=\/wp\/v2\/posts\/4467\/revisions"}],"predecessor-version":[{"id":4471,"href":"http:\/\/www.quiltingstudio.hu\/blog\/index.php?rest_route=\/wp\/v2\/posts\/4467\/revisions\/4471"}],"wp:attachment":[{"href":"http:\/\/www.quiltingstudio.hu\/blog\/index.php?rest_route=%2Fwp%2Fv2%2Fmedia&parent=4467"}],"wp:term":[{"taxonomy":"category","embeddable":true,"href":"http:\/\/www.quiltingstudio.hu\/blog\/index.php?rest_route=%2Fwp%2Fv2%2Fcategories&post=4467"},{"taxonomy":"post_tag","embeddable":true,"href":"http:\/\/www.quiltingstudio.hu\/blog\/index.php?rest_route=%2Fwp%2Fv2%2Ftags&post=4467"}],"curies":[{"name":"wp","href":"https:\/\/api.w.org\/{rel}","templated":true}]}}