{"id":447,"date":"2008-06-18T19:07:17","date_gmt":"2008-06-18T17:07:17","guid":{"rendered":"http:\/\/www.quiltingstudio.hu\/blog\/?p=447"},"modified":"2008-06-18T19:07:17","modified_gmt":"2008-06-18T17:07:17","slug":"talcas-festes-procionnal","status":"publish","type":"post","link":"http:\/\/www.quiltingstudio.hu\/blog\/?p=447","title":{"rendered":"T\u00e1lc\u00e1s fest\u00e9s Procionnal"},"content":{"rendered":"<p>M\u00e1r r\u00e9g\u00f3ta izgatott ez a fajta technika, h\u00e1t kipr\u00f3b\u00e1ltam az Ildi seg\u00edts\u00e9g\u00e9vel. \u00cdme az eredm\u00e9ny.<\/p>\n<p><a href=\"http:\/\/www.quiltingstudio.hu\/blog\/wp-content\/uploads\/2008\/06\/talcas-festett2.jpg\"><img decoding=\"async\" loading=\"lazy\" class=\"alignnone size-medium wp-image-448\" title=\"talcas-festett2\" src=\"http:\/\/www.quiltingstudio.hu\/blog\/wp-content\/uploads\/2008\/06\/talcas-festett2-300x222.jpg\" alt=\"tray dyeing\" width=\"300\" height=\"222\" srcset=\"http:\/\/www.quiltingstudio.hu\/blog\/wp-content\/uploads\/2008\/06\/talcas-festett2-300x222.jpg 300w, http:\/\/www.quiltingstudio.hu\/blog\/wp-content\/uploads\/2008\/06\/talcas-festett2.jpg 500w\" sizes=\"(max-width: 300px) 100vw, 300px\" \/><\/a><\/p>\n<p>Csak kett\u0151 sz\u00ednt haszn\u00e1ltam, egy k\u00f6z\u00e9p k\u00e9ket \u00e9s egy meleg naps\u00e1rg\u00e1t. A kett\u0151t egym\u00e1snak eresztve kaptam ezt az eredm\u00e9nyt. Tal\u00e1n (\u00edgy ut\u00f3lag m\u00e1r tudom) kicsit jobban is egym\u00e1sba futtathattam volna \u0151ket, vagy egy kis feket\u00e9t adhattam volna m\u00e9g hozz\u00e1, de nekem \u00edgy is tetszik.<\/p>\n<p><a href=\"http:\/\/www.quiltingstudio.hu\/blog\/wp-content\/uploads\/2008\/06\/talcas-festett.jpg\"><img decoding=\"async\" loading=\"lazy\" class=\"alignnone size-medium wp-image-449\" title=\"talcas-festett\" src=\"http:\/\/www.quiltingstudio.hu\/blog\/wp-content\/uploads\/2008\/06\/talcas-festett-300x148.jpg\" alt=\"t\u00e1lc\u00e1s fest\u00e9s\" width=\"300\" height=\"148\" srcset=\"http:\/\/www.quiltingstudio.hu\/blog\/wp-content\/uploads\/2008\/06\/talcas-festett-300x148.jpg 300w, http:\/\/www.quiltingstudio.hu\/blog\/wp-content\/uploads\/2008\/06\/talcas-festett.jpg 500w\" sizes=\"(max-width: 300px) 100vw, 300px\" \/><\/a><\/p>\n<p>A t\u00e1lca m\u00e9rete is befoly\u00e1solja a mennyis\u00e9get, ( ha m\u00e1r elkezdtem, illik telegy\u00f6m\u00f6sz\u00f6lni) \u00edgy lett bel\u0151le b\u0151ven. Ezek kb 60x120cm-es darabok.<\/p>\n","protected":false},"excerpt":{"rendered":"<p>M\u00e1r r\u00e9g\u00f3ta izgatott ez a fajta technika, h\u00e1t kipr\u00f3b\u00e1ltam az Ildi seg\u00edts\u00e9g\u00e9vel. \u00cdme az eredm\u00e9ny. Csak kett\u0151 sz\u00ednt haszn\u00e1ltam, egy k\u00f6z\u00e9p k\u00e9ket \u00e9s egy meleg naps\u00e1rg\u00e1t. A kett\u0151t egym\u00e1snak eresztve kaptam ezt az eredm\u00e9nyt. Tal\u00e1n (\u00edgy ut\u00f3lag m\u00e1r tudom) kicsit jobban is egym\u00e1sba futtathattam volna \u0151ket, vagy egy kis feket\u00e9t adhattam volna m\u00e9g hozz\u00e1, de [&hellip;]<\/p>\n","protected":false},"author":1,"featured_media":0,"comment_status":"open","ping_status":"closed","sticky":false,"template":"","format":"standard","meta":[],"categories":[3],"tags":[],"aioseo_notices":[],"views":1740,"_links":{"self":[{"href":"http:\/\/www.quiltingstudio.hu\/blog\/index.php?rest_route=\/wp\/v2\/posts\/447"}],"collection":[{"href":"http:\/\/www.quiltingstudio.hu\/blog\/index.php?rest_route=\/wp\/v2\/posts"}],"about":[{"href":"http:\/\/www.quiltingstudio.hu\/blog\/index.php?rest_route=\/wp\/v2\/types\/post"}],"author":[{"embeddable":true,"href":"http:\/\/www.quiltingstudio.hu\/blog\/index.php?rest_route=\/wp\/v2\/users\/1"}],"replies":[{"embeddable":true,"href":"http:\/\/www.quiltingstudio.hu\/blog\/index.php?rest_route=%2Fwp%2Fv2%2Fcomments&post=447"}],"version-history":[{"count":0,"href":"http:\/\/www.quiltingstudio.hu\/blog\/index.php?rest_route=\/wp\/v2\/posts\/447\/revisions"}],"wp:attachment":[{"href":"http:\/\/www.quiltingstudio.hu\/blog\/index.php?rest_route=%2Fwp%2Fv2%2Fmedia&parent=447"}],"wp:term":[{"taxonomy":"category","embeddable":true,"href":"http:\/\/www.quiltingstudio.hu\/blog\/index.php?rest_route=%2Fwp%2Fv2%2Fcategories&post=447"},{"taxonomy":"post_tag","embeddable":true,"href":"http:\/\/www.quiltingstudio.hu\/blog\/index.php?rest_route=%2Fwp%2Fv2%2Ftags&post=447"}],"curies":[{"name":"wp","href":"https:\/\/api.w.org\/{rel}","templated":true}]}}