{"id":4472,"date":"2013-12-24T21:28:51","date_gmt":"2013-12-24T19:28:51","guid":{"rendered":"http:\/\/www.quiltingstudio.hu\/blog\/?p=4472"},"modified":"2013-12-24T21:28:51","modified_gmt":"2013-12-24T19:28:51","slug":"karacsony","status":"publish","type":"post","link":"http:\/\/www.quiltingstudio.hu\/blog\/?p=4472","title":{"rendered":"Kar\u00e1csony&#8230;"},"content":{"rendered":"<div id=\"attachment_4473\" style=\"width: 213px\" class=\"wp-caption alignnone\"><a href=\"http:\/\/www.quiltingstudio.hu\/blog\/wp-content\/uploads\/2013\/12\/karacsony2.jpg\"><img aria-describedby=\"caption-attachment-4473\" decoding=\"async\" loading=\"lazy\" class=\"size-medium wp-image-4473\" title=\"karacsony2\" src=\"http:\/\/www.quiltingstudio.hu\/blog\/wp-content\/uploads\/2013\/12\/karacsony2-203x300.jpg\" alt=\"\" width=\"203\" height=\"300\" srcset=\"http:\/\/www.quiltingstudio.hu\/blog\/wp-content\/uploads\/2013\/12\/karacsony2-203x300.jpg 203w, http:\/\/www.quiltingstudio.hu\/blog\/wp-content\/uploads\/2013\/12\/karacsony2-696x1024.jpg 696w, http:\/\/www.quiltingstudio.hu\/blog\/wp-content\/uploads\/2013\/12\/karacsony2.jpg 805w\" sizes=\"(max-width: 203px) 100vw, 203px\" \/><\/a><p id=\"caption-attachment-4473\" class=\"wp-caption-text\">egy kis melegs\u00e9g<\/p><\/div>\n<p>Evvel a k\u00e9ppel <em><strong>k\u00edv\u00e1nok b\u00e9k\u00e9s, \u00e1ldott kar\u00e1csonyt mindenkinek<\/strong><\/em>!<\/p>\n<p>A kandall\u00f3t (mint a k\u00e9p is igazolja) be\u00fczemelt\u00fcnk! Nagyon kellemes l\u00e1tv\u00e1ny, ahogy \u00e9g a t\u0171z benne. K\u00e9sz\u00edtett\u00fcnk vide\u00f3t is, p\u00e1r nap m\u00falva felteszem.<\/p>\n","protected":false},"excerpt":{"rendered":"<p>Evvel a k\u00e9ppel k\u00edv\u00e1nok b\u00e9k\u00e9s, \u00e1ldott kar\u00e1csonyt mindenkinek! A kandall\u00f3t (mint a k\u00e9p is igazolja) be\u00fczemelt\u00fcnk! Nagyon kellemes l\u00e1tv\u00e1ny, ahogy \u00e9g a t\u0171z benne. K\u00e9sz\u00edtett\u00fcnk vide\u00f3t is, p\u00e1r nap m\u00falva felteszem.<\/p>\n","protected":false},"author":1,"featured_media":0,"comment_status":"open","ping_status":"closed","sticky":false,"template":"","format":"standard","meta":[],"categories":[15],"tags":[],"aioseo_notices":[],"views":1943,"_links":{"self":[{"href":"http:\/\/www.quiltingstudio.hu\/blog\/index.php?rest_route=\/wp\/v2\/posts\/4472"}],"collection":[{"href":"http:\/\/www.quiltingstudio.hu\/blog\/index.php?rest_route=\/wp\/v2\/posts"}],"about":[{"href":"http:\/\/www.quiltingstudio.hu\/blog\/index.php?rest_route=\/wp\/v2\/types\/post"}],"author":[{"embeddable":true,"href":"http:\/\/www.quiltingstudio.hu\/blog\/index.php?rest_route=\/wp\/v2\/users\/1"}],"replies":[{"embeddable":true,"href":"http:\/\/www.quiltingstudio.hu\/blog\/index.php?rest_route=%2Fwp%2Fv2%2Fcomments&post=4472"}],"version-history":[{"count":2,"href":"http:\/\/www.quiltingstudio.hu\/blog\/index.php?rest_route=\/wp\/v2\/posts\/4472\/revisions"}],"predecessor-version":[{"id":4475,"href":"http:\/\/www.quiltingstudio.hu\/blog\/index.php?rest_route=\/wp\/v2\/posts\/4472\/revisions\/4475"}],"wp:attachment":[{"href":"http:\/\/www.quiltingstudio.hu\/blog\/index.php?rest_route=%2Fwp%2Fv2%2Fmedia&parent=4472"}],"wp:term":[{"taxonomy":"category","embeddable":true,"href":"http:\/\/www.quiltingstudio.hu\/blog\/index.php?rest_route=%2Fwp%2Fv2%2Fcategories&post=4472"},{"taxonomy":"post_tag","embeddable":true,"href":"http:\/\/www.quiltingstudio.hu\/blog\/index.php?rest_route=%2Fwp%2Fv2%2Ftags&post=4472"}],"curies":[{"name":"wp","href":"https:\/\/api.w.org\/{rel}","templated":true}]}}