{"id":4486,"date":"2013-12-29T21:08:55","date_gmt":"2013-12-29T19:08:55","guid":{"rendered":"http:\/\/www.quiltingstudio.hu\/blog\/?p=4486"},"modified":"2013-12-29T21:09:08","modified_gmt":"2013-12-29T19:09:08","slug":"himzos-sarok","status":"publish","type":"post","link":"http:\/\/www.quiltingstudio.hu\/blog\/?p=4486","title":{"rendered":"H\u00edmz\u0151s sarok&#8230;"},"content":{"rendered":"<p>Ilyen volt &#8230;<\/p>\n<div id=\"attachment_4487\" style=\"width: 215px\" class=\"wp-caption alignnone\"><a href=\"http:\/\/www.quiltingstudio.hu\/blog\/wp-content\/uploads\/2013\/12\/sarok.jpg\"><img aria-describedby=\"caption-attachment-4487\" decoding=\"async\" loading=\"lazy\" class=\"size-medium wp-image-4487\" title=\"sarok\" src=\"http:\/\/www.quiltingstudio.hu\/blog\/wp-content\/uploads\/2013\/12\/sarok-205x300.jpg\" alt=\"\" width=\"205\" height=\"300\" srcset=\"http:\/\/www.quiltingstudio.hu\/blog\/wp-content\/uploads\/2013\/12\/sarok-205x300.jpg 205w, http:\/\/www.quiltingstudio.hu\/blog\/wp-content\/uploads\/2013\/12\/sarok.jpg 400w\" sizes=\"(max-width: 205px) 100vw, 205px\" \/><\/a><p id=\"caption-attachment-4487\" class=\"wp-caption-text\">\u00dcres sarok<\/p><\/div>\n<p>Azt\u00e1n sz\u00e9pen be\u00e9p\u00fclt ez is. \u00c9s <em>v\u00e9gre<\/em> ki\u00fcr\u00fclt p\u00e1r doboz \u00e9s <em>v\u00e9gre<\/em> el\u0151ker\u00fclt n\u00e9h\u00e1ny olyan dolog is, amire m\u00e1r nem is eml\u00e9keztem.<!--more--><\/p>\n<div id=\"attachment_4488\" style=\"width: 310px\" class=\"wp-caption alignnone\"><a href=\"http:\/\/www.quiltingstudio.hu\/blog\/wp-content\/uploads\/2013\/12\/sarok2.jpg\"><img aria-describedby=\"caption-attachment-4488\" decoding=\"async\" loading=\"lazy\" class=\"size-medium wp-image-4488\" title=\"sarok2\" src=\"http:\/\/www.quiltingstudio.hu\/blog\/wp-content\/uploads\/2013\/12\/sarok2-300x213.jpg\" alt=\"\" width=\"300\" height=\"213\" srcset=\"http:\/\/www.quiltingstudio.hu\/blog\/wp-content\/uploads\/2013\/12\/sarok2-300x213.jpg 300w, http:\/\/www.quiltingstudio.hu\/blog\/wp-content\/uploads\/2013\/12\/sarok2.jpg 800w\" sizes=\"(max-width: 300px) 100vw, 300px\" \/><\/a><p id=\"caption-attachment-4488\" class=\"wp-caption-text\">H\u00edmz\u0151s sarkom<\/p><\/div>\n<p>M\u00e9g pakolok, azaz rend az nincs! De el\u0151bb vagy ut\u00f3bb rem\u00e9lem ezt is meg\u00e9rem.<\/p>\n<p>A sok k\u00f6z\u00fcl az egyik v\u00e1gyam az volt, hogy ne kelljen a varr\u00f3g\u00e9peket elpakolni ill. cser\u00e9lni. \u00cdgy a Bernina itt lesz, a Janome pedig a nagy varr\u00f3s asztalon. \u00c9s ha kell, <em>egyszerre<\/em> varrhatok mindegyiken&#8230;.kihaszn\u00e1lva az el\u0151nyeiket. Mivel a h\u00edmz\u00e9shez nekem kell sz\u00e1m\u00edt\u00f3g\u00e9p ill. notebook, \u00edgy ez t\u0171nt a legk\u00e9zenfekv\u0151bb megold\u00e1snak.<\/p>\n<p>M\u00e9g rengeteg apr\u00f3s\u00e1gnak t\u0171n\u0151 dolgot kell kital\u00e1lnom, kipr\u00f3b\u00e1lnom, mi hogyan esik jobban k\u00e9zre, mit hova tegyek stb. Sz\u00f3val m\u00e9g be kell lakni.<\/p>\n<p>\u00c9s m\u00e1r \u00f3r\u00e1m is van.<\/p>\n<div id=\"attachment_4490\" style=\"width: 212px\" class=\"wp-caption alignnone\"><a href=\"http:\/\/www.quiltingstudio.hu\/blog\/wp-content\/uploads\/2013\/12\/ora.jpg\"><img aria-describedby=\"caption-attachment-4490\" decoding=\"async\" loading=\"lazy\" class=\"size-medium wp-image-4490\" title=\"ora\" src=\"http:\/\/www.quiltingstudio.hu\/blog\/wp-content\/uploads\/2013\/12\/ora-202x300.jpg\" alt=\"\" width=\"202\" height=\"300\" srcset=\"http:\/\/www.quiltingstudio.hu\/blog\/wp-content\/uploads\/2013\/12\/ora-202x300.jpg 202w, http:\/\/www.quiltingstudio.hu\/blog\/wp-content\/uploads\/2013\/12\/ora.jpg 600w\" sizes=\"(max-width: 202px) 100vw, 202px\" \/><\/a><p id=\"caption-attachment-4490\" class=\"wp-caption-text\">Pontos id\u0151<\/p><\/div>\n<p>Az \u00f3r\u00e1t a szoba m\u00e9ret\u00e9hez v\u00e1lasztottam, mindig is ekkora nagyot szerettem volna. <em>Ism\u00e9t egy beteljes\u00fclt \u00e1lom!!!<\/em><\/p>\n","protected":false},"excerpt":{"rendered":"<p>Ilyen volt &#8230; Azt\u00e1n sz\u00e9pen be\u00e9p\u00fclt ez is. \u00c9s v\u00e9gre ki\u00fcr\u00fclt p\u00e1r doboz \u00e9s v\u00e9gre el\u0151ker\u00fclt n\u00e9h\u00e1ny olyan dolog is, amire m\u00e1r nem is eml\u00e9keztem.<\/p>\n","protected":false},"author":1,"featured_media":0,"comment_status":"open","ping_status":"closed","sticky":false,"template":"","format":"standard","meta":[],"categories":[3,15],"tags":[],"aioseo_notices":[],"views":2979,"_links":{"self":[{"href":"http:\/\/www.quiltingstudio.hu\/blog\/index.php?rest_route=\/wp\/v2\/posts\/4486"}],"collection":[{"href":"http:\/\/www.quiltingstudio.hu\/blog\/index.php?rest_route=\/wp\/v2\/posts"}],"about":[{"href":"http:\/\/www.quiltingstudio.hu\/blog\/index.php?rest_route=\/wp\/v2\/types\/post"}],"author":[{"embeddable":true,"href":"http:\/\/www.quiltingstudio.hu\/blog\/index.php?rest_route=\/wp\/v2\/users\/1"}],"replies":[{"embeddable":true,"href":"http:\/\/www.quiltingstudio.hu\/blog\/index.php?rest_route=%2Fwp%2Fv2%2Fcomments&post=4486"}],"version-history":[{"count":4,"href":"http:\/\/www.quiltingstudio.hu\/blog\/index.php?rest_route=\/wp\/v2\/posts\/4486\/revisions"}],"predecessor-version":[{"id":4493,"href":"http:\/\/www.quiltingstudio.hu\/blog\/index.php?rest_route=\/wp\/v2\/posts\/4486\/revisions\/4493"}],"wp:attachment":[{"href":"http:\/\/www.quiltingstudio.hu\/blog\/index.php?rest_route=%2Fwp%2Fv2%2Fmedia&parent=4486"}],"wp:term":[{"taxonomy":"category","embeddable":true,"href":"http:\/\/www.quiltingstudio.hu\/blog\/index.php?rest_route=%2Fwp%2Fv2%2Fcategories&post=4486"},{"taxonomy":"post_tag","embeddable":true,"href":"http:\/\/www.quiltingstudio.hu\/blog\/index.php?rest_route=%2Fwp%2Fv2%2Ftags&post=4486"}],"curies":[{"name":"wp","href":"https:\/\/api.w.org\/{rel}","templated":true}]}}