{"id":4494,"date":"2013-12-30T17:19:36","date_gmt":"2013-12-30T15:19:36","guid":{"rendered":"http:\/\/www.quiltingstudio.hu\/blog\/?p=4494"},"modified":"2013-12-29T21:27:42","modified_gmt":"2013-12-29T19:27:42","slug":"quiltek","status":"publish","type":"post","link":"http:\/\/www.quiltingstudio.hu\/blog\/?p=4494","title":{"rendered":"Quiltek&#8230;"},"content":{"rendered":"<p>\u00d6sszek\u00f6t\u00f6tt\u00fck a hasznosat a &#8230;.<\/p>\n<p>M\u00edg a ruh\u00e1inknak nem volt meg a hely\u00fck, ezeken t\u00e1roltuk a v\u00e1llf\u00e1ra akasztottakat. Gondoltam, ut\u00e1na milyen j\u00f3 lesz a quilteket is t\u00e1rolni majd. Elf\u00e9r majd mind???<\/p>\n<div id=\"attachment_4495\" style=\"width: 227px\" class=\"wp-caption alignnone\"><a href=\"http:\/\/www.quiltingstudio.hu\/blog\/wp-content\/uploads\/2013\/12\/quiltek.jpg\"><img aria-describedby=\"caption-attachment-4495\" decoding=\"async\" loading=\"lazy\" class=\"size-medium wp-image-4495\" title=\"quiltek\" src=\"http:\/\/www.quiltingstudio.hu\/blog\/wp-content\/uploads\/2013\/12\/quiltek-217x300.jpg\" alt=\"\" width=\"217\" height=\"300\" srcset=\"http:\/\/www.quiltingstudio.hu\/blog\/wp-content\/uploads\/2013\/12\/quiltek-217x300.jpg 217w, http:\/\/www.quiltingstudio.hu\/blog\/wp-content\/uploads\/2013\/12\/quiltek.jpg 600w\" sizes=\"(max-width: 217px) 100vw, 217px\" \/><\/a><p id=\"caption-attachment-4495\" class=\"wp-caption-text\">Felakasztva<\/p><\/div>\n<p>M\u00e9g nem ker\u00fclt el\u0151 mind. A nagyok m\u00e9g valamelyik dobozban pihennek. M\u00e9g<em> egy<\/em> kiv\u00e9tel\u00e9vel sehova sem tettem bel\u0151l\u00fck a lak\u00e1sban. M\u00e9g kiv\u00e1rok, m\u00edg kialakul a hely\u00fck. <!--more-->Na \u00e9s melyik volt az els\u0151, amit kiraktam?<\/p>\n<p>H\u00e1t persze, hogy a quiltdiva:<\/p>\n<div id=\"attachment_4496\" style=\"width: 233px\" class=\"wp-caption alignnone\"><a href=\"http:\/\/www.quiltingstudio.hu\/blog\/wp-content\/uploads\/2013\/12\/diva.jpg\"><img aria-describedby=\"caption-attachment-4496\" decoding=\"async\" loading=\"lazy\" class=\"size-medium wp-image-4496\" title=\"diva\" src=\"http:\/\/www.quiltingstudio.hu\/blog\/wp-content\/uploads\/2013\/12\/diva-223x300.jpg\" alt=\"\" width=\"223\" height=\"300\" srcset=\"http:\/\/www.quiltingstudio.hu\/blog\/wp-content\/uploads\/2013\/12\/diva-223x300.jpg 223w, http:\/\/www.quiltingstudio.hu\/blog\/wp-content\/uploads\/2013\/12\/diva.jpg 600w\" sizes=\"(max-width: 223px) 100vw, 223px\" \/><\/a><p id=\"caption-attachment-4496\" class=\"wp-caption-text\">Quiltdiva<\/p><\/div>\n<p>&nbsp;<\/p>\n","protected":false},"excerpt":{"rendered":"<p>\u00d6sszek\u00f6t\u00f6tt\u00fck a hasznosat a &#8230;. M\u00edg a ruh\u00e1inknak nem volt meg a hely\u00fck, ezeken t\u00e1roltuk a v\u00e1llf\u00e1ra akasztottakat. Gondoltam, ut\u00e1na milyen j\u00f3 lesz a quilteket is t\u00e1rolni majd. Elf\u00e9r majd mind??? M\u00e9g nem ker\u00fclt el\u0151 mind. A nagyok m\u00e9g valamelyik dobozban pihennek. M\u00e9g egy kiv\u00e9tel\u00e9vel sehova sem tettem bel\u0151l\u00fck a lak\u00e1sban. M\u00e9g kiv\u00e1rok, m\u00edg kialakul [&hellip;]<\/p>\n","protected":false},"author":1,"featured_media":0,"comment_status":"open","ping_status":"closed","sticky":false,"template":"","format":"standard","meta":[],"categories":[15],"tags":[],"aioseo_notices":[],"views":2290,"_links":{"self":[{"href":"http:\/\/www.quiltingstudio.hu\/blog\/index.php?rest_route=\/wp\/v2\/posts\/4494"}],"collection":[{"href":"http:\/\/www.quiltingstudio.hu\/blog\/index.php?rest_route=\/wp\/v2\/posts"}],"about":[{"href":"http:\/\/www.quiltingstudio.hu\/blog\/index.php?rest_route=\/wp\/v2\/types\/post"}],"author":[{"embeddable":true,"href":"http:\/\/www.quiltingstudio.hu\/blog\/index.php?rest_route=\/wp\/v2\/users\/1"}],"replies":[{"embeddable":true,"href":"http:\/\/www.quiltingstudio.hu\/blog\/index.php?rest_route=%2Fwp%2Fv2%2Fcomments&post=4494"}],"version-history":[{"count":2,"href":"http:\/\/www.quiltingstudio.hu\/blog\/index.php?rest_route=\/wp\/v2\/posts\/4494\/revisions"}],"predecessor-version":[{"id":4498,"href":"http:\/\/www.quiltingstudio.hu\/blog\/index.php?rest_route=\/wp\/v2\/posts\/4494\/revisions\/4498"}],"wp:attachment":[{"href":"http:\/\/www.quiltingstudio.hu\/blog\/index.php?rest_route=%2Fwp%2Fv2%2Fmedia&parent=4494"}],"wp:term":[{"taxonomy":"category","embeddable":true,"href":"http:\/\/www.quiltingstudio.hu\/blog\/index.php?rest_route=%2Fwp%2Fv2%2Fcategories&post=4494"},{"taxonomy":"post_tag","embeddable":true,"href":"http:\/\/www.quiltingstudio.hu\/blog\/index.php?rest_route=%2Fwp%2Fv2%2Ftags&post=4494"}],"curies":[{"name":"wp","href":"https:\/\/api.w.org\/{rel}","templated":true}]}}