{"id":4506,"date":"2014-07-02T09:38:07","date_gmt":"2014-07-02T07:38:07","guid":{"rendered":"http:\/\/www.quiltingstudio.hu\/blog\/?p=4506"},"modified":"2014-07-02T09:38:08","modified_gmt":"2014-07-02T07:38:08","slug":"az-elet-rendje","status":"publish","type":"post","link":"http:\/\/www.quiltingstudio.hu\/blog\/?p=4506","title":{"rendered":"Az \u00e9let rendje&#8230;"},"content":{"rendered":"<div id=\"attachment_4507\" style=\"width: 235px\" class=\"wp-caption alignnone\"><a href=\"http:\/\/www.quiltingstudio.hu\/blog\/?attachment_id=4507\" rel=\"attachment wp-att-4507\"><img aria-describedby=\"caption-attachment-4507\" decoding=\"async\" loading=\"lazy\" class=\"size-medium wp-image-4507\" title=\"akoska\" src=\"http:\/\/www.quiltingstudio.hu\/blog\/wp-content\/uploads\/2014\/07\/akoska-225x300.jpg\" alt=\"\" width=\"225\" height=\"300\" srcset=\"http:\/\/www.quiltingstudio.hu\/blog\/wp-content\/uploads\/2014\/07\/akoska-225x300.jpg 225w, http:\/\/www.quiltingstudio.hu\/blog\/wp-content\/uploads\/2014\/07\/akoska-768x1024.jpg 768w\" sizes=\"(max-width: 225px) 100vw, 225px\" \/><\/a><p id=\"caption-attachment-4507\" class=\"wp-caption-text\">\u00c1koska<\/p><\/div>\n<p>\u0150 az els\u0151 unok\u00e1nk (h\u00e1t igen), aki 2014.06.24.-\u00e9n sz\u00fcletett mindenki legnagyobb \u00f6r\u00f6m\u00e9re!<\/p>\n<p>Tudom, hogy m\u00e1r igen r\u00e9gen \u00edrtam a blogomba, de olyan elfoglalt voltam&#8230;:o)))<\/p>\n<p>P\u00e9ld\u00e1ul varrtam neki takar\u00f3kat, ruh\u00e1csk\u00e1kat, el\u0151k\u00e9ket, stb&#8230;. Keresek majd r\u00f3luk k\u00e9peket is.<\/p>\n<p>A varr\u00f3s szob\u00e1m m\u00e9g mindig alakul, az &#8222;\u00e9p\u00edtkez\u00e9s&#8221; folyamatosan zajlik. \u00c9s mindemellett m\u00e9g dolgozni is kell.<\/p>\n<p>&nbsp;<\/p>\n<p>&nbsp;<\/p>\n","protected":false},"excerpt":{"rendered":"<p>\u0150 az els\u0151 unok\u00e1nk (h\u00e1t igen), aki 2014.06.24.-\u00e9n sz\u00fcletett mindenki legnagyobb \u00f6r\u00f6m\u00e9re! Tudom, hogy m\u00e1r igen r\u00e9gen \u00edrtam a blogomba, de olyan elfoglalt voltam&#8230;:o))) P\u00e9ld\u00e1ul varrtam neki takar\u00f3kat, ruh\u00e1csk\u00e1kat, el\u0151k\u00e9ket, stb&#8230;. Keresek majd r\u00f3luk k\u00e9peket is. A varr\u00f3s szob\u00e1m m\u00e9g mindig alakul, az &#8222;\u00e9p\u00edtkez\u00e9s&#8221; folyamatosan zajlik. \u00c9s mindemellett m\u00e9g dolgozni is kell. &nbsp; &nbsp;<\/p>\n","protected":false},"author":1,"featured_media":0,"comment_status":"open","ping_status":"closed","sticky":false,"template":"","format":"standard","meta":[],"categories":[1],"tags":[],"aioseo_notices":[],"views":2121,"_links":{"self":[{"href":"http:\/\/www.quiltingstudio.hu\/blog\/index.php?rest_route=\/wp\/v2\/posts\/4506"}],"collection":[{"href":"http:\/\/www.quiltingstudio.hu\/blog\/index.php?rest_route=\/wp\/v2\/posts"}],"about":[{"href":"http:\/\/www.quiltingstudio.hu\/blog\/index.php?rest_route=\/wp\/v2\/types\/post"}],"author":[{"embeddable":true,"href":"http:\/\/www.quiltingstudio.hu\/blog\/index.php?rest_route=\/wp\/v2\/users\/1"}],"replies":[{"embeddable":true,"href":"http:\/\/www.quiltingstudio.hu\/blog\/index.php?rest_route=%2Fwp%2Fv2%2Fcomments&post=4506"}],"version-history":[{"count":5,"href":"http:\/\/www.quiltingstudio.hu\/blog\/index.php?rest_route=\/wp\/v2\/posts\/4506\/revisions"}],"predecessor-version":[{"id":4526,"href":"http:\/\/www.quiltingstudio.hu\/blog\/index.php?rest_route=\/wp\/v2\/posts\/4506\/revisions\/4526"}],"wp:attachment":[{"href":"http:\/\/www.quiltingstudio.hu\/blog\/index.php?rest_route=%2Fwp%2Fv2%2Fmedia&parent=4506"}],"wp:term":[{"taxonomy":"category","embeddable":true,"href":"http:\/\/www.quiltingstudio.hu\/blog\/index.php?rest_route=%2Fwp%2Fv2%2Fcategories&post=4506"},{"taxonomy":"post_tag","embeddable":true,"href":"http:\/\/www.quiltingstudio.hu\/blog\/index.php?rest_route=%2Fwp%2Fv2%2Ftags&post=4506"}],"curies":[{"name":"wp","href":"https:\/\/api.w.org\/{rel}","templated":true}]}}