{"id":4512,"date":"2014-07-06T17:48:10","date_gmt":"2014-07-06T15:48:10","guid":{"rendered":"http:\/\/www.quiltingstudio.hu\/blog\/?p=4512"},"modified":"2014-07-06T17:48:10","modified_gmt":"2014-07-06T15:48:10","slug":"aprosagok-4","status":"publish","type":"post","link":"http:\/\/www.quiltingstudio.hu\/blog\/?p=4512","title":{"rendered":"Apr\u00f3s\u00e1gok&#8230;"},"content":{"rendered":"<p>de sz\u00f3 szerint.<\/p>\n<div id=\"attachment_4513\" style=\"width: 298px\" class=\"wp-caption alignnone\"><a href=\"http:\/\/www.quiltingstudio.hu\/blog\/wp-content\/uploads\/2014\/07\/akosruhak.jpg\"><img aria-describedby=\"caption-attachment-4513\" decoding=\"async\" loading=\"lazy\" class=\"size-medium wp-image-4513 \" title=\"akosruhak\" src=\"http:\/\/www.quiltingstudio.hu\/blog\/wp-content\/uploads\/2014\/07\/akosruhak-288x300.jpg\" alt=\"\" width=\"288\" height=\"300\" srcset=\"http:\/\/www.quiltingstudio.hu\/blog\/wp-content\/uploads\/2014\/07\/akosruhak-288x300.jpg 288w, http:\/\/www.quiltingstudio.hu\/blog\/wp-content\/uploads\/2014\/07\/akosruhak.jpg 799w\" sizes=\"(max-width: 288px) 100vw, 288px\" \/><\/a><p id=\"caption-attachment-4513\" class=\"wp-caption-text\">apr\u00f3s\u00e1gok<\/p><\/div>\n<p>Ilyesmikkel m\u00falattam az id\u0151t \u00e9s sokszor gondoltam a leg\u00fajabb kis rokonra.<\/p>\n<p>Hogy meg ne f\u00e1zzon varrtam neki h\u00e1l\u00f3zs\u00e1kokat is.<\/p>\n<div id=\"attachment_4517\" style=\"width: 224px\" class=\"wp-caption alignnone\"><a href=\"http:\/\/www.quiltingstudio.hu\/blog\/wp-content\/uploads\/2014\/07\/akos-halozsakok.jpg\"><img aria-describedby=\"caption-attachment-4517\" decoding=\"async\" loading=\"lazy\" class=\"size-medium wp-image-4517\" title=\"akos halozsakok\" src=\"http:\/\/www.quiltingstudio.hu\/blog\/wp-content\/uploads\/2014\/07\/akos-halozsakok-214x300.jpg\" alt=\"\" width=\"214\" height=\"300\" srcset=\"http:\/\/www.quiltingstudio.hu\/blog\/wp-content\/uploads\/2014\/07\/akos-halozsakok-214x300.jpg 214w, http:\/\/www.quiltingstudio.hu\/blog\/wp-content\/uploads\/2014\/07\/akos-halozsakok-733x1024.jpg 733w, http:\/\/www.quiltingstudio.hu\/blog\/wp-content\/uploads\/2014\/07\/akos-halozsakok.jpg 799w\" sizes=\"(max-width: 214px) 100vw, 214px\" \/><\/a><p id=\"caption-attachment-4517\" class=\"wp-caption-text\">H\u00e1l\u00f3zs\u00e1kok<\/p><\/div>\n<p>Legal\u00e1bb 5 el\u0151k\u00e9t, \u00e9s m\u00e9g j\u00f3 p\u00e1r apr\u00f3s\u00e1got&#8230;amibe majd el\u0151bb vagy ut\u00f3bb belen\u0151.<\/p>\n<p>Most \u00e9pp a &#8222;h\u00e1bor\u00fa \u00e9s b\u00e9ke&#8221; els\u0151 k\u00f6tet\u00e9n dolgozom, azaz mesek\u00f6nyvet h\u00edmzek neki, de olyan lassan haladok. A h\u00edmz\u0151g\u00e9pnek igaz\u00e1n most lett \u00e9rtelme. Hiszen szinte mindent fel lehet dobni egy kis h\u00edmz\u00e9ssel, applik\u00e1ci\u00f3val.<\/p>\n<p>&nbsp;<\/p>\n","protected":false},"excerpt":{"rendered":"<p>de sz\u00f3 szerint. Ilyesmikkel m\u00falattam az id\u0151t \u00e9s sokszor gondoltam a leg\u00fajabb kis rokonra. Hogy meg ne f\u00e1zzon varrtam neki h\u00e1l\u00f3zs\u00e1kokat is. Legal\u00e1bb 5 el\u0151k\u00e9t, \u00e9s m\u00e9g j\u00f3 p\u00e1r apr\u00f3s\u00e1got&#8230;amibe majd el\u0151bb vagy ut\u00f3bb belen\u0151. Most \u00e9pp a &#8222;h\u00e1bor\u00fa \u00e9s b\u00e9ke&#8221; els\u0151 k\u00f6tet\u00e9n dolgozom, azaz mesek\u00f6nyvet h\u00edmzek neki, de olyan lassan haladok. A h\u00edmz\u0151g\u00e9pnek igaz\u00e1n [&hellip;]<\/p>\n","protected":false},"author":1,"featured_media":0,"comment_status":"open","ping_status":"closed","sticky":false,"template":"","format":"standard","meta":[],"categories":[1],"tags":[],"aioseo_notices":[],"views":1876,"_links":{"self":[{"href":"http:\/\/www.quiltingstudio.hu\/blog\/index.php?rest_route=\/wp\/v2\/posts\/4512"}],"collection":[{"href":"http:\/\/www.quiltingstudio.hu\/blog\/index.php?rest_route=\/wp\/v2\/posts"}],"about":[{"href":"http:\/\/www.quiltingstudio.hu\/blog\/index.php?rest_route=\/wp\/v2\/types\/post"}],"author":[{"embeddable":true,"href":"http:\/\/www.quiltingstudio.hu\/blog\/index.php?rest_route=\/wp\/v2\/users\/1"}],"replies":[{"embeddable":true,"href":"http:\/\/www.quiltingstudio.hu\/blog\/index.php?rest_route=%2Fwp%2Fv2%2Fcomments&post=4512"}],"version-history":[{"count":5,"href":"http:\/\/www.quiltingstudio.hu\/blog\/index.php?rest_route=\/wp\/v2\/posts\/4512\/revisions"}],"predecessor-version":[{"id":4519,"href":"http:\/\/www.quiltingstudio.hu\/blog\/index.php?rest_route=\/wp\/v2\/posts\/4512\/revisions\/4519"}],"wp:attachment":[{"href":"http:\/\/www.quiltingstudio.hu\/blog\/index.php?rest_route=%2Fwp%2Fv2%2Fmedia&parent=4512"}],"wp:term":[{"taxonomy":"category","embeddable":true,"href":"http:\/\/www.quiltingstudio.hu\/blog\/index.php?rest_route=%2Fwp%2Fv2%2Fcategories&post=4512"},{"taxonomy":"post_tag","embeddable":true,"href":"http:\/\/www.quiltingstudio.hu\/blog\/index.php?rest_route=%2Fwp%2Fv2%2Ftags&post=4512"}],"curies":[{"name":"wp","href":"https:\/\/api.w.org\/{rel}","templated":true}]}}