{"id":4531,"date":"2014-07-16T21:12:01","date_gmt":"2014-07-16T19:12:01","guid":{"rendered":"http:\/\/www.quiltingstudio.hu\/blog\/?p=4531"},"modified":"2014-07-16T21:12:01","modified_gmt":"2014-07-16T19:12:01","slug":"egy-kis-csavargas","status":"publish","type":"post","link":"http:\/\/www.quiltingstudio.hu\/blog\/?p=4531","title":{"rendered":"Egy kis csavarg\u00e1s&#8230;"},"content":{"rendered":"<p>A nagymam\u00e1knak \u00e9s a nagypap\u00e1knak is j\u00e1r egy kis szabads\u00e1g! :o)))<\/p>\n<p>Mi most erre voltunk, term\u00e9szetesen biciklivel.<\/p>\n<div id=\"attachment_4532\" style=\"width: 310px\" class=\"wp-caption alignnone\"><a href=\"http:\/\/www.quiltingstudio.hu\/blog\/wp-content\/uploads\/2014\/07\/mohacstura1.jpg\"><img aria-describedby=\"caption-attachment-4532\" decoding=\"async\" loading=\"lazy\" class=\"size-medium wp-image-4532\" title=\"mohacstura1\" src=\"http:\/\/www.quiltingstudio.hu\/blog\/wp-content\/uploads\/2014\/07\/mohacstura1-300x224.jpg\" alt=\"\" width=\"300\" height=\"224\" srcset=\"http:\/\/www.quiltingstudio.hu\/blog\/wp-content\/uploads\/2014\/07\/mohacstura1-300x224.jpg 300w, http:\/\/www.quiltingstudio.hu\/blog\/wp-content\/uploads\/2014\/07\/mohacstura1.jpg 799w\" sizes=\"(max-width: 300px) 100vw, 300px\" \/><\/a><p id=\"caption-attachment-4532\" class=\"wp-caption-text\">Innen indul a t\u00fara<\/p><\/div>\n<p>Na, merre j\u00e1rtunk?<\/p>\n<div id=\"attachment_4533\" style=\"width: 310px\" class=\"wp-caption alignnone\"><a href=\"http:\/\/www.quiltingstudio.hu\/blog\/wp-content\/uploads\/2014\/07\/mohacstura5.jpg\"><img aria-describedby=\"caption-attachment-4533\" decoding=\"async\" loading=\"lazy\" class=\"size-medium wp-image-4533\" title=\"mohacstura5\" src=\"http:\/\/www.quiltingstudio.hu\/blog\/wp-content\/uploads\/2014\/07\/mohacstura5-300x166.jpg\" alt=\"\" width=\"300\" height=\"166\" srcset=\"http:\/\/www.quiltingstudio.hu\/blog\/wp-content\/uploads\/2014\/07\/mohacstura5-300x166.jpg 300w, http:\/\/www.quiltingstudio.hu\/blog\/wp-content\/uploads\/2014\/07\/mohacstura5-1024x567.jpg 1024w, http:\/\/www.quiltingstudio.hu\/blog\/wp-content\/uploads\/2014\/07\/mohacstura5.jpg 1083w\" sizes=\"(max-width: 300px) 100vw, 300px\" \/><\/a><p id=\"caption-attachment-4533\" class=\"wp-caption-text\">Duna<\/p><\/div>\n<p><!--more--><\/p>\n<p>Seg\u00edtek<\/p>\n<div id=\"attachment_4535\" style=\"width: 280px\" class=\"wp-caption alignnone\"><a href=\"http:\/\/www.quiltingstudio.hu\/blog\/wp-content\/uploads\/2014\/07\/mohacstura3.jpg\"><img aria-describedby=\"caption-attachment-4535\" decoding=\"async\" loading=\"lazy\" class=\"size-medium wp-image-4535\" title=\"mohacstura3\" src=\"http:\/\/www.quiltingstudio.hu\/blog\/wp-content\/uploads\/2014\/07\/mohacstura3-270x300.jpg\" alt=\"\" width=\"270\" height=\"300\" srcset=\"http:\/\/www.quiltingstudio.hu\/blog\/wp-content\/uploads\/2014\/07\/mohacstura3-270x300.jpg 270w, http:\/\/www.quiltingstudio.hu\/blog\/wp-content\/uploads\/2014\/07\/mohacstura3.jpg 799w\" sizes=\"(max-width: 270px) 100vw, 270px\" \/><\/a><p id=\"caption-attachment-4535\" class=\"wp-caption-text\">F\u0151t\u00e9r<\/p><\/div>\n<p>de \u00edgy m\u00e1r biztosan menni fog<\/p>\n<div id=\"attachment_4536\" style=\"width: 310px\" class=\"wp-caption alignnone\"><a href=\"http:\/\/www.quiltingstudio.hu\/blog\/wp-content\/uploads\/2014\/07\/mohacstura4.jpg\"><img aria-describedby=\"caption-attachment-4536\" decoding=\"async\" loading=\"lazy\" class=\"size-medium wp-image-4536\" title=\"mohacstura4\" src=\"http:\/\/www.quiltingstudio.hu\/blog\/wp-content\/uploads\/2014\/07\/mohacstura4-300x166.jpg\" alt=\"\" width=\"300\" height=\"166\" srcset=\"http:\/\/www.quiltingstudio.hu\/blog\/wp-content\/uploads\/2014\/07\/mohacstura4-300x166.jpg 300w, http:\/\/www.quiltingstudio.hu\/blog\/wp-content\/uploads\/2014\/07\/mohacstura4.jpg 799w\" sizes=\"(max-width: 300px) 100vw, 300px\" \/><\/a><p id=\"caption-attachment-4536\" class=\"wp-caption-text\">a t\u00e9r m\u00e1sik oldala<\/p><\/div>\n<p>H\u00e1t persze, hogy Moh\u00e1cs.<\/p>\n<p>A t\u00fara innen indult, el\u0151sz\u00f6r picit k\u00f6r\u00fcln\u00e9zt\u00fcnk a v\u00e1rosban,<\/p>\n<div id=\"attachment_4537\" style=\"width: 310px\" class=\"wp-caption alignnone\"><a href=\"http:\/\/www.quiltingstudio.hu\/blog\/wp-content\/uploads\/2014\/07\/mohacstura10.jpg\"><img aria-describedby=\"caption-attachment-4537\" decoding=\"async\" loading=\"lazy\" class=\"size-medium wp-image-4537\" title=\"mohacstura10\" src=\"http:\/\/www.quiltingstudio.hu\/blog\/wp-content\/uploads\/2014\/07\/mohacstura10-300x225.jpg\" alt=\"\" width=\"300\" height=\"225\" srcset=\"http:\/\/www.quiltingstudio.hu\/blog\/wp-content\/uploads\/2014\/07\/mohacstura10-300x225.jpg 300w, http:\/\/www.quiltingstudio.hu\/blog\/wp-content\/uploads\/2014\/07\/mohacstura10.jpg 800w\" sizes=\"(max-width: 300px) 100vw, 300px\" \/><\/a><p id=\"caption-attachment-4537\" class=\"wp-caption-text\">k\u00edv\u00e1ncsis\u00e1g<\/p><\/div>\n<p>azt\u00e1n ir\u00e1ny a komp \u00e9s \u00e1t a m\u00e1sik oldalra.<\/p>\n<div id=\"attachment_4538\" style=\"width: 310px\" class=\"wp-caption alignnone\"><a href=\"http:\/\/www.quiltingstudio.hu\/blog\/wp-content\/uploads\/2014\/07\/mohacstura9.jpg\"><img aria-describedby=\"caption-attachment-4538\" decoding=\"async\" loading=\"lazy\" class=\"size-medium wp-image-4538\" title=\"mohacstura9\" src=\"http:\/\/www.quiltingstudio.hu\/blog\/wp-content\/uploads\/2014\/07\/mohacstura9-300x229.jpg\" alt=\"\" width=\"300\" height=\"229\" srcset=\"http:\/\/www.quiltingstudio.hu\/blog\/wp-content\/uploads\/2014\/07\/mohacstura9-300x229.jpg 300w, http:\/\/www.quiltingstudio.hu\/blog\/wp-content\/uploads\/2014\/07\/mohacstura9.jpg 800w\" sizes=\"(max-width: 300px) 100vw, 300px\" \/><\/a><p id=\"caption-attachment-4538\" class=\"wp-caption-text\">EuroVelo 6<\/p><\/div>\n<p>Azt\u00e1n\u00a0 majdnem a horv\u00e1t hat\u00e1rig ezen a frissen fel\u00faj\u00edtott ker\u00e9kp\u00e1r \u00faton. Itt t\u00e9rt\u00fcnk le r\u00f3la, visszakanyarodva Moh\u00e1cs fel\u00e9, mert nem volt c\u00e9l &#8222;szomsz\u00e9dolni&#8221;.<\/p>\n<p>M\u00e1r t\u00f6bbsz\u00f6r kit\u0171ztem \u00fatic\u00e9lnak a B\u00e9da-Karapancsai term\u00e9szetv\u00e9delmi ter\u00fcletet, ahol v\u00e9gre meg tudtuk n\u00e9zni a karapancsai kiskast\u00e9lyt k\u00edv\u00fclr\u0151l bel\u00fclr\u0151l.<\/p>\n<div id=\"attachment_4539\" style=\"width: 310px\" class=\"wp-caption alignnone\"><a href=\"http:\/\/www.quiltingstudio.hu\/blog\/wp-content\/uploads\/2014\/07\/mohacstura7.jpg\"><img aria-describedby=\"caption-attachment-4539\" decoding=\"async\" loading=\"lazy\" class=\"size-medium wp-image-4539\" title=\"mohacstura7\" src=\"http:\/\/www.quiltingstudio.hu\/blog\/wp-content\/uploads\/2014\/07\/mohacstura7-300x225.jpg\" alt=\"\" width=\"300\" height=\"225\" srcset=\"http:\/\/www.quiltingstudio.hu\/blog\/wp-content\/uploads\/2014\/07\/mohacstura7-300x225.jpg 300w, http:\/\/www.quiltingstudio.hu\/blog\/wp-content\/uploads\/2014\/07\/mohacstura7.jpg 800w\" sizes=\"(max-width: 300px) 100vw, 300px\" \/><\/a><p id=\"caption-attachment-4539\" class=\"wp-caption-text\">Karapancsai kis kast\u00e9ly<\/p><\/div>\n<p>\u00c9s a nagy kast\u00e9lyt, igaz csak \u00edgy:<\/p>\n<div id=\"attachment_4540\" style=\"width: 310px\" class=\"wp-caption alignnone\"><a href=\"http:\/\/www.quiltingstudio.hu\/blog\/wp-content\/uploads\/2014\/07\/mohacstura2.jpg\"><img aria-describedby=\"caption-attachment-4540\" decoding=\"async\" loading=\"lazy\" class=\"size-medium wp-image-4540\" title=\"mohacstura2\" src=\"http:\/\/www.quiltingstudio.hu\/blog\/wp-content\/uploads\/2014\/07\/mohacstura2-300x224.jpg\" alt=\"\" width=\"300\" height=\"224\" srcset=\"http:\/\/www.quiltingstudio.hu\/blog\/wp-content\/uploads\/2014\/07\/mohacstura2-300x224.jpg 300w, http:\/\/www.quiltingstudio.hu\/blog\/wp-content\/uploads\/2014\/07\/mohacstura2.jpg 799w\" sizes=\"(max-width: 300px) 100vw, 300px\" \/><\/a><p id=\"caption-attachment-4540\" class=\"wp-caption-text\">Karapancsai vad\u00e1szkast\u00e9ly<\/p><\/div>\n<p>A hely gy\u00f6ny\u00f6r\u0171, igaz kicsit messze van, de meg\u00e9rte elmenni oda.<\/p>\n<div id=\"attachment_4542\" style=\"width: 310px\" class=\"wp-caption alignnone\"><a href=\"http:\/\/www.quiltingstudio.hu\/blog\/wp-content\/uploads\/2014\/07\/mohacstura8.jpg\"><img aria-describedby=\"caption-attachment-4542\" decoding=\"async\" loading=\"lazy\" class=\"size-medium wp-image-4542\" title=\"mohacstura8\" src=\"http:\/\/www.quiltingstudio.hu\/blog\/wp-content\/uploads\/2014\/07\/mohacstura8-300x225.jpg\" alt=\"\" width=\"300\" height=\"225\" srcset=\"http:\/\/www.quiltingstudio.hu\/blog\/wp-content\/uploads\/2014\/07\/mohacstura8-300x225.jpg 300w, http:\/\/www.quiltingstudio.hu\/blog\/wp-content\/uploads\/2014\/07\/mohacstura8.jpg 800w\" sizes=\"(max-width: 300px) 100vw, 300px\" \/><\/a><p id=\"caption-attachment-4542\" class=\"wp-caption-text\">Nyugalom<\/p><\/div>\n<p>visszafel\u00e9 \u00dajMoh\u00e1cs fel\u00e9\u00a0 l\u00e1ttuk ezt a valamikor sz\u00e9p, de most m\u00e1r sors\u00e1ra hagyott malmot.<\/p>\n<div id=\"attachment_4544\" style=\"width: 310px\" class=\"wp-caption alignnone\"><a href=\"http:\/\/www.quiltingstudio.hu\/blog\/wp-content\/uploads\/2014\/07\/mohacstura6.jpg\"><img aria-describedby=\"caption-attachment-4544\" decoding=\"async\" loading=\"lazy\" class=\"size-medium wp-image-4544\" title=\"mohacstura6\" src=\"http:\/\/www.quiltingstudio.hu\/blog\/wp-content\/uploads\/2014\/07\/mohacstura6-300x225.jpg\" alt=\"\" width=\"300\" height=\"225\" srcset=\"http:\/\/www.quiltingstudio.hu\/blog\/wp-content\/uploads\/2014\/07\/mohacstura6-300x225.jpg 300w, http:\/\/www.quiltingstudio.hu\/blog\/wp-content\/uploads\/2014\/07\/mohacstura6.jpg 800w\" sizes=\"(max-width: 300px) 100vw, 300px\" \/><\/a><p id=\"caption-attachment-4544\" class=\"wp-caption-text\">Margitta malom<\/p><\/div>\n<p>\u00d6sszesen kb. 45km-t tekert\u00fcnk, majd ism\u00e9t n\u00e9zel\u0151dt\u00fcnk m\u00e9g a v\u00e1rosban. Estefel\u00e9 kellemesen elf\u00e1radva visszaaut\u00f3ztunk Szeksz\u00e1rdra.<\/p>\n","protected":false},"excerpt":{"rendered":"<p>A nagymam\u00e1knak \u00e9s a nagypap\u00e1knak is j\u00e1r egy kis szabads\u00e1g! :o))) Mi most erre voltunk, term\u00e9szetesen biciklivel. Na, merre j\u00e1rtunk?<\/p>\n","protected":false},"author":1,"featured_media":0,"comment_status":"open","ping_status":"closed","sticky":false,"template":"","format":"standard","meta":[],"categories":[12],"tags":[],"aioseo_notices":[],"views":2265,"_links":{"self":[{"href":"http:\/\/www.quiltingstudio.hu\/blog\/index.php?rest_route=\/wp\/v2\/posts\/4531"}],"collection":[{"href":"http:\/\/www.quiltingstudio.hu\/blog\/index.php?rest_route=\/wp\/v2\/posts"}],"about":[{"href":"http:\/\/www.quiltingstudio.hu\/blog\/index.php?rest_route=\/wp\/v2\/types\/post"}],"author":[{"embeddable":true,"href":"http:\/\/www.quiltingstudio.hu\/blog\/index.php?rest_route=\/wp\/v2\/users\/1"}],"replies":[{"embeddable":true,"href":"http:\/\/www.quiltingstudio.hu\/blog\/index.php?rest_route=%2Fwp%2Fv2%2Fcomments&post=4531"}],"version-history":[{"count":4,"href":"http:\/\/www.quiltingstudio.hu\/blog\/index.php?rest_route=\/wp\/v2\/posts\/4531\/revisions"}],"predecessor-version":[{"id":4546,"href":"http:\/\/www.quiltingstudio.hu\/blog\/index.php?rest_route=\/wp\/v2\/posts\/4531\/revisions\/4546"}],"wp:attachment":[{"href":"http:\/\/www.quiltingstudio.hu\/blog\/index.php?rest_route=%2Fwp%2Fv2%2Fmedia&parent=4531"}],"wp:term":[{"taxonomy":"category","embeddable":true,"href":"http:\/\/www.quiltingstudio.hu\/blog\/index.php?rest_route=%2Fwp%2Fv2%2Fcategories&post=4531"},{"taxonomy":"post_tag","embeddable":true,"href":"http:\/\/www.quiltingstudio.hu\/blog\/index.php?rest_route=%2Fwp%2Fv2%2Ftags&post=4531"}],"curies":[{"name":"wp","href":"https:\/\/api.w.org\/{rel}","templated":true}]}}