{"id":4556,"date":"2014-08-25T20:28:49","date_gmt":"2014-08-25T18:28:49","guid":{"rendered":"http:\/\/www.quiltingstudio.hu\/blog\/?p=4556"},"modified":"2014-08-25T20:28:49","modified_gmt":"2014-08-25T18:28:49","slug":"kis-balaton","status":"publish","type":"post","link":"http:\/\/www.quiltingstudio.hu\/blog\/?p=4556","title":{"rendered":"Kis-Balaton&#8230;"},"content":{"rendered":"<p>Az id\u00e9n sem a tengerpartra ment\u00fcnk l\u00e1bat l\u00f3gatni, hanem megpr\u00f3b\u00e1ltuk kis orsz\u00e1gunk egyik \u00e1ltalunk m\u00e9g nem ismert r\u00e9sz\u00e9t becserk\u00e9szni:<\/p>\n<p>Jelentem a Kis-Balatoni &#8222;ny\u00f3cas&#8221; is megvan!<\/p>\n<p>A b\u00e1zisunk Fony\u00f3d volt, innen indult a csillagt\u00fara. Az els\u0151 nap bemeleg\u00edt\u00e9sk\u00e9nt &#8222;felm\u00e1sztunk&#8221; a fony\u00f3di kil\u00e1t\u00f3hoz, term\u00e9szetesen biciklivel.<\/p>\n<div id=\"attachment_4557\" style=\"width: 235px\" class=\"wp-caption alignnone\"><a href=\"http:\/\/www.quiltingstudio.hu\/blog\/?attachment_id=4557\" rel=\"attachment wp-att-4557\"><img aria-describedby=\"caption-attachment-4557\" decoding=\"async\" loading=\"lazy\" class=\"size-medium wp-image-4557\" title=\"F\u00e9nyk\u00e9p0135\" src=\"http:\/\/www.quiltingstudio.hu\/blog\/wp-content\/uploads\/2014\/08\/F\u00e9nyk\u00e9p0135-225x300.jpg\" alt=\"\" width=\"225\" height=\"300\" srcset=\"http:\/\/www.quiltingstudio.hu\/blog\/wp-content\/uploads\/2014\/08\/F\u00e9nyk\u00e9p0135-225x300.jpg 225w, http:\/\/www.quiltingstudio.hu\/blog\/wp-content\/uploads\/2014\/08\/F\u00e9nyk\u00e9p0135-768x1024.jpg 768w, http:\/\/www.quiltingstudio.hu\/blog\/wp-content\/uploads\/2014\/08\/F\u00e9nyk\u00e9p0135.jpg 1536w\" sizes=\"(max-width: 225px) 100vw, 225px\" \/><\/a><p id=\"caption-attachment-4557\" class=\"wp-caption-text\">Fony\u00f3di kil\u00e1t\u00f3<\/p><\/div>\n<p><!--more--><\/p>\n<p>M\u00e1snapi kir\u00e1ndul\u00e1sunk Zalakarosr\u00f3l indult, \u00edgy ker\u00fclt\u00fck meg a H\u00eddv\u00e9gi tavat.<\/p>\n<div id=\"attachment_4558\" style=\"width: 310px\" class=\"wp-caption alignnone\"><a href=\"http:\/\/www.quiltingstudio.hu\/blog\/wp-content\/uploads\/2014\/08\/IMG_6117.jpg\"><img aria-describedby=\"caption-attachment-4558\" decoding=\"async\" loading=\"lazy\" class=\"size-medium wp-image-4558 \" title=\"IMG_6117\" src=\"http:\/\/www.quiltingstudio.hu\/blog\/wp-content\/uploads\/2014\/08\/IMG_6117-300x168.jpg\" alt=\"\" width=\"300\" height=\"168\" srcset=\"http:\/\/www.quiltingstudio.hu\/blog\/wp-content\/uploads\/2014\/08\/IMG_6117-300x168.jpg 300w, http:\/\/www.quiltingstudio.hu\/blog\/wp-content\/uploads\/2014\/08\/IMG_6117.jpg 801w\" sizes=\"(max-width: 300px) 100vw, 300px\" \/><\/a><p id=\"caption-attachment-4558\" class=\"wp-caption-text\">Zalakaros<\/p><\/div>\n<p>Mi is k\u00e9t ker\u00e9ken gurultunk, de nem \u00edgy. Mivel el\u00e9g sok k\u00e9pet k\u00e9sz\u00edtett\u00fcnk, rengeteg id\u0151 lenne ide feltenni, \u00e9s tal\u00e1n nem is siker\u00fclt mind j\u00f3l. H\u00e1t kiv\u00e1logattam p\u00e1rat, ami \u00e9rdekes lehet.<\/p>\n<div id=\"attachment_4559\" style=\"width: 310px\" class=\"wp-caption alignnone\"><a href=\"http:\/\/www.quiltingstudio.hu\/blog\/wp-content\/uploads\/2014\/08\/kanyavari-sziget-hid.jpg\"><img aria-describedby=\"caption-attachment-4559\" decoding=\"async\" loading=\"lazy\" class=\" wp-image-4559 \" title=\"kanyavari sziget hid\" src=\"http:\/\/www.quiltingstudio.hu\/blog\/wp-content\/uploads\/2014\/08\/kanyavari-sziget-hid-300x225.jpg\" alt=\"\" width=\"300\" height=\"225\" srcset=\"http:\/\/www.quiltingstudio.hu\/blog\/wp-content\/uploads\/2014\/08\/kanyavari-sziget-hid-300x225.jpg 300w, http:\/\/www.quiltingstudio.hu\/blog\/wp-content\/uploads\/2014\/08\/kanyavari-sziget-hid.jpg 801w\" sizes=\"(max-width: 300px) 100vw, 300px\" \/><\/a><p id=\"caption-attachment-4559\" class=\"wp-caption-text\">K\u00e1nyav\u00e1ri-sziget bej\u00e1rat<\/p><\/div>\n<p>Bicikliket a h\u00f3nunk al\u00e1 csaptuk \u00e9s \u00e1tment\u00fcnk a h\u00eddon. Oda-vissza bej\u00e1rtuk a szigetet, nagyon sz\u00e9p volt a kil\u00e1t\u00e1s, a t\u00e1j.<\/p>\n<div id=\"attachment_4560\" style=\"width: 310px\" class=\"wp-caption alignnone\"><a href=\"http:\/\/www.quiltingstudio.hu\/blog\/wp-content\/uploads\/2014\/08\/kanyavarisziget.jpg\"><img aria-describedby=\"caption-attachment-4560\" decoding=\"async\" loading=\"lazy\" class=\"size-medium wp-image-4560 \" title=\"kanyavarisziget\" src=\"http:\/\/www.quiltingstudio.hu\/blog\/wp-content\/uploads\/2014\/08\/kanyavarisziget-300x225.jpg\" alt=\"\" width=\"300\" height=\"225\" srcset=\"http:\/\/www.quiltingstudio.hu\/blog\/wp-content\/uploads\/2014\/08\/kanyavarisziget-300x225.jpg 300w, http:\/\/www.quiltingstudio.hu\/blog\/wp-content\/uploads\/2014\/08\/kanyavarisziget.jpg 801w\" sizes=\"(max-width: 300px) 100vw, 300px\" \/><\/a><p id=\"caption-attachment-4560\" class=\"wp-caption-text\">Sziget<\/p><\/div>\n<p>Persze felment\u00fcnk minden dombra \u00e9s kil\u00e1t\u00f3ba.<\/p>\n<p>Ez a r\u00e9gi kil\u00e1t\u00f3, ahonnan m\u00e1r alig l\u00e1tni valamit, mert a f\u00e1k akkor\u00e1ra n\u0151ttek, hogy eltakarj\u00e1k a kil\u00e1t\u00e1st.<\/p>\n<div id=\"attachment_4561\" style=\"width: 310px\" class=\"wp-caption alignnone\"><a href=\"http:\/\/www.quiltingstudio.hu\/blog\/wp-content\/uploads\/2014\/08\/regikilato.jpg\"><img aria-describedby=\"caption-attachment-4561\" decoding=\"async\" loading=\"lazy\" class=\"size-medium wp-image-4561 \" title=\"regikilato\" src=\"http:\/\/www.quiltingstudio.hu\/blog\/wp-content\/uploads\/2014\/08\/regikilato-300x225.jpg\" alt=\"\" width=\"300\" height=\"225\" srcset=\"http:\/\/www.quiltingstudio.hu\/blog\/wp-content\/uploads\/2014\/08\/regikilato-300x225.jpg 300w, http:\/\/www.quiltingstudio.hu\/blog\/wp-content\/uploads\/2014\/08\/regikilato.jpg 801w\" sizes=\"(max-width: 300px) 100vw, 300px\" \/><\/a><p id=\"caption-attachment-4561\" class=\"wp-caption-text\">H\u00e1tt\u00e9rben a kil\u00e1t\u00f3<\/p><\/div>\n<p>Ez\u00e9rt \u00e9p\u00fcl egy m\u00e1sik magasabb kil\u00e1t\u00f3 m\u00e1r.<\/p>\n<div id=\"attachment_4562\" style=\"width: 235px\" class=\"wp-caption alignnone\"><a href=\"http:\/\/www.quiltingstudio.hu\/blog\/wp-content\/uploads\/2014\/08\/ujkilato.jpg\"><img aria-describedby=\"caption-attachment-4562\" decoding=\"async\" loading=\"lazy\" class=\" wp-image-4562 \" title=\"ujkilato\" src=\"http:\/\/www.quiltingstudio.hu\/blog\/wp-content\/uploads\/2014\/08\/ujkilato-225x300.jpg\" alt=\"\" width=\"225\" height=\"300\" srcset=\"http:\/\/www.quiltingstudio.hu\/blog\/wp-content\/uploads\/2014\/08\/ujkilato-225x300.jpg 225w, http:\/\/www.quiltingstudio.hu\/blog\/wp-content\/uploads\/2014\/08\/ujkilato-768x1024.jpg 768w, http:\/\/www.quiltingstudio.hu\/blog\/wp-content\/uploads\/2014\/08\/ujkilato.jpg 801w\" sizes=\"(max-width: 225px) 100vw, 225px\" \/><\/a><p id=\"caption-attachment-4562\" class=\"wp-caption-text\">K\u00e9sz\u00fcl\u0151 kil\u00e1t\u00f3<\/p><\/div>\n<p>folyt. k\u00f6v.<\/p>\n","protected":false},"excerpt":{"rendered":"<p>Az id\u00e9n sem a tengerpartra ment\u00fcnk l\u00e1bat l\u00f3gatni, hanem megpr\u00f3b\u00e1ltuk kis orsz\u00e1gunk egyik \u00e1ltalunk m\u00e9g nem ismert r\u00e9sz\u00e9t becserk\u00e9szni: Jelentem a Kis-Balatoni &#8222;ny\u00f3cas&#8221; is megvan! A b\u00e1zisunk Fony\u00f3d volt, innen indult a csillagt\u00fara. Az els\u0151 nap bemeleg\u00edt\u00e9sk\u00e9nt &#8222;felm\u00e1sztunk&#8221; a fony\u00f3di kil\u00e1t\u00f3hoz, term\u00e9szetesen biciklivel.<\/p>\n","protected":false},"author":1,"featured_media":0,"comment_status":"open","ping_status":"closed","sticky":false,"template":"","format":"standard","meta":[],"categories":[12],"tags":[],"aioseo_notices":[],"views":2607,"_links":{"self":[{"href":"http:\/\/www.quiltingstudio.hu\/blog\/index.php?rest_route=\/wp\/v2\/posts\/4556"}],"collection":[{"href":"http:\/\/www.quiltingstudio.hu\/blog\/index.php?rest_route=\/wp\/v2\/posts"}],"about":[{"href":"http:\/\/www.quiltingstudio.hu\/blog\/index.php?rest_route=\/wp\/v2\/types\/post"}],"author":[{"embeddable":true,"href":"http:\/\/www.quiltingstudio.hu\/blog\/index.php?rest_route=\/wp\/v2\/users\/1"}],"replies":[{"embeddable":true,"href":"http:\/\/www.quiltingstudio.hu\/blog\/index.php?rest_route=%2Fwp%2Fv2%2Fcomments&post=4556"}],"version-history":[{"count":10,"href":"http:\/\/www.quiltingstudio.hu\/blog\/index.php?rest_route=\/wp\/v2\/posts\/4556\/revisions"}],"predecessor-version":[{"id":4572,"href":"http:\/\/www.quiltingstudio.hu\/blog\/index.php?rest_route=\/wp\/v2\/posts\/4556\/revisions\/4572"}],"wp:attachment":[{"href":"http:\/\/www.quiltingstudio.hu\/blog\/index.php?rest_route=%2Fwp%2Fv2%2Fmedia&parent=4556"}],"wp:term":[{"taxonomy":"category","embeddable":true,"href":"http:\/\/www.quiltingstudio.hu\/blog\/index.php?rest_route=%2Fwp%2Fv2%2Fcategories&post=4556"},{"taxonomy":"post_tag","embeddable":true,"href":"http:\/\/www.quiltingstudio.hu\/blog\/index.php?rest_route=%2Fwp%2Fv2%2Ftags&post=4556"}],"curies":[{"name":"wp","href":"https:\/\/api.w.org\/{rel}","templated":true}]}}