{"id":4596,"date":"2014-11-18T21:32:25","date_gmt":"2014-11-18T19:32:25","guid":{"rendered":"http:\/\/www.quiltingstudio.hu\/blog\/?p=4596"},"modified":"2014-11-18T21:32:25","modified_gmt":"2014-11-18T19:32:25","slug":"telikertem","status":"publish","type":"post","link":"http:\/\/www.quiltingstudio.hu\/blog\/?p=4596","title":{"rendered":"T\u00e9likertem&#8230;"},"content":{"rendered":"<p>vagy t\u00e9li kertem?<\/p>\n<p>Mindegy, a l\u00e9nyeg, hogy tele van vir\u00e1gokkal.<\/p>\n<div id=\"attachment_4597\" style=\"width: 310px\" class=\"wp-caption alignnone\"><a href=\"http:\/\/www.quiltingstudio.hu\/blog\/wp-content\/uploads\/2014\/11\/telikert.jpg\"><img aria-describedby=\"caption-attachment-4597\" decoding=\"async\" loading=\"lazy\" class=\"size-medium wp-image-4597\" title=\"telikert\" src=\"http:\/\/www.quiltingstudio.hu\/blog\/wp-content\/uploads\/2014\/11\/telikert-300x168.jpg\" alt=\"\" width=\"300\" height=\"168\" srcset=\"http:\/\/www.quiltingstudio.hu\/blog\/wp-content\/uploads\/2014\/11\/telikert-300x168.jpg 300w, http:\/\/www.quiltingstudio.hu\/blog\/wp-content\/uploads\/2014\/11\/telikert.jpg 802w\" sizes=\"(max-width: 300px) 100vw, 300px\" \/><\/a><p id=\"caption-attachment-4597\" class=\"wp-caption-text\">kar\u00e1csonyi kaktuszok<\/p><\/div>\n<p>Nagyon sz\u00e9pek, tele bimb\u00f3val! Eddig nem siker\u00fclt \u0151ket ,- vagy csak nagy k\u00ednl\u00f3d\u00e1sok k\u00f6zepette,- vir\u00e1gz\u00e1sra b\u00edrni. A panelban meleg volt nekik.<!--more--><\/p>\n<p>Itt viszont \u00fagy t\u0171nik, minden optim\u00e1lis :<\/p>\n<div id=\"attachment_4598\" style=\"width: 310px\" class=\"wp-caption alignnone\"><a href=\"http:\/\/www.quiltingstudio.hu\/blog\/wp-content\/uploads\/2014\/11\/telikert4.jpg\"><img aria-describedby=\"caption-attachment-4598\" decoding=\"async\" loading=\"lazy\" class=\"size-medium wp-image-4598\" title=\"telikert4\" src=\"http:\/\/www.quiltingstudio.hu\/blog\/wp-content\/uploads\/2014\/11\/telikert4-300x225.jpg\" alt=\"\" width=\"300\" height=\"225\" srcset=\"http:\/\/www.quiltingstudio.hu\/blog\/wp-content\/uploads\/2014\/11\/telikert4-300x225.jpg 300w, http:\/\/www.quiltingstudio.hu\/blog\/wp-content\/uploads\/2014\/11\/telikert4.jpg 801w\" sizes=\"(max-width: 300px) 100vw, 300px\" \/><\/a><p id=\"caption-attachment-4598\" class=\"wp-caption-text\">Narancss\u00e1rga v\u00e1ltozat<\/p><\/div>\n<p>Van m\u00e1r piros \u00e9s r\u00f3zsasz\u00edn v\u00e1ltozat is. H\u00e1t kellett vennem egy feh\u00e9ret is!<\/p>\n<div id=\"attachment_4599\" style=\"width: 178px\" class=\"wp-caption alignnone\"><a href=\"http:\/\/www.quiltingstudio.hu\/blog\/wp-content\/uploads\/2014\/11\/telikert2.jpg\"><img aria-describedby=\"caption-attachment-4599\" decoding=\"async\" loading=\"lazy\" class=\"size-medium wp-image-4599\" title=\"telikert2\" src=\"http:\/\/www.quiltingstudio.hu\/blog\/wp-content\/uploads\/2014\/11\/telikert2-168x300.jpg\" alt=\"\" width=\"168\" height=\"300\" srcset=\"http:\/\/www.quiltingstudio.hu\/blog\/wp-content\/uploads\/2014\/11\/telikert2-168x300.jpg 168w, http:\/\/www.quiltingstudio.hu\/blog\/wp-content\/uploads\/2014\/11\/telikert2-575x1024.jpg 575w, http:\/\/www.quiltingstudio.hu\/blog\/wp-content\/uploads\/2014\/11\/telikert2.jpg 802w\" sizes=\"(max-width: 168px) 100vw, 168px\" \/><\/a><p id=\"caption-attachment-4599\" class=\"wp-caption-text\">angyalok<\/p><\/div>\n<p>Ha m\u00e1s el\u0151nye nincs is ennek a lamb\u00e9ri\u00e1nak, az biztos, hogy a quilteket igen k\u00f6nny\u0171 feltenni r\u00e1. \u00cdgy ker\u00fcltek ideiglenesen- v\u00e9gleg- ide az applik\u00e1lt angyalaim.<\/p>\n<div id=\"attachment_4600\" style=\"width: 178px\" class=\"wp-caption alignnone\"><a href=\"http:\/\/www.quiltingstudio.hu\/blog\/wp-content\/uploads\/2014\/11\/telikert3.jpg\"><img aria-describedby=\"caption-attachment-4600\" decoding=\"async\" loading=\"lazy\" class=\"size-medium wp-image-4600\" title=\"telikert3\" src=\"http:\/\/www.quiltingstudio.hu\/blog\/wp-content\/uploads\/2014\/11\/telikert3-168x300.jpg\" alt=\"\" width=\"168\" height=\"300\" srcset=\"http:\/\/www.quiltingstudio.hu\/blog\/wp-content\/uploads\/2014\/11\/telikert3-168x300.jpg 168w, http:\/\/www.quiltingstudio.hu\/blog\/wp-content\/uploads\/2014\/11\/telikert3-575x1024.jpg 575w, http:\/\/www.quiltingstudio.hu\/blog\/wp-content\/uploads\/2014\/11\/telikert3.jpg 802w\" sizes=\"(max-width: 168px) 100vw, 168px\" \/><\/a><p id=\"caption-attachment-4600\" class=\"wp-caption-text\">Orchide\u00e1k<\/p><\/div>\n<p>Nagy rem\u00e9nyeket f\u0171z\u00f6k az itteni orchide\u00e1khoz is. A lepkeorchide\u00e1k szinte meg\u00e1ll\u00e1s n\u00e9lk\u00fcl vir\u00e1goznak, m\u00e1r most is hozz\u00e1k az \u00fajabb vir\u00e1gsz\u00e1rakat.<\/p>\n<p>De \u00e9n a cymbidumokra vagyok nagyon k\u00edv\u00e1ncsi, nagyon \u00f6r\u00fcln\u00e9k, ha \u0151k is vir\u00e1gozn\u00e1nk majd.<\/p>\n<p>Csak megjegyzem a mikul\u00e1s vir\u00e1g is tavalyi, eg\u00e9sz ny\u00e1ron kint volt a kertben, behoztam \u00e9s elkezdte hozni a piros leveleit.<\/p>\n","protected":false},"excerpt":{"rendered":"<p>vagy t\u00e9li kertem? Mindegy, a l\u00e9nyeg, hogy tele van vir\u00e1gokkal. Nagyon sz\u00e9pek, tele bimb\u00f3val! Eddig nem siker\u00fclt \u0151ket ,- vagy csak nagy k\u00ednl\u00f3d\u00e1sok k\u00f6zepette,- vir\u00e1gz\u00e1sra b\u00edrni. A panelban meleg volt nekik.<\/p>\n","protected":false},"author":1,"featured_media":0,"comment_status":"open","ping_status":"closed","sticky":false,"template":"","format":"standard","meta":[],"categories":[8],"tags":[],"aioseo_notices":[],"views":2113,"_links":{"self":[{"href":"http:\/\/www.quiltingstudio.hu\/blog\/index.php?rest_route=\/wp\/v2\/posts\/4596"}],"collection":[{"href":"http:\/\/www.quiltingstudio.hu\/blog\/index.php?rest_route=\/wp\/v2\/posts"}],"about":[{"href":"http:\/\/www.quiltingstudio.hu\/blog\/index.php?rest_route=\/wp\/v2\/types\/post"}],"author":[{"embeddable":true,"href":"http:\/\/www.quiltingstudio.hu\/blog\/index.php?rest_route=\/wp\/v2\/users\/1"}],"replies":[{"embeddable":true,"href":"http:\/\/www.quiltingstudio.hu\/blog\/index.php?rest_route=%2Fwp%2Fv2%2Fcomments&post=4596"}],"version-history":[{"count":3,"href":"http:\/\/www.quiltingstudio.hu\/blog\/index.php?rest_route=\/wp\/v2\/posts\/4596\/revisions"}],"predecessor-version":[{"id":4603,"href":"http:\/\/www.quiltingstudio.hu\/blog\/index.php?rest_route=\/wp\/v2\/posts\/4596\/revisions\/4603"}],"wp:attachment":[{"href":"http:\/\/www.quiltingstudio.hu\/blog\/index.php?rest_route=%2Fwp%2Fv2%2Fmedia&parent=4596"}],"wp:term":[{"taxonomy":"category","embeddable":true,"href":"http:\/\/www.quiltingstudio.hu\/blog\/index.php?rest_route=%2Fwp%2Fv2%2Fcategories&post=4596"},{"taxonomy":"post_tag","embeddable":true,"href":"http:\/\/www.quiltingstudio.hu\/blog\/index.php?rest_route=%2Fwp%2Fv2%2Ftags&post=4596"}],"curies":[{"name":"wp","href":"https:\/\/api.w.org\/{rel}","templated":true}]}}