{"id":4606,"date":"2014-11-23T18:06:15","date_gmt":"2014-11-23T16:06:15","guid":{"rendered":"http:\/\/www.quiltingstudio.hu\/blog\/?p=4606"},"modified":"2014-11-23T18:06:15","modified_gmt":"2014-11-23T16:06:15","slug":"keszulodes-2","status":"publish","type":"post","link":"http:\/\/www.quiltingstudio.hu\/blog\/?p=4606","title":{"rendered":"K\u00e9sz\u00fcl\u0151d\u00e9s&#8230;"},"content":{"rendered":"<p>Senki nem mondhatja, hogy nem \u00e1lltam neki id\u0151ben. (megjegyzem : ilyen sem volt m\u00e9g sose!)<\/p>\n<div id=\"attachment_4607\" style=\"width: 310px\" class=\"wp-caption alignnone\"><a href=\"http:\/\/www.quiltingstudio.hu\/blog\/wp-content\/uploads\/2014\/11\/mikulasra.jpg\"><img aria-describedby=\"caption-attachment-4607\" decoding=\"async\" loading=\"lazy\" class=\"size-medium wp-image-4607\" title=\"mikulasra\" src=\"http:\/\/www.quiltingstudio.hu\/blog\/wp-content\/uploads\/2014\/11\/mikulasra-300x178.jpg\" alt=\"\" width=\"300\" height=\"178\" srcset=\"http:\/\/www.quiltingstudio.hu\/blog\/wp-content\/uploads\/2014\/11\/mikulasra-300x178.jpg 300w, http:\/\/www.quiltingstudio.hu\/blog\/wp-content\/uploads\/2014\/11\/mikulasra.jpg 800w\" sizes=\"(max-width: 300px) 100vw, 300px\" \/><\/a><p id=\"caption-attachment-4607\" class=\"wp-caption-text\">Aj\u00e1nd\u00e9kok<\/p><\/div>\n<p>Term\u00e9szetesen k\u00f6z\u00e9pen, a legnagyobb dobozk\u00e1ban \u00c1koska aj\u00e1nd\u00e9ka van. Mivel m\u00e9g csak 5 h\u00f3napos, \u0151 m\u00e9g csak ilyen j\u00e1t\u00e9kokat kap.<\/p>\n<p><!--more--> A mikul\u00e1st is \u00e9n varrtam a h\u00edmz\u0151egys\u00e9ggel k\u00e9sz\u00fclt.<\/p>\n<p>A n\u0151v\u00e9reinek k\u00e9sz\u00fcltek a zs\u00e1kok, amiben m\u00e1r (sz\u00fcl\u0151i seg\u00edts\u00e9ggel ) olyan apr\u00f3s\u00e1gok ker\u00fcltek, amiknek val\u00f3sz\u00edn\u0171 \u00f6r\u00fclnek majd. Kb. 5 \u00e9ve d\u00e9delgetem ezeket a h\u00f3emberes blokkokat, annyira \u00e9desek. Minden \u00e9veben el\u0151vettem megn\u00e9ztem , megsimogattam, majd visszatettem \u0151ket a \u00a0fi\u00f3kba. Biztos vagyok benne, hogy \u00e9rt\u00e9kelni fogj\u00e1k. A p\u00e1rn\u00e1k is nekik k\u00e9sz\u00fcltek a szob\u00e1ik sz\u00edn\u00e9hez igaz\u00edtva.<\/p>\n<div id=\"attachment_4609\" style=\"width: 178px\" class=\"wp-caption alignnone\"><a href=\"http:\/\/www.quiltingstudio.hu\/blog\/wp-content\/uploads\/2014\/11\/ajtodisz.jpg\"><img aria-describedby=\"caption-attachment-4609\" decoding=\"async\" loading=\"lazy\" class=\"size-medium wp-image-4609\" title=\"ajtodisz\" src=\"http:\/\/www.quiltingstudio.hu\/blog\/wp-content\/uploads\/2014\/11\/ajtodisz-168x300.jpg\" alt=\"\" width=\"168\" height=\"300\" srcset=\"http:\/\/www.quiltingstudio.hu\/blog\/wp-content\/uploads\/2014\/11\/ajtodisz-168x300.jpg 168w, http:\/\/www.quiltingstudio.hu\/blog\/wp-content\/uploads\/2014\/11\/ajtodisz-576x1024.jpg 576w, http:\/\/www.quiltingstudio.hu\/blog\/wp-content\/uploads\/2014\/11\/ajtodisz.jpg 800w\" sizes=\"(max-width: 168px) 100vw, 168px\" \/><\/a><p id=\"caption-attachment-4609\" class=\"wp-caption-text\">Koszor\u00facska<\/p><\/div>\n<p>Ez egy pap\u00edrravarr\u00f3s technik\u00e1val k\u00e9sz\u00edthet\u0151 k\u00e9peslap, amit picit tov\u00e1bb gondoltam. (<a href=\"http:\/\/paperpanache.com\/index.htm\" target=\"_blank\">www.paperpanache.com<\/a> \u00a0oldalr\u00f3l) \u00dagy csillognak a r\u00e1varrt \u00a0apr\u00f3s\u00e1gok, mint a kis Vuk szeme a s\u00f6t\u00e9tben :o)))<\/p>\n","protected":false},"excerpt":{"rendered":"<p>Senki nem mondhatja, hogy nem \u00e1lltam neki id\u0151ben. (megjegyzem : ilyen sem volt m\u00e9g sose!) Term\u00e9szetesen k\u00f6z\u00e9pen, a legnagyobb dobozk\u00e1ban \u00c1koska aj\u00e1nd\u00e9ka van. Mivel m\u00e9g csak 5 h\u00f3napos, \u0151 m\u00e9g csak ilyen j\u00e1t\u00e9kokat kap.<\/p>\n","protected":false},"author":1,"featured_media":0,"comment_status":"open","ping_status":"closed","sticky":false,"template":"","format":"standard","meta":[],"categories":[3],"tags":[],"aioseo_notices":[],"views":2037,"_links":{"self":[{"href":"http:\/\/www.quiltingstudio.hu\/blog\/index.php?rest_route=\/wp\/v2\/posts\/4606"}],"collection":[{"href":"http:\/\/www.quiltingstudio.hu\/blog\/index.php?rest_route=\/wp\/v2\/posts"}],"about":[{"href":"http:\/\/www.quiltingstudio.hu\/blog\/index.php?rest_route=\/wp\/v2\/types\/post"}],"author":[{"embeddable":true,"href":"http:\/\/www.quiltingstudio.hu\/blog\/index.php?rest_route=\/wp\/v2\/users\/1"}],"replies":[{"embeddable":true,"href":"http:\/\/www.quiltingstudio.hu\/blog\/index.php?rest_route=%2Fwp%2Fv2%2Fcomments&post=4606"}],"version-history":[{"count":6,"href":"http:\/\/www.quiltingstudio.hu\/blog\/index.php?rest_route=\/wp\/v2\/posts\/4606\/revisions"}],"predecessor-version":[{"id":4614,"href":"http:\/\/www.quiltingstudio.hu\/blog\/index.php?rest_route=\/wp\/v2\/posts\/4606\/revisions\/4614"}],"wp:attachment":[{"href":"http:\/\/www.quiltingstudio.hu\/blog\/index.php?rest_route=%2Fwp%2Fv2%2Fmedia&parent=4606"}],"wp:term":[{"taxonomy":"category","embeddable":true,"href":"http:\/\/www.quiltingstudio.hu\/blog\/index.php?rest_route=%2Fwp%2Fv2%2Fcategories&post=4606"},{"taxonomy":"post_tag","embeddable":true,"href":"http:\/\/www.quiltingstudio.hu\/blog\/index.php?rest_route=%2Fwp%2Fv2%2Ftags&post=4606"}],"curies":[{"name":"wp","href":"https:\/\/api.w.org\/{rel}","templated":true}]}}