{"id":4623,"date":"2014-12-01T08:13:22","date_gmt":"2014-12-01T06:13:22","guid":{"rendered":"http:\/\/www.quiltingstudio.hu\/blog\/?p=4623"},"modified":"2014-12-01T08:13:22","modified_gmt":"2014-12-01T06:13:22","slug":"telapok","status":"publish","type":"post","link":"http:\/\/www.quiltingstudio.hu\/blog\/?p=4623","title":{"rendered":"T\u00e9lap\u00f3k&#8230;"},"content":{"rendered":"<p>Elk\u00e9sz\u00fclt a t\u00e9lap\u00f3s anyagb\u00f3l a &#8222;T\u00edzperces&#8221; ter\u00edt\u0151 \u00e9s hozz\u00e1 p\u00e1r ed\u00e9nyal\u00e1t\u00e9t. Att\u00f3l f\u00fcgg\u0151en, hogy a minta hogyan engedte&#8230;<\/p>\n<div id=\"attachment_4624\" style=\"width: 310px\" class=\"wp-caption alignnone\"><a href=\"http:\/\/www.quiltingstudio.hu\/blog\/wp-content\/uploads\/2014\/12\/terito.jpg\"><img aria-describedby=\"caption-attachment-4624\" decoding=\"async\" loading=\"lazy\" class=\"size-medium wp-image-4624\" title=\"terito\" src=\"http:\/\/www.quiltingstudio.hu\/blog\/wp-content\/uploads\/2014\/12\/terito-300x177.jpg\" alt=\"\" width=\"300\" height=\"177\" srcset=\"http:\/\/www.quiltingstudio.hu\/blog\/wp-content\/uploads\/2014\/12\/terito-300x177.jpg 300w, http:\/\/www.quiltingstudio.hu\/blog\/wp-content\/uploads\/2014\/12\/terito.jpg 799w\" sizes=\"(max-width: 300px) 100vw, 300px\" \/><\/a><p id=\"caption-attachment-4624\" class=\"wp-caption-text\">T\u00e9lap\u00f3s<\/p><\/div>\n<p>Annyira belej\u00f6ttem, hogy varrtam p\u00e1r konyharuh\u00e1t is.<!--more--><\/p>\n<div id=\"attachment_4625\" style=\"width: 310px\" class=\"wp-caption alignnone\"><a href=\"http:\/\/www.quiltingstudio.hu\/blog\/wp-content\/uploads\/2014\/12\/keztorlok2.jpg\"><img aria-describedby=\"caption-attachment-4625\" decoding=\"async\" loading=\"lazy\" class=\"size-medium wp-image-4625\" title=\"keztorlok2\" src=\"http:\/\/www.quiltingstudio.hu\/blog\/wp-content\/uploads\/2014\/12\/keztorlok2-300x190.jpg\" alt=\"\" width=\"300\" height=\"190\" srcset=\"http:\/\/www.quiltingstudio.hu\/blog\/wp-content\/uploads\/2014\/12\/keztorlok2-300x190.jpg 300w, http:\/\/www.quiltingstudio.hu\/blog\/wp-content\/uploads\/2014\/12\/keztorlok2.jpg 798w\" sizes=\"(max-width: 300px) 100vw, 300px\" \/><\/a><p id=\"caption-attachment-4625\" class=\"wp-caption-text\">k\u00e9zt\u00f6rl\u0151k<\/p><\/div>\n<p>Kicsit az \u00fajrahasznos\u00edt\u00e1s jegy\u00e9ben. Az alapanyagot siker\u00fclt a piacon beszereznem, (b\u0151ven) \u00e9s a d\u00edsz\u00edt\u00e9shez a h\u00edmzett cs\u00edkokat, csipk\u00e9ket \u00fagy kaptam.<\/p>\n<div id=\"attachment_4627\" style=\"width: 310px\" class=\"wp-caption alignnone\"><a href=\"http:\/\/www.quiltingstudio.hu\/blog\/wp-content\/uploads\/2014\/12\/keztorlok.jpg\"><img aria-describedby=\"caption-attachment-4627\" decoding=\"async\" loading=\"lazy\" class=\"size-medium wp-image-4627\" title=\"keztorlok\" src=\"http:\/\/www.quiltingstudio.hu\/blog\/wp-content\/uploads\/2014\/12\/keztorlok-300x168.jpg\" alt=\"\" width=\"300\" height=\"168\" srcset=\"http:\/\/www.quiltingstudio.hu\/blog\/wp-content\/uploads\/2014\/12\/keztorlok-300x168.jpg 300w, http:\/\/www.quiltingstudio.hu\/blog\/wp-content\/uploads\/2014\/12\/keztorlok.jpg 798w\" sizes=\"(max-width: 300px) 100vw, 300px\" \/><\/a><p id=\"caption-attachment-4627\" class=\"wp-caption-text\">K\u00f6zelebbr\u0151l<\/p><\/div>\n<p>A nagyon narancss\u00e1rg\u00e1t egy t\u00fckr\u00f6spaplanr\u00f3l szedtem le \u00e9s festettem \u00e1t m\u00e9g a ny\u00e1ron.<\/p>\n<p>Hamar gyorsan elk\u00e9sz\u00fclnek \u00e9s sz\u00e9pek.<\/p>\n<p>&nbsp;<\/p>\n<p>&nbsp;<\/p>\n","protected":false},"excerpt":{"rendered":"<p>Elk\u00e9sz\u00fclt a t\u00e9lap\u00f3s anyagb\u00f3l a &#8222;T\u00edzperces&#8221; ter\u00edt\u0151 \u00e9s hozz\u00e1 p\u00e1r ed\u00e9nyal\u00e1t\u00e9t. Att\u00f3l f\u00fcgg\u0151en, hogy a minta hogyan engedte&#8230; Annyira belej\u00f6ttem, hogy varrtam p\u00e1r konyharuh\u00e1t is.<\/p>\n","protected":false},"author":1,"featured_media":0,"comment_status":"open","ping_status":"closed","sticky":false,"template":"","format":"standard","meta":[],"categories":[3],"tags":[],"aioseo_notices":[],"views":2066,"_links":{"self":[{"href":"http:\/\/www.quiltingstudio.hu\/blog\/index.php?rest_route=\/wp\/v2\/posts\/4623"}],"collection":[{"href":"http:\/\/www.quiltingstudio.hu\/blog\/index.php?rest_route=\/wp\/v2\/posts"}],"about":[{"href":"http:\/\/www.quiltingstudio.hu\/blog\/index.php?rest_route=\/wp\/v2\/types\/post"}],"author":[{"embeddable":true,"href":"http:\/\/www.quiltingstudio.hu\/blog\/index.php?rest_route=\/wp\/v2\/users\/1"}],"replies":[{"embeddable":true,"href":"http:\/\/www.quiltingstudio.hu\/blog\/index.php?rest_route=%2Fwp%2Fv2%2Fcomments&post=4623"}],"version-history":[{"count":2,"href":"http:\/\/www.quiltingstudio.hu\/blog\/index.php?rest_route=\/wp\/v2\/posts\/4623\/revisions"}],"predecessor-version":[{"id":4628,"href":"http:\/\/www.quiltingstudio.hu\/blog\/index.php?rest_route=\/wp\/v2\/posts\/4623\/revisions\/4628"}],"wp:attachment":[{"href":"http:\/\/www.quiltingstudio.hu\/blog\/index.php?rest_route=%2Fwp%2Fv2%2Fmedia&parent=4623"}],"wp:term":[{"taxonomy":"category","embeddable":true,"href":"http:\/\/www.quiltingstudio.hu\/blog\/index.php?rest_route=%2Fwp%2Fv2%2Fcategories&post=4623"},{"taxonomy":"post_tag","embeddable":true,"href":"http:\/\/www.quiltingstudio.hu\/blog\/index.php?rest_route=%2Fwp%2Fv2%2Ftags&post=4623"}],"curies":[{"name":"wp","href":"https:\/\/api.w.org\/{rel}","templated":true}]}}