{"id":4630,"date":"2014-12-09T08:09:55","date_gmt":"2014-12-09T06:09:55","guid":{"rendered":"http:\/\/www.quiltingstudio.hu\/blog\/?p=4630"},"modified":"2014-12-09T09:46:04","modified_gmt":"2014-12-09T07:46:04","slug":"ezt-nem-lehet-abbahagyni","status":"publish","type":"post","link":"http:\/\/www.quiltingstudio.hu\/blog\/?p=4630","title":{"rendered":"Ezt nem lehet abbahagyni&#8230;"},"content":{"rendered":"<p>Ism\u00e9t k\u00e9sz\u00fclt p\u00e1r partedli \u00e9s nem ez lesz az utols\u00f3. Annyira aranyosak \u00e9s olyan j\u00f3 vel\u00fck &#8222;j\u00e1tszani&#8221;, m\u00edg elk\u00e9sz\u00fclnek.<\/p>\n<p>Most varrtam egy h\u00e9tk\u00f6znapit \u00e9s mondjuk egy \u00fcnnepl\u0151set:<\/p>\n<div id=\"attachment_4631\" style=\"width: 310px\" class=\"wp-caption alignnone\"><a href=\"http:\/\/www.quiltingstudio.hu\/blog\/wp-content\/uploads\/2014\/12\/elokek.jpg\"><img aria-describedby=\"caption-attachment-4631\" decoding=\"async\" loading=\"lazy\" class=\"size-medium wp-image-4631\" title=\"elokek\" src=\"http:\/\/www.quiltingstudio.hu\/blog\/wp-content\/uploads\/2014\/12\/elokek-300x219.jpg\" alt=\"\" width=\"300\" height=\"219\" srcset=\"http:\/\/www.quiltingstudio.hu\/blog\/wp-content\/uploads\/2014\/12\/elokek-300x219.jpg 300w, http:\/\/www.quiltingstudio.hu\/blog\/wp-content\/uploads\/2014\/12\/elokek.jpg 797w\" sizes=\"(max-width: 300px) 100vw, 300px\" \/><\/a><p id=\"caption-attachment-4631\" class=\"wp-caption-text\">Partedlik<\/p><\/div>\n<p>Egyik oldaluk \u00a0eg\u00e9szs\u00e9g\u00fcgyi leped\u0151 anyag, rem\u00e9lhet\u0151leg \u00edgy nem \u00e1zik el a gyermek ruh\u00e1ja. Sajnos a vaku miatt nem l\u00e1tszik, hogy milyen sz\u00e9p eg\u00e9szs\u00e9ges r\u00f3zsasz\u00edn\u0171 a kisfi\u00fa arca.Ennek a v\u00e1ltozatnak cumitart\u00f3ja is van. Majd \u00c1kos teszteli.<\/p>\n","protected":false},"excerpt":{"rendered":"<p>Ism\u00e9t k\u00e9sz\u00fclt p\u00e1r partedli \u00e9s nem ez lesz az utols\u00f3. Annyira aranyosak \u00e9s olyan j\u00f3 vel\u00fck &#8222;j\u00e1tszani&#8221;, m\u00edg elk\u00e9sz\u00fclnek. Most varrtam egy h\u00e9tk\u00f6znapit \u00e9s mondjuk egy \u00fcnnepl\u0151set: Egyik oldaluk \u00a0eg\u00e9szs\u00e9g\u00fcgyi leped\u0151 anyag, rem\u00e9lhet\u0151leg \u00edgy nem \u00e1zik el a gyermek ruh\u00e1ja. Sajnos a vaku miatt nem l\u00e1tszik, hogy milyen sz\u00e9p eg\u00e9szs\u00e9ges r\u00f3zsasz\u00edn\u0171 a kisfi\u00fa arca.Ennek a [&hellip;]<\/p>\n","protected":false},"author":1,"featured_media":0,"comment_status":"open","ping_status":"closed","sticky":false,"template":"","format":"standard","meta":[],"categories":[1],"tags":[],"aioseo_notices":[],"views":2362,"_links":{"self":[{"href":"http:\/\/www.quiltingstudio.hu\/blog\/index.php?rest_route=\/wp\/v2\/posts\/4630"}],"collection":[{"href":"http:\/\/www.quiltingstudio.hu\/blog\/index.php?rest_route=\/wp\/v2\/posts"}],"about":[{"href":"http:\/\/www.quiltingstudio.hu\/blog\/index.php?rest_route=\/wp\/v2\/types\/post"}],"author":[{"embeddable":true,"href":"http:\/\/www.quiltingstudio.hu\/blog\/index.php?rest_route=\/wp\/v2\/users\/1"}],"replies":[{"embeddable":true,"href":"http:\/\/www.quiltingstudio.hu\/blog\/index.php?rest_route=%2Fwp%2Fv2%2Fcomments&post=4630"}],"version-history":[{"count":5,"href":"http:\/\/www.quiltingstudio.hu\/blog\/index.php?rest_route=\/wp\/v2\/posts\/4630\/revisions"}],"predecessor-version":[{"id":4635,"href":"http:\/\/www.quiltingstudio.hu\/blog\/index.php?rest_route=\/wp\/v2\/posts\/4630\/revisions\/4635"}],"wp:attachment":[{"href":"http:\/\/www.quiltingstudio.hu\/blog\/index.php?rest_route=%2Fwp%2Fv2%2Fmedia&parent=4630"}],"wp:term":[{"taxonomy":"category","embeddable":true,"href":"http:\/\/www.quiltingstudio.hu\/blog\/index.php?rest_route=%2Fwp%2Fv2%2Fcategories&post=4630"},{"taxonomy":"post_tag","embeddable":true,"href":"http:\/\/www.quiltingstudio.hu\/blog\/index.php?rest_route=%2Fwp%2Fv2%2Ftags&post=4630"}],"curies":[{"name":"wp","href":"https:\/\/api.w.org\/{rel}","templated":true}]}}