{"id":4643,"date":"2015-01-02T18:11:24","date_gmt":"2015-01-02T16:11:24","guid":{"rendered":"http:\/\/www.quiltingstudio.hu\/blog\/?p=4643"},"modified":"2015-01-02T18:11:24","modified_gmt":"2015-01-02T16:11:24","slug":"az-idei-elso-2","status":"publish","type":"post","link":"http:\/\/www.quiltingstudio.hu\/blog\/?p=4643","title":{"rendered":"Az idei els\u0151&#8230;"},"content":{"rendered":"<p>&nbsp;<\/p>\n<p><em><strong>El\u0151sz\u00f6r is k\u00edv\u00e1nok mindenkinek BOLDOG \u00daJ \u00c9VET \u00e9s szebbn\u00e9l szebb foltvarrt kincseket, hozz\u00e1 sok t\u00fcrelmet, c\u00e9rn\u00e1t \u00e9s j\u00f3 eg\u00e9szs\u00e9get!<\/strong><\/em><\/p>\n<p>Elk\u00e9sz\u00fclt az idei els\u0151 alkot\u00e1som.<\/p>\n<p>Nem mintha nem lenne mit csin\u00e1lnom.. de annyira \u00e9lveztem. Egy \u00faj anyaggal ismerkedem: <strong>a farmerral.<\/strong><\/p>\n<div id=\"attachment_4644\" style=\"width: 310px\" class=\"wp-caption alignnone\"><a href=\"http:\/\/www.quiltingstudio.hu\/blog\/wp-content\/uploads\/2015\/01\/jatszoszonyeg.jpg\"><img aria-describedby=\"caption-attachment-4644\" decoding=\"async\" loading=\"lazy\" class=\"size-medium wp-image-4644\" title=\"jatszoszonyeg\" src=\"http:\/\/www.quiltingstudio.hu\/blog\/wp-content\/uploads\/2015\/01\/jatszoszonyeg-300x238.jpg\" alt=\"\" width=\"300\" height=\"238\" srcset=\"http:\/\/www.quiltingstudio.hu\/blog\/wp-content\/uploads\/2015\/01\/jatszoszonyeg-300x238.jpg 300w, http:\/\/www.quiltingstudio.hu\/blog\/wp-content\/uploads\/2015\/01\/jatszoszonyeg.jpg 800w\" sizes=\"(max-width: 300px) 100vw, 300px\" \/><\/a><p id=\"caption-attachment-4644\" class=\"wp-caption-text\">J\u00e1tsz\u00f3sz\u0151nyeg<\/p><\/div>\n<p>&nbsp;<\/p>\n<p><!--more-->El\u0151bb vagy ut\u00f3bb elj\u00f6n majd a tavasz \u00e9s a ny\u00e1r, ami kicsal benn\u00fcnket a friss leveg\u0151re.<\/p>\n<p>Arra gondoltam, milyen j\u00f3 lesz majd leter\u00edteni a\u00a0 f\u0171be \u00c1kosnak, h\u00e1tha megmarad rajta egy kicsit, legal\u00e1bb m\u00edg v\u00e9gig n\u00e9zegeti a k\u00e9peket.<\/p>\n<p>G\u00e9pi applik\u00e1ci\u00f3val k\u00e9sz\u00fclt,amit most ism\u00e9t begyakoroltam.<\/p>\n<div id=\"attachment_4645\" style=\"width: 310px\" class=\"wp-caption alignnone\"><a href=\"http:\/\/www.quiltingstudio.hu\/blog\/wp-content\/uploads\/2015\/01\/szeptemberi-alma.jpg\"><img aria-describedby=\"caption-attachment-4645\" decoding=\"async\" loading=\"lazy\" class=\"size-medium wp-image-4645\" title=\"szeptemberi alma\" src=\"http:\/\/www.quiltingstudio.hu\/blog\/wp-content\/uploads\/2015\/01\/szeptemberi-alma-300x238.jpg\" alt=\"\" width=\"300\" height=\"238\" srcset=\"http:\/\/www.quiltingstudio.hu\/blog\/wp-content\/uploads\/2015\/01\/szeptemberi-alma-300x238.jpg 300w, http:\/\/www.quiltingstudio.hu\/blog\/wp-content\/uploads\/2015\/01\/szeptemberi-alma.jpg 800w\" sizes=\"(max-width: 300px) 100vw, 300px\" \/><\/a><p id=\"caption-attachment-4645\" class=\"wp-caption-text\">Szeptember<\/p><\/div>\n<p>Ragquiltnek k\u00e9sz\u00fclt, de l\u00e1nyos zavaromban nem figyeltem\u00a0 a sz\u00e1lir\u00e1nyra.<\/p>\n<div id=\"attachment_4646\" style=\"width: 310px\" class=\"wp-caption alignnone\"><a href=\"http:\/\/www.quiltingstudio.hu\/blog\/wp-content\/uploads\/2015\/01\/majusi-virag.jpg\"><img aria-describedby=\"caption-attachment-4646\" decoding=\"async\" loading=\"lazy\" class=\"size-medium wp-image-4646\" title=\"majusi virag\" src=\"http:\/\/www.quiltingstudio.hu\/blog\/wp-content\/uploads\/2015\/01\/majusi-virag-300x168.jpg\" alt=\"\" width=\"300\" height=\"168\" srcset=\"http:\/\/www.quiltingstudio.hu\/blog\/wp-content\/uploads\/2015\/01\/majusi-virag-300x168.jpg 300w, http:\/\/www.quiltingstudio.hu\/blog\/wp-content\/uploads\/2015\/01\/majusi-virag.jpg 800w\" sizes=\"(max-width: 300px) 100vw, 300px\" \/><\/a><p id=\"caption-attachment-4646\" class=\"wp-caption-text\">M\u00e1jus<\/p><\/div>\n<p>Ez\u00e9rt van, ahol k\u00e9t feh\u00e9r van ahol k\u00e9t k\u00e9k ill. k\u00e9k feh\u00e9r rojt tal\u00e1lkozik.<\/p>\n<p>Am\u00fagy mindegy lenne, ez r\u00e9gi, nem ny\u00fal\u00f3s, m\u00e9g b\u00e9kebeli farmer anyag.<\/p>\n<div id=\"attachment_4647\" style=\"width: 310px\" class=\"wp-caption alignnone\"><a href=\"http:\/\/www.quiltingstudio.hu\/blog\/wp-content\/uploads\/2015\/01\/novemberi-pite.jpg\"><img aria-describedby=\"caption-attachment-4647\" decoding=\"async\" loading=\"lazy\" class=\"size-medium wp-image-4647\" title=\"novemberi pite\" src=\"http:\/\/www.quiltingstudio.hu\/blog\/wp-content\/uploads\/2015\/01\/novemberi-pite-300x168.jpg\" alt=\"\" width=\"300\" height=\"168\" srcset=\"http:\/\/www.quiltingstudio.hu\/blog\/wp-content\/uploads\/2015\/01\/novemberi-pite-300x168.jpg 300w, http:\/\/www.quiltingstudio.hu\/blog\/wp-content\/uploads\/2015\/01\/novemberi-pite.jpg 800w\" sizes=\"(max-width: 300px) 100vw, 300px\" \/><\/a><p id=\"caption-attachment-4647\" class=\"wp-caption-text\">November<\/p><\/div>\n<p>Ezzel a kis sz\u00f6sszenettel k\u00e9t napot dolgoztam, rem\u00e9lem majd tetszik neki.<\/p>\n","protected":false},"excerpt":{"rendered":"<p>&nbsp; El\u0151sz\u00f6r is k\u00edv\u00e1nok mindenkinek BOLDOG \u00daJ \u00c9VET \u00e9s szebbn\u00e9l szebb foltvarrt kincseket, hozz\u00e1 sok t\u00fcrelmet, c\u00e9rn\u00e1t \u00e9s j\u00f3 eg\u00e9szs\u00e9get! Elk\u00e9sz\u00fclt az idei els\u0151 alkot\u00e1som. Nem mintha nem lenne mit csin\u00e1lnom.. de annyira \u00e9lveztem. Egy \u00faj anyaggal ismerkedem: a farmerral. &nbsp;<\/p>\n","protected":false},"author":1,"featured_media":0,"comment_status":"open","ping_status":"closed","sticky":false,"template":"","format":"standard","meta":[],"categories":[3],"tags":[],"aioseo_notices":[],"views":2222,"_links":{"self":[{"href":"http:\/\/www.quiltingstudio.hu\/blog\/index.php?rest_route=\/wp\/v2\/posts\/4643"}],"collection":[{"href":"http:\/\/www.quiltingstudio.hu\/blog\/index.php?rest_route=\/wp\/v2\/posts"}],"about":[{"href":"http:\/\/www.quiltingstudio.hu\/blog\/index.php?rest_route=\/wp\/v2\/types\/post"}],"author":[{"embeddable":true,"href":"http:\/\/www.quiltingstudio.hu\/blog\/index.php?rest_route=\/wp\/v2\/users\/1"}],"replies":[{"embeddable":true,"href":"http:\/\/www.quiltingstudio.hu\/blog\/index.php?rest_route=%2Fwp%2Fv2%2Fcomments&post=4643"}],"version-history":[{"count":2,"href":"http:\/\/www.quiltingstudio.hu\/blog\/index.php?rest_route=\/wp\/v2\/posts\/4643\/revisions"}],"predecessor-version":[{"id":4649,"href":"http:\/\/www.quiltingstudio.hu\/blog\/index.php?rest_route=\/wp\/v2\/posts\/4643\/revisions\/4649"}],"wp:attachment":[{"href":"http:\/\/www.quiltingstudio.hu\/blog\/index.php?rest_route=%2Fwp%2Fv2%2Fmedia&parent=4643"}],"wp:term":[{"taxonomy":"category","embeddable":true,"href":"http:\/\/www.quiltingstudio.hu\/blog\/index.php?rest_route=%2Fwp%2Fv2%2Fcategories&post=4643"},{"taxonomy":"post_tag","embeddable":true,"href":"http:\/\/www.quiltingstudio.hu\/blog\/index.php?rest_route=%2Fwp%2Fv2%2Ftags&post=4643"}],"curies":[{"name":"wp","href":"https:\/\/api.w.org\/{rel}","templated":true}]}}