{"id":4656,"date":"2015-02-05T19:38:11","date_gmt":"2015-02-05T17:38:11","guid":{"rendered":"http:\/\/www.quiltingstudio.hu\/blog\/?p=4656"},"modified":"2015-02-04T19:55:25","modified_gmt":"2015-02-04T17:55:25","slug":"uj-haloszoba","status":"publish","type":"post","link":"http:\/\/www.quiltingstudio.hu\/blog\/?p=4656","title":{"rendered":"\u00daj h\u00e1l\u00f3szoba&#8230;"},"content":{"rendered":"<p>\u00faj k\u00e9p!<\/p>\n<p>Szerettem volna valamit a falra tenni, ami j\u00f3l mutat \u00e9s kapcsol\u00f3dik valahogy a varr\u00e1shoz.<\/p>\n<p>\u00cdgy tal\u00e1ltam r\u00e1 erre a csillagra. Mivel a szob\u00e1ban az uralkod\u00f3 sz\u00edn a lila, ez\u00e9rt kerestem hozz\u00e1ill\u0151 sz\u00edneket.<\/p>\n<div id=\"attachment_4657\" style=\"width: 310px\" class=\"wp-caption alignnone\"><a href=\"http:\/\/www.quiltingstudio.hu\/blog\/wp-content\/uploads\/2015\/02\/lila-csillag.jpg\"><img aria-describedby=\"caption-attachment-4657\" decoding=\"async\" loading=\"lazy\" class=\"size-medium wp-image-4657\" title=\"lila csillag\" src=\"http:\/\/www.quiltingstudio.hu\/blog\/wp-content\/uploads\/2015\/02\/lila-csillag-300x295.jpg\" alt=\"\" width=\"300\" height=\"295\" srcset=\"http:\/\/www.quiltingstudio.hu\/blog\/wp-content\/uploads\/2015\/02\/lila-csillag-300x295.jpg 300w, http:\/\/www.quiltingstudio.hu\/blog\/wp-content\/uploads\/2015\/02\/lila-csillag.jpg 800w\" sizes=\"(max-width: 300px) 100vw, 300px\" \/><\/a><p id=\"caption-attachment-4657\" class=\"wp-caption-text\">lila csillag<\/p><\/div>\n<p>Eddig nincs is benne semmi k\u00fcl\u00f6nleges.<!--more--><\/p>\n<p>De nem a szok\u00e1sos m\u00f3don akartam befejezni. Kimentem h\u00e1t a piacra \u00e9s kerestem hozz\u00e1 megfelel\u0151 alapot, amire felrakhatn\u00e1m.<\/p>\n<p>Tal\u00e1ltam is egyet, ami \u00e9p megfelelt. Nem mes\u00e9lem el, hogy csod\u00e1lkozott a csal\u00e1d, mikor evvel haza\u00e1ll\u00edtottam nagy boldogan!<\/p>\n<div id=\"attachment_4658\" style=\"width: 310px\" class=\"wp-caption alignnone\"><a href=\"http:\/\/www.quiltingstudio.hu\/blog\/wp-content\/uploads\/2015\/02\/lila-csillag-alap.jpg\"><img aria-describedby=\"caption-attachment-4658\" decoding=\"async\" loading=\"lazy\" class=\"size-medium wp-image-4658\" title=\"lila csillag alap\" src=\"http:\/\/www.quiltingstudio.hu\/blog\/wp-content\/uploads\/2015\/02\/lila-csillag-alap-300x242.jpg\" alt=\"\" width=\"300\" height=\"242\" srcset=\"http:\/\/www.quiltingstudio.hu\/blog\/wp-content\/uploads\/2015\/02\/lila-csillag-alap-300x242.jpg 300w, http:\/\/www.quiltingstudio.hu\/blog\/wp-content\/uploads\/2015\/02\/lila-csillag-alap.jpg 799w\" sizes=\"(max-width: 300px) 100vw, 300px\" \/><\/a><p id=\"caption-attachment-4658\" class=\"wp-caption-text\">az alap<\/p><\/div>\n<p>A k\u00e9sz csillagot egy r\u00e9teg vatelinnel egy\u00fctt let\u0171ztem \u00e9s egy k\u00e1rpitos t\u0171z\u0151g\u00e9ppel r\u00f6gz\u00edtettem a kereten.<\/p>\n<p>A k\u00e9sz k\u00e9p:<\/p>\n<div id=\"attachment_4659\" style=\"width: 310px\" class=\"wp-caption alignnone\"><a href=\"http:\/\/www.quiltingstudio.hu\/blog\/wp-content\/uploads\/2015\/02\/lila-csillag-k\u00e9sz.jpg\"><img aria-describedby=\"caption-attachment-4659\" decoding=\"async\" loading=\"lazy\" class=\"size-medium wp-image-4659\" title=\"lila csillag k\u00e9sz\" src=\"http:\/\/www.quiltingstudio.hu\/blog\/wp-content\/uploads\/2015\/02\/lila-csillag-k\u00e9sz-300x242.jpg\" alt=\"\" width=\"300\" height=\"242\" srcset=\"http:\/\/www.quiltingstudio.hu\/blog\/wp-content\/uploads\/2015\/02\/lila-csillag-k\u00e9sz-300x242.jpg 300w, http:\/\/www.quiltingstudio.hu\/blog\/wp-content\/uploads\/2015\/02\/lila-csillag-k\u00e9sz.jpg 799w\" sizes=\"(max-width: 300px) 100vw, 300px\" \/><\/a><p id=\"caption-attachment-4659\" class=\"wp-caption-text\">m\u00e1r csak fel rakni a falra !<\/p><\/div>\n","protected":false},"excerpt":{"rendered":"<p>\u00faj k\u00e9p! Szerettem volna valamit a falra tenni, ami j\u00f3l mutat \u00e9s kapcsol\u00f3dik valahogy a varr\u00e1shoz. \u00cdgy tal\u00e1ltam r\u00e1 erre a csillagra. Mivel a szob\u00e1ban az uralkod\u00f3 sz\u00edn a lila, ez\u00e9rt kerestem hozz\u00e1ill\u0151 sz\u00edneket. Eddig nincs is benne semmi k\u00fcl\u00f6nleges.<\/p>\n","protected":false},"author":1,"featured_media":0,"comment_status":"open","ping_status":"closed","sticky":false,"template":"","format":"standard","meta":[],"categories":[3],"tags":[],"aioseo_notices":[],"views":2238,"_links":{"self":[{"href":"http:\/\/www.quiltingstudio.hu\/blog\/index.php?rest_route=\/wp\/v2\/posts\/4656"}],"collection":[{"href":"http:\/\/www.quiltingstudio.hu\/blog\/index.php?rest_route=\/wp\/v2\/posts"}],"about":[{"href":"http:\/\/www.quiltingstudio.hu\/blog\/index.php?rest_route=\/wp\/v2\/types\/post"}],"author":[{"embeddable":true,"href":"http:\/\/www.quiltingstudio.hu\/blog\/index.php?rest_route=\/wp\/v2\/users\/1"}],"replies":[{"embeddable":true,"href":"http:\/\/www.quiltingstudio.hu\/blog\/index.php?rest_route=%2Fwp%2Fv2%2Fcomments&post=4656"}],"version-history":[{"count":2,"href":"http:\/\/www.quiltingstudio.hu\/blog\/index.php?rest_route=\/wp\/v2\/posts\/4656\/revisions"}],"predecessor-version":[{"id":4661,"href":"http:\/\/www.quiltingstudio.hu\/blog\/index.php?rest_route=\/wp\/v2\/posts\/4656\/revisions\/4661"}],"wp:attachment":[{"href":"http:\/\/www.quiltingstudio.hu\/blog\/index.php?rest_route=%2Fwp%2Fv2%2Fmedia&parent=4656"}],"wp:term":[{"taxonomy":"category","embeddable":true,"href":"http:\/\/www.quiltingstudio.hu\/blog\/index.php?rest_route=%2Fwp%2Fv2%2Fcategories&post=4656"},{"taxonomy":"post_tag","embeddable":true,"href":"http:\/\/www.quiltingstudio.hu\/blog\/index.php?rest_route=%2Fwp%2Fv2%2Ftags&post=4656"}],"curies":[{"name":"wp","href":"https:\/\/api.w.org\/{rel}","templated":true}]}}