{"id":4665,"date":"2015-02-11T20:09:31","date_gmt":"2015-02-11T18:09:31","guid":{"rendered":"http:\/\/www.quiltingstudio.hu\/blog\/?p=4665"},"modified":"2015-02-11T20:09:31","modified_gmt":"2015-02-11T18:09:31","slug":"maradekokbol-keszult","status":"publish","type":"post","link":"http:\/\/www.quiltingstudio.hu\/blog\/?p=4665","title":{"rendered":"Marad\u00e9kokb\u00f3l k\u00e9sz\u00fclt&#8230;"},"content":{"rendered":"<p>&nbsp;<\/p>\n<div id=\"attachment_4666\" style=\"width: 310px\" class=\"wp-caption alignnone\"><a href=\"http:\/\/www.quiltingstudio.hu\/blog\/wp-content\/uploads\/2015\/02\/maradekos-kozeli.jpg\"><img aria-describedby=\"caption-attachment-4666\" decoding=\"async\" loading=\"lazy\" class=\"size-medium wp-image-4666\" title=\"maradekos kozeli\" src=\"http:\/\/www.quiltingstudio.hu\/blog\/wp-content\/uploads\/2015\/02\/maradekos-kozeli-300x168.jpg\" alt=\"\" width=\"300\" height=\"168\" srcset=\"http:\/\/www.quiltingstudio.hu\/blog\/wp-content\/uploads\/2015\/02\/maradekos-kozeli-300x168.jpg 300w, http:\/\/www.quiltingstudio.hu\/blog\/wp-content\/uploads\/2015\/02\/maradekos-kozeli.jpg 798w\" sizes=\"(max-width: 300px) 100vw, 300px\" \/><\/a><p id=\"caption-attachment-4666\" class=\"wp-caption-text\">marad\u00e9kos quilt<\/p><\/div>\n<p>egy k\u00edv\u00fcl\u00e1ll\u00f3 (nem foltvarr\u00f3) m\u00e9g el is hiszi, de aki benne van, nagyon j\u00f3l tudja, hogy ilyen NINCS!<\/p>\n<p>Egy igazi foltvarr\u00f3n\u00e1l mindig van annyi MARAD\u00c9K, hogy abb\u00f3l sim\u00e1n tud varrni\u00a0 m\u00e9g p\u00e1r takar\u00f3t. Ez a k\u00e9p ism\u00e9t termelt egy halom marad\u00e9kot. Ennek soha sincs v\u00e9ge!<!--more--><\/p>\n<div id=\"attachment_4667\" style=\"width: 279px\" class=\"wp-caption alignnone\"><a href=\"http:\/\/www.quiltingstudio.hu\/blog\/wp-content\/uploads\/2015\/02\/maradekos.jpg\"><img aria-describedby=\"caption-attachment-4667\" decoding=\"async\" loading=\"lazy\" class=\"size-medium wp-image-4667\" title=\"maradekos\" src=\"http:\/\/www.quiltingstudio.hu\/blog\/wp-content\/uploads\/2015\/02\/maradekos-269x300.jpg\" alt=\"\" width=\"269\" height=\"300\" srcset=\"http:\/\/www.quiltingstudio.hu\/blog\/wp-content\/uploads\/2015\/02\/maradekos-269x300.jpg 269w, http:\/\/www.quiltingstudio.hu\/blog\/wp-content\/uploads\/2015\/02\/maradekos.jpg 719w\" sizes=\"(max-width: 269px) 100vw, 269px\" \/><\/a><p id=\"caption-attachment-4667\" class=\"wp-caption-text\">applik\u00e1ci\u00f3 marad\u00e9kokb\u00f3l<\/p><\/div>\n<p>Mivel a ragaszt\u00f3s anyag marad\u00e9kokat is k\u00fcl\u00f6n gy\u0171jt\u00f6m, k\u00f6nny\u0171 volt \u00f6sszev\u00e1logatni a hozz\u00e1val\u00f3kat. A dobozon nem igaz\u00e1n l\u00e1tszik, hogy haszn\u00e1ltam el bel\u0151le!<\/p>\n<p>Az inspir\u00e1ci\u00f3t egy \u00fajs\u00e1g adta, abban l\u00e1ttam hasonl\u00f3t. M\u00e9rete : kb.60&#215;60 cm<\/p>\n<p>Nekem tetszik, de egyre t\u00f6bbsz\u00f6r megfogalmaz\u00f3dik egy k\u00e9rd\u00e9s bennem: t\u00f6rt\u00e9netesen az, hogy minek is k\u00e9sz\u00edtettem?\u00a0 Ezen gondolkodom az\u00f3ta is&#8230;<\/p>\n","protected":false},"excerpt":{"rendered":"<p>&nbsp; egy k\u00edv\u00fcl\u00e1ll\u00f3 (nem foltvarr\u00f3) m\u00e9g el is hiszi, de aki benne van, nagyon j\u00f3l tudja, hogy ilyen NINCS! Egy igazi foltvarr\u00f3n\u00e1l mindig van annyi MARAD\u00c9K, hogy abb\u00f3l sim\u00e1n tud varrni\u00a0 m\u00e9g p\u00e1r takar\u00f3t. Ez a k\u00e9p ism\u00e9t termelt egy halom marad\u00e9kot. Ennek soha sincs v\u00e9ge!<\/p>\n","protected":false},"author":1,"featured_media":0,"comment_status":"open","ping_status":"closed","sticky":false,"template":"","format":"standard","meta":[],"categories":[3],"tags":[],"aioseo_notices":[],"views":2360,"_links":{"self":[{"href":"http:\/\/www.quiltingstudio.hu\/blog\/index.php?rest_route=\/wp\/v2\/posts\/4665"}],"collection":[{"href":"http:\/\/www.quiltingstudio.hu\/blog\/index.php?rest_route=\/wp\/v2\/posts"}],"about":[{"href":"http:\/\/www.quiltingstudio.hu\/blog\/index.php?rest_route=\/wp\/v2\/types\/post"}],"author":[{"embeddable":true,"href":"http:\/\/www.quiltingstudio.hu\/blog\/index.php?rest_route=\/wp\/v2\/users\/1"}],"replies":[{"embeddable":true,"href":"http:\/\/www.quiltingstudio.hu\/blog\/index.php?rest_route=%2Fwp%2Fv2%2Fcomments&post=4665"}],"version-history":[{"count":3,"href":"http:\/\/www.quiltingstudio.hu\/blog\/index.php?rest_route=\/wp\/v2\/posts\/4665\/revisions"}],"predecessor-version":[{"id":4670,"href":"http:\/\/www.quiltingstudio.hu\/blog\/index.php?rest_route=\/wp\/v2\/posts\/4665\/revisions\/4670"}],"wp:attachment":[{"href":"http:\/\/www.quiltingstudio.hu\/blog\/index.php?rest_route=%2Fwp%2Fv2%2Fmedia&parent=4665"}],"wp:term":[{"taxonomy":"category","embeddable":true,"href":"http:\/\/www.quiltingstudio.hu\/blog\/index.php?rest_route=%2Fwp%2Fv2%2Fcategories&post=4665"},{"taxonomy":"post_tag","embeddable":true,"href":"http:\/\/www.quiltingstudio.hu\/blog\/index.php?rest_route=%2Fwp%2Fv2%2Ftags&post=4665"}],"curies":[{"name":"wp","href":"https:\/\/api.w.org\/{rel}","templated":true}]}}