{"id":4680,"date":"2015-02-24T07:50:07","date_gmt":"2015-02-24T05:50:07","guid":{"rendered":"http:\/\/www.quiltingstudio.hu\/blog\/?p=4680"},"modified":"2015-02-24T07:50:07","modified_gmt":"2015-02-24T05:50:07","slug":"a-kor-kozepe","status":"publish","type":"post","link":"http:\/\/www.quiltingstudio.hu\/blog\/?p=4680","title":{"rendered":"A k\u00f6r k\u00f6zepe&#8230;"},"content":{"rendered":"<p>A legegyszer\u0171bb megold\u00e1s a k\u00f6r k\u00f6zep\u00e9nek elk\u00e9sz\u00edt\u00e9s\u00e9hez a freezer pap\u00edros megold\u00e1s. Nem saj\u00e1t \u00f6tlet, t\u0151le l\u00e1ttam egyszer :<a title=\"Sharon Schamber oldala\" href=\"http:\/\/sharonschamber.com\/\" target=\"_blank\"> Sharon Schamber<\/a><\/p>\n<p>Csod\u00e1latos quilteket k\u00e9sz\u00edt, \u00e9rdemes n\u00e1la k\u00f6r\u00fcln\u00e9zni.<\/p>\n<p><!--more--><\/p>\n<p>A kiv\u00e1lasztott anyagra vasalok egy k\u00f6rt freezer pap\u00edrb\u00f3l, ami kisebb, mint a k\u00edv\u00e1nt m\u00e9ret. Az anyag sz\u00e9l\u00e9t sz\u00e9pen bevagdosom a pap\u00edrig.<\/p>\n<p>Majd egy kis kem\u00e9ny\u00edt\u0151 spray-vel bekenegetem a kis f\u00fclecsk\u00e9ket, amit vasal\u00f3val sz\u00e9pen visszahajtogatok.<\/p>\n<div id=\"attachment_4681\" style=\"width: 310px\" class=\"wp-caption alignnone\"><a href=\"http:\/\/www.quiltingstudio.hu\/blog\/wp-content\/uploads\/2015\/02\/korkozep.jpg\"><img aria-describedby=\"caption-attachment-4681\" decoding=\"async\" loading=\"lazy\" class=\"size-medium wp-image-4681\" title=\"korkozep\" src=\"http:\/\/www.quiltingstudio.hu\/blog\/wp-content\/uploads\/2015\/02\/korkozep-300x258.jpg\" alt=\"\" width=\"300\" height=\"258\" srcset=\"http:\/\/www.quiltingstudio.hu\/blog\/wp-content\/uploads\/2015\/02\/korkozep-300x258.jpg 300w, http:\/\/www.quiltingstudio.hu\/blog\/wp-content\/uploads\/2015\/02\/korkozep.jpg 798w\" sizes=\"(max-width: 300px) 100vw, 300px\" \/><\/a><p id=\"caption-attachment-4681\" class=\"wp-caption-text\">k\u00e9sz\u00fcl a k\u00f6z\u00e9pr\u00e9sz<\/p><\/div>\n<p>A freezer pap\u00edrt leveszem r\u00f3la \u00e9s m\u00e1r fel is varrhatom a pettyes r\u00e9sz k\u00f6zep\u00e9re. Sz\u00e9p szab\u00e1lyos k\u00f6rt kaptam \u00edgy. Miel\u0151tt felvarrtam a hely\u00e9re,a pettyes k\u00f6r sz\u00e9leit is bef\u00fajtam egy kis kem\u00e9ny\u00edt\u0151vel. Sokkal k\u00f6nnyebben \u00e9s pontosabban lehet \u00edgy dolgozni.<\/p>\n<p>Elk\u00e9sz\u00fclt a k\u00f6r k\u00f6zepe, j\u00f6het a k\u00f6vetkez\u0151 l\u00e9p\u00e9s!<\/p>\n<div id=\"attachment_4682\" style=\"width: 310px\" class=\"wp-caption alignnone\"><a href=\"http:\/\/www.quiltingstudio.hu\/blog\/wp-content\/uploads\/2015\/02\/lilakozep.jpg\"><img aria-describedby=\"caption-attachment-4682\" decoding=\"async\" loading=\"lazy\" class=\"size-medium wp-image-4682\" title=\"lilakozep\" src=\"http:\/\/www.quiltingstudio.hu\/blog\/wp-content\/uploads\/2015\/02\/lilakozep-300x258.jpg\" alt=\"\" width=\"300\" height=\"258\" srcset=\"http:\/\/www.quiltingstudio.hu\/blog\/wp-content\/uploads\/2015\/02\/lilakozep-300x258.jpg 300w, http:\/\/www.quiltingstudio.hu\/blog\/wp-content\/uploads\/2015\/02\/lilakozep.jpg 798w\" sizes=\"(max-width: 300px) 100vw, 300px\" \/><\/a><p id=\"caption-attachment-4682\" class=\"wp-caption-text\">eddig megvagyok<\/p><\/div>\n","protected":false},"excerpt":{"rendered":"<p>A legegyszer\u0171bb megold\u00e1s a k\u00f6r k\u00f6zep\u00e9nek elk\u00e9sz\u00edt\u00e9s\u00e9hez a freezer pap\u00edros megold\u00e1s. Nem saj\u00e1t \u00f6tlet, t\u0151le l\u00e1ttam egyszer : Sharon Schamber Csod\u00e1latos quilteket k\u00e9sz\u00edt, \u00e9rdemes n\u00e1la k\u00f6r\u00fcln\u00e9zni.<\/p>\n","protected":false},"author":1,"featured_media":0,"comment_status":"open","ping_status":"closed","sticky":false,"template":"","format":"standard","meta":[],"categories":[3],"tags":[],"aioseo_notices":[],"views":2280,"_links":{"self":[{"href":"http:\/\/www.quiltingstudio.hu\/blog\/index.php?rest_route=\/wp\/v2\/posts\/4680"}],"collection":[{"href":"http:\/\/www.quiltingstudio.hu\/blog\/index.php?rest_route=\/wp\/v2\/posts"}],"about":[{"href":"http:\/\/www.quiltingstudio.hu\/blog\/index.php?rest_route=\/wp\/v2\/types\/post"}],"author":[{"embeddable":true,"href":"http:\/\/www.quiltingstudio.hu\/blog\/index.php?rest_route=\/wp\/v2\/users\/1"}],"replies":[{"embeddable":true,"href":"http:\/\/www.quiltingstudio.hu\/blog\/index.php?rest_route=%2Fwp%2Fv2%2Fcomments&post=4680"}],"version-history":[{"count":6,"href":"http:\/\/www.quiltingstudio.hu\/blog\/index.php?rest_route=\/wp\/v2\/posts\/4680\/revisions"}],"predecessor-version":[{"id":4689,"href":"http:\/\/www.quiltingstudio.hu\/blog\/index.php?rest_route=\/wp\/v2\/posts\/4680\/revisions\/4689"}],"wp:attachment":[{"href":"http:\/\/www.quiltingstudio.hu\/blog\/index.php?rest_route=%2Fwp%2Fv2%2Fmedia&parent=4680"}],"wp:term":[{"taxonomy":"category","embeddable":true,"href":"http:\/\/www.quiltingstudio.hu\/blog\/index.php?rest_route=%2Fwp%2Fv2%2Fcategories&post=4680"},{"taxonomy":"post_tag","embeddable":true,"href":"http:\/\/www.quiltingstudio.hu\/blog\/index.php?rest_route=%2Fwp%2Fv2%2Ftags&post=4680"}],"curies":[{"name":"wp","href":"https:\/\/api.w.org\/{rel}","templated":true}]}}