{"id":4690,"date":"2015-03-16T08:06:53","date_gmt":"2015-03-16T06:06:53","guid":{"rendered":"http:\/\/www.quiltingstudio.hu\/blog\/?p=4690"},"modified":"2015-03-16T08:06:53","modified_gmt":"2015-03-16T06:06:53","slug":"lila-fedlap-folytatasa","status":"publish","type":"post","link":"http:\/\/www.quiltingstudio.hu\/blog\/?p=4690","title":{"rendered":"Lila fedlap folytat\u00e1sa&#8230;"},"content":{"rendered":"<p>Od\u00e1ig jutottam, hogy elk\u00e9sz\u00fclt a nagy k\u00f6r a sok lila pettyes darabk\u00e1b\u00f3l.<\/p>\n<div id=\"attachment_4691\" style=\"width: 310px\" class=\"wp-caption alignnone\"><a href=\"http:\/\/www.quiltingstudio.hu\/blog\/wp-content\/uploads\/2015\/03\/lilakozep.jpg\"><img aria-describedby=\"caption-attachment-4691\" decoding=\"async\" loading=\"lazy\" class=\"size-medium wp-image-4691\" title=\"lilakozep\" src=\"http:\/\/www.quiltingstudio.hu\/blog\/wp-content\/uploads\/2015\/03\/lilakozep-300x258.jpg\" alt=\"\" width=\"300\" height=\"258\" srcset=\"http:\/\/www.quiltingstudio.hu\/blog\/wp-content\/uploads\/2015\/03\/lilakozep-300x258.jpg 300w, http:\/\/www.quiltingstudio.hu\/blog\/wp-content\/uploads\/2015\/03\/lilakozep.jpg 798w\" sizes=\"(max-width: 300px) 100vw, 300px\" \/><\/a><p id=\"caption-attachment-4691\" class=\"wp-caption-text\">k\u00e9sz r\u00e1t\u00e9t<\/p><\/div>\n<p>V\u00e1lasztottam egy sz\u00fcrke apr\u00f3 vir\u00e1gos anyagot, most erre fogom r\u00e1varrni ezt a k\u00f6z\u00e9pr\u00e9szt.<\/p>\n<p>A legegyszer\u0171bb megold\u00e1st Kaye Wood egyik vide\u00f3j\u00e1ban tal\u00e1ltam meg. Lehet, hogy csak nekem t\u0171nik ez zseni\u00e1lis \u00f6tletnek, de az\u00e9rt megmutatom.<\/p>\n<p>Az el\u0151z\u0151ekben bemutatott technika, a sok-sok darab ill. \u00f6sszevarr\u00e1s miatt annyira nem c\u00e9lravezet\u0151.<!--more--><\/p>\n<p>V\u00e1lasztottam egy egysz\u00edn\u0171 lila anyagot \u00e9s abb\u00f3l k\u00e9sz\u00edtettem a k\u00f6r ker\u00fclt\u00e9nek megfelel\u0151 m\u00e9ret\u0171 k\u00e9dert.<\/p>\n<div id=\"attachment_4692\" style=\"width: 310px\" class=\"wp-caption alignnone\"><a href=\"http:\/\/www.quiltingstudio.hu\/blog\/wp-content\/uploads\/2015\/03\/lilakozep-ferdepanttal.jpg\"><img aria-describedby=\"caption-attachment-4692\" decoding=\"async\" loading=\"lazy\" class=\"size-medium wp-image-4692\" title=\"lilakozep ferdepanttal\" src=\"http:\/\/www.quiltingstudio.hu\/blog\/wp-content\/uploads\/2015\/03\/lilakozep-ferdepanttal-300x168.jpg\" alt=\"\" width=\"300\" height=\"168\" srcset=\"http:\/\/www.quiltingstudio.hu\/blog\/wp-content\/uploads\/2015\/03\/lilakozep-ferdepanttal-300x168.jpg 300w, http:\/\/www.quiltingstudio.hu\/blog\/wp-content\/uploads\/2015\/03\/lilakozep-ferdepanttal.jpg 798w\" sizes=\"(max-width: 300px) 100vw, 300px\" \/><\/a><p id=\"caption-attachment-4692\" class=\"wp-caption-text\">k\u00e9der felvarr\u00e1sa<\/p><\/div>\n<p>K\u00e9dervarr\u00f3 talppal gyerekj\u00e1t\u00e9k az eg\u00e9sz. K\u00f6rben r\u00e1varrtam (lila sz\u00edn\u0171 c\u00e9rn\u00e1val, hogy ne legyen felt\u0171n\u0151), a k\u00e9dervarr\u00f3 talp gy\u00f6ny\u00f6r\u0171en vezeti az anyagot.<\/p>\n<div id=\"attachment_4693\" style=\"width: 310px\" class=\"wp-caption alignnone\"><a href=\"http:\/\/www.quiltingstudio.hu\/blog\/wp-content\/uploads\/2015\/03\/pettyes-hatulja.jpg\"><img aria-describedby=\"caption-attachment-4693\" decoding=\"async\" loading=\"lazy\" class=\"size-medium wp-image-4693\" title=\"pettyes hatulja\" src=\"http:\/\/www.quiltingstudio.hu\/blog\/wp-content\/uploads\/2015\/03\/pettyes-hatulja-300x168.jpg\" alt=\"\" width=\"300\" height=\"168\" srcset=\"http:\/\/www.quiltingstudio.hu\/blog\/wp-content\/uploads\/2015\/03\/pettyes-hatulja-300x168.jpg 300w, http:\/\/www.quiltingstudio.hu\/blog\/wp-content\/uploads\/2015\/03\/pettyes-hatulja.jpg 798w\" sizes=\"(max-width: 300px) 100vw, 300px\" \/><\/a><p id=\"caption-attachment-4693\" class=\"wp-caption-text\">h\u00e1tulja<\/p><\/div>\n<p>Majd sz\u00e9pen cikk-cakk oll\u00f3val a varr\u00e1sr\u00e1hagy\u00e1st k\u00f6rben bev\u00e1gtam \u00e9s visszavasaltam. Ez\u00e1ltal egy nagyon sz\u00e9p befejez\u00e9s (sz\u00e9l ) keletkezett. (A k\u00e9p m\u00e9g el\u0151tte k\u00e9sz\u00fclt)<\/p>\n<p>\u00cdgy m\u00e1r gyerekj\u00e1t\u00e9k a k\u00e9dervarr\u00f3 talppal felvarrni a kiv\u00e1lasztott anyagra.<\/p>\n<div id=\"attachment_4694\" style=\"width: 310px\" class=\"wp-caption alignnone\"><a href=\"http:\/\/www.quiltingstudio.hu\/blog\/wp-content\/uploads\/2015\/03\/keder-varrasa.jpg\"><img aria-describedby=\"caption-attachment-4694\" decoding=\"async\" loading=\"lazy\" class=\"size-medium wp-image-4694\" title=\"keder varrasa\" src=\"http:\/\/www.quiltingstudio.hu\/blog\/wp-content\/uploads\/2015\/03\/keder-varrasa-300x168.jpg\" alt=\"\" width=\"300\" height=\"168\" srcset=\"http:\/\/www.quiltingstudio.hu\/blog\/wp-content\/uploads\/2015\/03\/keder-varrasa-300x168.jpg 300w, http:\/\/www.quiltingstudio.hu\/blog\/wp-content\/uploads\/2015\/03\/keder-varrasa.jpg 798w\" sizes=\"(max-width: 300px) 100vw, 300px\" \/><\/a><p id=\"caption-attachment-4694\" class=\"wp-caption-text\">felvarr\u00e1sa<\/p><\/div>\n<p>Ha valaki akarja ki is v\u00e1ghatja al\u00f3la az anyagot (nyilv\u00e1n megfelel\u0151 varr\u00e1sr\u00e1hagy\u00e1ssal), de maradhat is. Kinek hogyan tetszik jobban. N\u00e1lam maradt.<\/p>\n<p>Na eddig megvagyunk, de hogyan tov\u00e1bb???<\/p>\n","protected":false},"excerpt":{"rendered":"<p>Od\u00e1ig jutottam, hogy elk\u00e9sz\u00fclt a nagy k\u00f6r a sok lila pettyes darabk\u00e1b\u00f3l. V\u00e1lasztottam egy sz\u00fcrke apr\u00f3 vir\u00e1gos anyagot, most erre fogom r\u00e1varrni ezt a k\u00f6z\u00e9pr\u00e9szt. A legegyszer\u0171bb megold\u00e1st Kaye Wood egyik vide\u00f3j\u00e1ban tal\u00e1ltam meg. Lehet, hogy csak nekem t\u0171nik ez zseni\u00e1lis \u00f6tletnek, de az\u00e9rt megmutatom. Az el\u0151z\u0151ekben bemutatott technika, a sok-sok darab ill. \u00f6sszevarr\u00e1s miatt [&hellip;]<\/p>\n","protected":false},"author":1,"featured_media":0,"comment_status":"open","ping_status":"closed","sticky":false,"template":"","format":"standard","meta":[],"categories":[3],"tags":[],"aioseo_notices":[],"views":2457,"_links":{"self":[{"href":"http:\/\/www.quiltingstudio.hu\/blog\/index.php?rest_route=\/wp\/v2\/posts\/4690"}],"collection":[{"href":"http:\/\/www.quiltingstudio.hu\/blog\/index.php?rest_route=\/wp\/v2\/posts"}],"about":[{"href":"http:\/\/www.quiltingstudio.hu\/blog\/index.php?rest_route=\/wp\/v2\/types\/post"}],"author":[{"embeddable":true,"href":"http:\/\/www.quiltingstudio.hu\/blog\/index.php?rest_route=\/wp\/v2\/users\/1"}],"replies":[{"embeddable":true,"href":"http:\/\/www.quiltingstudio.hu\/blog\/index.php?rest_route=%2Fwp%2Fv2%2Fcomments&post=4690"}],"version-history":[{"count":4,"href":"http:\/\/www.quiltingstudio.hu\/blog\/index.php?rest_route=\/wp\/v2\/posts\/4690\/revisions"}],"predecessor-version":[{"id":4698,"href":"http:\/\/www.quiltingstudio.hu\/blog\/index.php?rest_route=\/wp\/v2\/posts\/4690\/revisions\/4698"}],"wp:attachment":[{"href":"http:\/\/www.quiltingstudio.hu\/blog\/index.php?rest_route=%2Fwp%2Fv2%2Fmedia&parent=4690"}],"wp:term":[{"taxonomy":"category","embeddable":true,"href":"http:\/\/www.quiltingstudio.hu\/blog\/index.php?rest_route=%2Fwp%2Fv2%2Fcategories&post=4690"},{"taxonomy":"post_tag","embeddable":true,"href":"http:\/\/www.quiltingstudio.hu\/blog\/index.php?rest_route=%2Fwp%2Fv2%2Ftags&post=4690"}],"curies":[{"name":"wp","href":"https:\/\/api.w.org\/{rel}","templated":true}]}}