{"id":4700,"date":"2015-03-17T20:59:40","date_gmt":"2015-03-17T18:59:40","guid":{"rendered":"http:\/\/www.quiltingstudio.hu\/blog\/?p=4700"},"modified":"2015-03-17T20:59:40","modified_gmt":"2015-03-17T18:59:40","slug":"legyezok","status":"publish","type":"post","link":"http:\/\/www.quiltingstudio.hu\/blog\/?p=4700","title":{"rendered":"Legyez\u0151k&#8230;"},"content":{"rendered":"<p>Nagyon megtetszett ez az egyszer\u0171, de l\u00e1tv\u00e1nyos kis minta, evvel k\u00e9sz\u00fclt ez a ter\u00edt\u0151.<\/p>\n<div id=\"attachment_4701\" style=\"width: 310px\" class=\"wp-caption alignnone\"><a href=\"http:\/\/www.quiltingstudio.hu\/blog\/wp-content\/uploads\/2015\/03\/lilakesz.jpg\"><img aria-describedby=\"caption-attachment-4701\" decoding=\"async\" loading=\"lazy\" class=\"size-medium wp-image-4701\" title=\"lilakesz\" src=\"http:\/\/www.quiltingstudio.hu\/blog\/wp-content\/uploads\/2015\/03\/lilakesz-300x173.jpg\" alt=\"\" width=\"300\" height=\"173\" srcset=\"http:\/\/www.quiltingstudio.hu\/blog\/wp-content\/uploads\/2015\/03\/lilakesz-300x173.jpg 300w, http:\/\/www.quiltingstudio.hu\/blog\/wp-content\/uploads\/2015\/03\/lilakesz.jpg 798w\" sizes=\"(max-width: 300px) 100vw, 300px\" \/><\/a><p id=\"caption-attachment-4701\" class=\"wp-caption-text\">Lila legyez\u0151s ter\u00edt\u0151<\/p><\/div>\n<p>Az eg\u00e9szet csak az bonyol\u00edtotta, hogy egy k\u00f6rcikk 12,85 fokos. Ilyen sablonom nem volt, \u00edgy el\u0151bb szerkeszteni kellett egyet &#8211; jobb h\u00edj\u00e1n-\u00a0 pap\u00edrb\u00f3l.<\/p>\n<p>Ut\u00e1na arra kellett vigy\u00e1zni, hogy der\u00e9ksz\u00f6g\u0171 legyen a legyez\u0151 blokk. Kieg\u00e9sz\u00edtettem h\u00e1romsz\u00f6gekkel \u00e9s m\u00e1r k\u00e9sz is volt a ter\u00edt\u0151. Az eg\u00e9sznek a d\u00edsze a feh\u00e9r pamut farkasfog, ami k\u00f6rbefut a ter\u00edt\u0151 sz\u00e9l\u00e9n.<\/p>\n<p>Ezzel is seg\u00edtve a kiford\u00edt\u00e1s\u00e1t \u00e9s a sz\u00e9p, dekorat\u00edv sz\u00e9lt. Kicsit let\u0171ztem a k\u00f6zep\u00e9t, hogy \u00f6sszefogjam a 3 r\u00e9teget. (ez a k\u00e9p m\u00e9g azel\u0151tt k\u00e9sz\u00fclt)<\/p>\n<p>Nem \u00e1rulok el nagy titkot, ezt az \u00f6tletet pedig Eleinor Burns egyik vide\u00f3j\u00e1ban l\u00e1ttam.<\/p>\n<p>Azt\u00e1n elindult a vez\u00e9rhangya&#8230;<\/p>\n","protected":false},"excerpt":{"rendered":"<p>Nagyon megtetszett ez az egyszer\u0171, de l\u00e1tv\u00e1nyos kis minta, evvel k\u00e9sz\u00fclt ez a ter\u00edt\u0151. Az eg\u00e9szet csak az bonyol\u00edtotta, hogy egy k\u00f6rcikk 12,85 fokos. Ilyen sablonom nem volt, \u00edgy el\u0151bb szerkeszteni kellett egyet &#8211; jobb h\u00edj\u00e1n-\u00a0 pap\u00edrb\u00f3l. Ut\u00e1na arra kellett vigy\u00e1zni, hogy der\u00e9ksz\u00f6g\u0171 legyen a legyez\u0151 blokk. Kieg\u00e9sz\u00edtettem h\u00e1romsz\u00f6gekkel \u00e9s m\u00e1r k\u00e9sz is volt a [&hellip;]<\/p>\n","protected":false},"author":1,"featured_media":0,"comment_status":"open","ping_status":"closed","sticky":false,"template":"","format":"standard","meta":[],"categories":[3],"tags":[],"aioseo_notices":[],"views":2341,"_links":{"self":[{"href":"http:\/\/www.quiltingstudio.hu\/blog\/index.php?rest_route=\/wp\/v2\/posts\/4700"}],"collection":[{"href":"http:\/\/www.quiltingstudio.hu\/blog\/index.php?rest_route=\/wp\/v2\/posts"}],"about":[{"href":"http:\/\/www.quiltingstudio.hu\/blog\/index.php?rest_route=\/wp\/v2\/types\/post"}],"author":[{"embeddable":true,"href":"http:\/\/www.quiltingstudio.hu\/blog\/index.php?rest_route=\/wp\/v2\/users\/1"}],"replies":[{"embeddable":true,"href":"http:\/\/www.quiltingstudio.hu\/blog\/index.php?rest_route=%2Fwp%2Fv2%2Fcomments&post=4700"}],"version-history":[{"count":3,"href":"http:\/\/www.quiltingstudio.hu\/blog\/index.php?rest_route=\/wp\/v2\/posts\/4700\/revisions"}],"predecessor-version":[{"id":4704,"href":"http:\/\/www.quiltingstudio.hu\/blog\/index.php?rest_route=\/wp\/v2\/posts\/4700\/revisions\/4704"}],"wp:attachment":[{"href":"http:\/\/www.quiltingstudio.hu\/blog\/index.php?rest_route=%2Fwp%2Fv2%2Fmedia&parent=4700"}],"wp:term":[{"taxonomy":"category","embeddable":true,"href":"http:\/\/www.quiltingstudio.hu\/blog\/index.php?rest_route=%2Fwp%2Fv2%2Fcategories&post=4700"},{"taxonomy":"post_tag","embeddable":true,"href":"http:\/\/www.quiltingstudio.hu\/blog\/index.php?rest_route=%2Fwp%2Fv2%2Ftags&post=4700"}],"curies":[{"name":"wp","href":"https:\/\/api.w.org\/{rel}","templated":true}]}}