{"id":4710,"date":"2015-05-09T08:09:41","date_gmt":"2015-05-09T06:09:41","guid":{"rendered":"http:\/\/www.quiltingstudio.hu\/blog\/?p=4710"},"modified":"2015-05-09T08:09:41","modified_gmt":"2015-05-09T06:09:41","slug":"nadelwelt-karlsruhe","status":"publish","type":"post","link":"http:\/\/www.quiltingstudio.hu\/blog\/?p=4710","title":{"rendered":"Nadelwelt Karlsruhe&#8230;"},"content":{"rendered":"<p style=\"text-align: center;\">Egyik nagy v\u00e1gyam v\u00e1lik val\u00f3ra&#8230; azaz elmegy\u00fcnk Karlsruheba<\/p>\n<p style=\"text-align: center;\"><a href=\"http:\/\/www.quiltingstudio.hu\/blog\/wp-content\/uploads\/2015\/05\/Logo_2015.png\"><img decoding=\"async\" loading=\"lazy\" class=\"alignnone size-full wp-image-4711\" title=\"Logo_2015\" src=\"http:\/\/www.quiltingstudio.hu\/blog\/wp-content\/uploads\/2015\/05\/Logo_2015.png\" alt=\"\" width=\"116\" height=\"153\" \/><\/a><\/p>\n<p style=\"text-align: center;\">ki\u00e1ll\u00edt\u00e1ssal, tanfolyamokkal egybek\u00f6t\u00f6tt varr\u00f3s napokra.<\/p>\n<p style=\"text-align: center;\">Ha lesz r\u00e1 lehet\u0151s\u00e9gem, besz\u00e1molok r\u00f3la b\u0151vebben is.<\/p>\n<p style=\"text-align: center;\">\n<p style=\"text-align: center;\">Itt tal\u00e1lhattok r\u00f3la b\u0151vebb inform\u00e1ci\u00f3t: http:\/\/www.nadel-welt.de\/de\/news<\/p>\n<p style=\"text-align: center;\">\n","protected":false},"excerpt":{"rendered":"<p>Egyik nagy v\u00e1gyam v\u00e1lik val\u00f3ra&#8230; azaz elmegy\u00fcnk Karlsruheba ki\u00e1ll\u00edt\u00e1ssal, tanfolyamokkal egybek\u00f6t\u00f6tt varr\u00f3s napokra. Ha lesz r\u00e1 lehet\u0151s\u00e9gem, besz\u00e1molok r\u00f3la b\u0151vebben is. Itt tal\u00e1lhattok r\u00f3la b\u0151vebb inform\u00e1ci\u00f3t: http:\/\/www.nadel-welt.de\/de\/news<\/p>\n","protected":false},"author":1,"featured_media":0,"comment_status":"open","ping_status":"closed","sticky":false,"template":"","format":"standard","meta":[],"categories":[3],"tags":[],"aioseo_notices":[],"views":2110,"_links":{"self":[{"href":"http:\/\/www.quiltingstudio.hu\/blog\/index.php?rest_route=\/wp\/v2\/posts\/4710"}],"collection":[{"href":"http:\/\/www.quiltingstudio.hu\/blog\/index.php?rest_route=\/wp\/v2\/posts"}],"about":[{"href":"http:\/\/www.quiltingstudio.hu\/blog\/index.php?rest_route=\/wp\/v2\/types\/post"}],"author":[{"embeddable":true,"href":"http:\/\/www.quiltingstudio.hu\/blog\/index.php?rest_route=\/wp\/v2\/users\/1"}],"replies":[{"embeddable":true,"href":"http:\/\/www.quiltingstudio.hu\/blog\/index.php?rest_route=%2Fwp%2Fv2%2Fcomments&post=4710"}],"version-history":[{"count":3,"href":"http:\/\/www.quiltingstudio.hu\/blog\/index.php?rest_route=\/wp\/v2\/posts\/4710\/revisions"}],"predecessor-version":[{"id":4714,"href":"http:\/\/www.quiltingstudio.hu\/blog\/index.php?rest_route=\/wp\/v2\/posts\/4710\/revisions\/4714"}],"wp:attachment":[{"href":"http:\/\/www.quiltingstudio.hu\/blog\/index.php?rest_route=%2Fwp%2Fv2%2Fmedia&parent=4710"}],"wp:term":[{"taxonomy":"category","embeddable":true,"href":"http:\/\/www.quiltingstudio.hu\/blog\/index.php?rest_route=%2Fwp%2Fv2%2Fcategories&post=4710"},{"taxonomy":"post_tag","embeddable":true,"href":"http:\/\/www.quiltingstudio.hu\/blog\/index.php?rest_route=%2Fwp%2Fv2%2Ftags&post=4710"}],"curies":[{"name":"wp","href":"https:\/\/api.w.org\/{rel}","templated":true}]}}