{"id":4724,"date":"2015-05-15T21:19:18","date_gmt":"2015-05-15T19:19:18","guid":{"rendered":"http:\/\/www.quiltingstudio.hu\/blog\/?p=4724"},"modified":"2015-05-15T21:19:18","modified_gmt":"2015-05-15T19:19:18","slug":"nadelwelt-kiallitas-es-vasar","status":"publish","type":"post","link":"http:\/\/www.quiltingstudio.hu\/blog\/?p=4724","title":{"rendered":"NADELWELT ki\u00e1ll\u00edt\u00e1s \u00e9s v\u00e1s\u00e1r&#8230;"},"content":{"rendered":"<p>El\u00e9rkezett a v\u00e1rva v\u00e1rt nap, megny\u00edlt a v\u00e1s\u00e1r!<\/p>\n<div id=\"attachment_4726\" style=\"width: 310px\" class=\"wp-caption alignnone\"><a href=\"http:\/\/www.quiltingstudio.hu\/blog\/wp-content\/uploads\/2015\/05\/messe.jpg\"><img aria-describedby=\"caption-attachment-4726\" decoding=\"async\" loading=\"lazy\" class=\"size-medium wp-image-4726\" title=\"messe\" src=\"http:\/\/www.quiltingstudio.hu\/blog\/wp-content\/uploads\/2015\/05\/messe-300x236.jpg\" alt=\"\" width=\"300\" height=\"236\" srcset=\"http:\/\/www.quiltingstudio.hu\/blog\/wp-content\/uploads\/2015\/05\/messe-300x236.jpg 300w, http:\/\/www.quiltingstudio.hu\/blog\/wp-content\/uploads\/2015\/05\/messe.jpg 1014w\" sizes=\"(max-width: 300px) 100vw, 300px\" \/><\/a><p id=\"caption-attachment-4726\" class=\"wp-caption-text\">Bej\u00e1rat<\/p><\/div>\n<p>Kicsit kor\u00e1bban \u00e9rkezt\u00fcnk, mint a hivatalos nyit\u00e1s, mert a kin\u00e9zett tanfolyam f\u00e9l\u00f3r\u00e1val kor\u00e1bban kezd\u0151d\u00f6tt.<!--more--><\/p>\n<p>Az utols\u00f3 pillanatban , a szem\u00e9lyzet nem kis seg\u00edts\u00e9g\u00e9vel, siker\u00fclt bejutnom a Handiquilter kezd\u0151 tanfolyam\u00e1ra.<\/p>\n<div id=\"attachment_4727\" style=\"width: 310px\" class=\"wp-caption alignnone\"><a href=\"http:\/\/www.quiltingstudio.hu\/blog\/wp-content\/uploads\/2015\/05\/longarm.jpg\"><img aria-describedby=\"caption-attachment-4727\" decoding=\"async\" loading=\"lazy\" class=\"size-medium wp-image-4727\" title=\"longarm\" src=\"http:\/\/www.quiltingstudio.hu\/blog\/wp-content\/uploads\/2015\/05\/longarm-300x240.jpg\" alt=\"\" width=\"300\" height=\"240\" srcset=\"http:\/\/www.quiltingstudio.hu\/blog\/wp-content\/uploads\/2015\/05\/longarm-300x240.jpg 300w, http:\/\/www.quiltingstudio.hu\/blog\/wp-content\/uploads\/2015\/05\/longarm-1024x822.jpg 1024w, http:\/\/www.quiltingstudio.hu\/blog\/wp-content\/uploads\/2015\/05\/longarm.jpg 1067w\" sizes=\"(max-width: 300px) 100vw, 300px\" \/><\/a><p id=\"caption-attachment-4727\" class=\"wp-caption-text\">with Kimmy Brunner<\/p><\/div>\n<p>Hatan voltunk , 2-2-2 f\u0151 jutott\u00a0 minden g\u00e9pre. Eg\u00e9sz m\u00e1s \u00e9rz\u00e9s ezekkel t\u0171zni.<\/p>\n<p>Nem\u00a0 is nagyon tudtam abbahagyni.<\/p>\n<p>A v\u00e1s\u00e1rban az els\u0151 dolgom volt v\u00e9gigl\u00e1togatni a varr\u00f3g\u00e9pes standokat \u00e9s tov\u00e1bb gyakorolni, t\u0171zni&#8230;<\/p>\n<div id=\"attachment_4728\" style=\"width: 310px\" class=\"wp-caption alignnone\"><a href=\"http:\/\/www.quiltingstudio.hu\/blog\/wp-content\/uploads\/2015\/05\/longarm_kiall.jpg\"><img aria-describedby=\"caption-attachment-4728\" decoding=\"async\" loading=\"lazy\" class=\"size-medium wp-image-4728\" title=\"longarm_kiall\" src=\"http:\/\/www.quiltingstudio.hu\/blog\/wp-content\/uploads\/2015\/05\/longarm_kiall-300x224.jpg\" alt=\"\" width=\"300\" height=\"224\" srcset=\"http:\/\/www.quiltingstudio.hu\/blog\/wp-content\/uploads\/2015\/05\/longarm_kiall-300x224.jpg 300w, http:\/\/www.quiltingstudio.hu\/blog\/wp-content\/uploads\/2015\/05\/longarm_kiall-1024x767.jpg 1024w, http:\/\/www.quiltingstudio.hu\/blog\/wp-content\/uploads\/2015\/05\/longarm_kiall.jpg 1067w\" sizes=\"(max-width: 300px) 100vw, 300px\" \/><\/a><p id=\"caption-attachment-4728\" class=\"wp-caption-text\">folytat\u00e1s...<\/p><\/div>\n<p>\u00c9n voltam a varr\u00f3g\u00e9pesek r\u00e9me, mindent televarrtam. K\u00f6vetkezett a nagytestv\u00e9r&#8230;<\/p>\n<div id=\"attachment_4729\" style=\"width: 310px\" class=\"wp-caption alignnone\"><a href=\"http:\/\/www.quiltingstudio.hu\/blog\/wp-content\/uploads\/2015\/05\/gigalongarm.jpg\"><img aria-describedby=\"caption-attachment-4729\" decoding=\"async\" loading=\"lazy\" class=\"size-medium wp-image-4729\" title=\"gigalongarm\" src=\"http:\/\/www.quiltingstudio.hu\/blog\/wp-content\/uploads\/2015\/05\/gigalongarm-300x224.jpg\" alt=\"\" width=\"300\" height=\"224\" srcset=\"http:\/\/www.quiltingstudio.hu\/blog\/wp-content\/uploads\/2015\/05\/gigalongarm-300x224.jpg 300w, http:\/\/www.quiltingstudio.hu\/blog\/wp-content\/uploads\/2015\/05\/gigalongarm-1024x767.jpg 1024w, http:\/\/www.quiltingstudio.hu\/blog\/wp-content\/uploads\/2015\/05\/gigalongarm.jpg 1067w\" sizes=\"(max-width: 300px) 100vw, 300px\" \/><\/a><p id=\"caption-attachment-4729\" class=\"wp-caption-text\">\u00edgy m\u00e1r jobb<\/p><\/div>\n<p>L\u00e9zer itt, kamera alul, stb&#8230; Az\u00e9rt hagytam m\u00e1sokat is \u00e9rv\u00e9nyes\u00fclni.<\/p>\n<p>Kerestem magamnak egy m\u00e1sik varr\u00f3g\u00e9pet:<\/p>\n<div id=\"attachment_4730\" style=\"width: 310px\" class=\"wp-caption alignnone\"><a href=\"http:\/\/www.quiltingstudio.hu\/blog\/wp-content\/uploads\/2015\/05\/bernina.jpg\"><img aria-describedby=\"caption-attachment-4730\" decoding=\"async\" loading=\"lazy\" class=\"size-medium wp-image-4730\" title=\"bernina\" src=\"http:\/\/www.quiltingstudio.hu\/blog\/wp-content\/uploads\/2015\/05\/bernina-300x224.jpg\" alt=\"\" width=\"300\" height=\"224\" srcset=\"http:\/\/www.quiltingstudio.hu\/blog\/wp-content\/uploads\/2015\/05\/bernina-300x224.jpg 300w, http:\/\/www.quiltingstudio.hu\/blog\/wp-content\/uploads\/2015\/05\/bernina-1024x767.jpg 1024w, http:\/\/www.quiltingstudio.hu\/blog\/wp-content\/uploads\/2015\/05\/bernina.jpg 1067w\" sizes=\"(max-width: 300px) 100vw, 300px\" \/><\/a><p id=\"caption-attachment-4730\" class=\"wp-caption-text\">Bernina B770 tesztvezet\u00e9s<\/p><\/div>\n<p>A hostes h\u00f6lgy nagyon kedvesen megpr\u00f3b\u00e1lja elmagyar\u00e1znia g\u00e9p m\u0171k\u00f6d\u00e9s\u00e9t. El\u0151re kiszabtak j\u00f3 p\u00e1r kis neszesszerhez val\u00f3 anyagot, amit ott hamar meg is varrtam.<\/p>\n<div id=\"attachment_4731\" style=\"width: 310px\" class=\"wp-caption alignnone\"><a href=\"http:\/\/www.quiltingstudio.hu\/blog\/wp-content\/uploads\/2015\/05\/bernina2.jpg\"><img aria-describedby=\"caption-attachment-4731\" decoding=\"async\" loading=\"lazy\" class=\"size-medium wp-image-4731\" title=\"bernina2\" src=\"http:\/\/www.quiltingstudio.hu\/blog\/wp-content\/uploads\/2015\/05\/bernina2-300x240.jpg\" alt=\"\" width=\"300\" height=\"240\" srcset=\"http:\/\/www.quiltingstudio.hu\/blog\/wp-content\/uploads\/2015\/05\/bernina2-300x240.jpg 300w, http:\/\/www.quiltingstudio.hu\/blog\/wp-content\/uploads\/2015\/05\/bernina2-1024x822.jpg 1024w, http:\/\/www.quiltingstudio.hu\/blog\/wp-content\/uploads\/2015\/05\/bernina2.jpg 1067w\" sizes=\"(max-width: 300px) 100vw, 300px\" \/><\/a><p id=\"caption-attachment-4731\" class=\"wp-caption-text\">hol lehet \u00e1lltani?<\/p><\/div>\n<p>Azon tanakodunk, hol a csod\u00e1ban lehet a t\u0171poz\u00edci\u00f3t \u00e1lltani? Megtal\u00e1ltam, a kis neszesszer elk\u00e9sz\u00fclt.<\/p>\n<div id=\"attachment_4732\" style=\"width: 310px\" class=\"wp-caption alignnone\"><a href=\"http:\/\/www.quiltingstudio.hu\/blog\/wp-content\/uploads\/2015\/05\/janome.jpg\"><img aria-describedby=\"caption-attachment-4732\" decoding=\"async\" loading=\"lazy\" class=\"size-medium wp-image-4732\" title=\"janome\" src=\"http:\/\/www.quiltingstudio.hu\/blog\/wp-content\/uploads\/2015\/05\/janome-300x224.jpg\" alt=\"\" width=\"300\" height=\"224\" srcset=\"http:\/\/www.quiltingstudio.hu\/blog\/wp-content\/uploads\/2015\/05\/janome-300x224.jpg 300w, http:\/\/www.quiltingstudio.hu\/blog\/wp-content\/uploads\/2015\/05\/janome-1024x767.jpg 1024w, http:\/\/www.quiltingstudio.hu\/blog\/wp-content\/uploads\/2015\/05\/janome.jpg 1067w\" sizes=\"(max-width: 300px) 100vw, 300px\" \/><\/a><p id=\"caption-attachment-4732\" class=\"wp-caption-text\">Janome<\/p><\/div>\n<p>\u00cdgy n\u00e9z ki a Janome l\u00e1tv\u00e1nyvarr\u00f3g\u00e9pe! \u00c9ppen h\u00edmzett.<\/p>\n<div id=\"attachment_4733\" style=\"width: 310px\" class=\"wp-caption alignnone\"><a href=\"http:\/\/www.quiltingstudio.hu\/blog\/wp-content\/uploads\/2015\/05\/kiallitas.jpg\"><img aria-describedby=\"caption-attachment-4733\" decoding=\"async\" loading=\"lazy\" class=\"size-medium wp-image-4733\" title=\"kiallitas\" src=\"http:\/\/www.quiltingstudio.hu\/blog\/wp-content\/uploads\/2015\/05\/kiallitas-300x224.jpg\" alt=\"\" width=\"300\" height=\"224\" srcset=\"http:\/\/www.quiltingstudio.hu\/blog\/wp-content\/uploads\/2015\/05\/kiallitas-300x224.jpg 300w, http:\/\/www.quiltingstudio.hu\/blog\/wp-content\/uploads\/2015\/05\/kiallitas-1024x767.jpg 1024w, http:\/\/www.quiltingstudio.hu\/blog\/wp-content\/uploads\/2015\/05\/kiallitas.jpg 1067w\" sizes=\"(max-width: 300px) 100vw, 300px\" \/><\/a><p id=\"caption-attachment-4733\" class=\"wp-caption-text\">Ez emeletr\u0151l<\/p><\/div>\n<p>Amennyire id\u0151m engedte, megn\u00e9ztem j\u00f3 p\u00e1r ki\u00e1ll\u00edt\u00e1st is, holnap m\u00e9g folytatom.<\/p>\n<p>Majd \u00edrok m\u00e9g arr\u00f3l is. M\u00e1ra m\u00e1r kellemes elf\u00e1radtunk, el\u00e9gg\u00e9 inger gazdag volt a napunk.<\/p>\n","protected":false},"excerpt":{"rendered":"<p>El\u00e9rkezett a v\u00e1rva v\u00e1rt nap, megny\u00edlt a v\u00e1s\u00e1r! Kicsit kor\u00e1bban \u00e9rkezt\u00fcnk, mint a hivatalos nyit\u00e1s, mert a kin\u00e9zett tanfolyam f\u00e9l\u00f3r\u00e1val kor\u00e1bban kezd\u0151d\u00f6tt.<\/p>\n","protected":false},"author":1,"featured_media":0,"comment_status":"open","ping_status":"closed","sticky":false,"template":"","format":"standard","meta":[],"categories":[3],"tags":[],"aioseo_notices":[],"views":2309,"_links":{"self":[{"href":"http:\/\/www.quiltingstudio.hu\/blog\/index.php?rest_route=\/wp\/v2\/posts\/4724"}],"collection":[{"href":"http:\/\/www.quiltingstudio.hu\/blog\/index.php?rest_route=\/wp\/v2\/posts"}],"about":[{"href":"http:\/\/www.quiltingstudio.hu\/blog\/index.php?rest_route=\/wp\/v2\/types\/post"}],"author":[{"embeddable":true,"href":"http:\/\/www.quiltingstudio.hu\/blog\/index.php?rest_route=\/wp\/v2\/users\/1"}],"replies":[{"embeddable":true,"href":"http:\/\/www.quiltingstudio.hu\/blog\/index.php?rest_route=%2Fwp%2Fv2%2Fcomments&post=4724"}],"version-history":[{"count":3,"href":"http:\/\/www.quiltingstudio.hu\/blog\/index.php?rest_route=\/wp\/v2\/posts\/4724\/revisions"}],"predecessor-version":[{"id":4735,"href":"http:\/\/www.quiltingstudio.hu\/blog\/index.php?rest_route=\/wp\/v2\/posts\/4724\/revisions\/4735"}],"wp:attachment":[{"href":"http:\/\/www.quiltingstudio.hu\/blog\/index.php?rest_route=%2Fwp%2Fv2%2Fmedia&parent=4724"}],"wp:term":[{"taxonomy":"category","embeddable":true,"href":"http:\/\/www.quiltingstudio.hu\/blog\/index.php?rest_route=%2Fwp%2Fv2%2Fcategories&post=4724"},{"taxonomy":"post_tag","embeddable":true,"href":"http:\/\/www.quiltingstudio.hu\/blog\/index.php?rest_route=%2Fwp%2Fv2%2Ftags&post=4724"}],"curies":[{"name":"wp","href":"https:\/\/api.w.org\/{rel}","templated":true}]}}