{"id":473,"date":"2008-06-24T18:42:50","date_gmt":"2008-06-24T16:42:50","guid":{"rendered":"http:\/\/www.quiltingstudio.hu\/blog\/?p=473"},"modified":"2008-06-24T18:42:50","modified_gmt":"2008-06-24T16:42:50","slug":"festes-most-eppen-polot","status":"publish","type":"post","link":"http:\/\/www.quiltingstudio.hu\/blog\/?p=473","title":{"rendered":"Fest\u00e9s &#8211; most \u00e9ppen p\u00f3l\u00f3t"},"content":{"rendered":"<p><a href=\"http:\/\/www.quiltingstudio.hu\/blog\/wp-content\/uploads\/2008\/06\/p1040265.jpg\"><img decoding=\"async\" loading=\"lazy\" class=\"alignnone size-medium wp-image-474\" title=\"p1040265\" src=\"http:\/\/www.quiltingstudio.hu\/blog\/wp-content\/uploads\/2008\/06\/p1040265-300x179.jpg\" alt=\"folyamatban\" width=\"300\" height=\"179\" srcset=\"http:\/\/www.quiltingstudio.hu\/blog\/wp-content\/uploads\/2008\/06\/p1040265-300x179.jpg 300w, http:\/\/www.quiltingstudio.hu\/blog\/wp-content\/uploads\/2008\/06\/p1040265.jpg 576w\" sizes=\"(max-width: 300px) 100vw, 300px\" \/><\/a><\/p>\n<p>Most j\u00f6tt el az ideje, hogy ezt is kipr\u00f3b\u00e1ljam. Tegnap este <em>sz\u00e9pen<\/em> megfestettem, ma reggel <em>sz\u00e9pen<\/em> kimostam. Itt m\u00e9g vizes \u00e9s \u00e9pp sz\u00e1rad.<\/p>\n<p><!--more--><\/p>\n<p style=\"clear:both\">\n<p>Majd ma este <em>sz\u00e9pen<\/em> kivasaltam \u00e9s lef\u00e9nyk\u00e9peztem.<\/p>\n<p><a href=\"http:\/\/www.quiltingstudio.hu\/blog\/wp-content\/uploads\/2008\/06\/polo.jpg\"><img decoding=\"async\" loading=\"lazy\" class=\"alignnone size-medium wp-image-475\" title=\"polo\" src=\"http:\/\/www.quiltingstudio.hu\/blog\/wp-content\/uploads\/2008\/06\/polo-300x273.jpg\" alt=\"festett p\u00f3l\u00f3\" width=\"300\" height=\"273\" srcset=\"http:\/\/www.quiltingstudio.hu\/blog\/wp-content\/uploads\/2008\/06\/polo-300x273.jpg 300w, http:\/\/www.quiltingstudio.hu\/blog\/wp-content\/uploads\/2008\/06\/polo.jpg 576w\" sizes=\"(max-width: 300px) 100vw, 300px\" \/><\/a><\/p>\n<p>A minta nagyon hasonl\u00edt a t\u00e1lc\u00e1s fest\u00e9semre, de ez igaz\u00e1b\u00f3l \u00fan. tie dye, azaz k\u00f6t\u00f6z\u00f6tt fest\u00e9s.<\/p>\n<p style=\"clear:both\">\n<p>\u00cdme egy k\u00f6zelebbi k\u00e9p:<\/p>\n<p><a href=\"http:\/\/www.quiltingstudio.hu\/blog\/wp-content\/uploads\/2008\/06\/poloelol.jpg\"><img decoding=\"async\" loading=\"lazy\" class=\"alignnone size-medium wp-image-476\" title=\"poloelol\" src=\"http:\/\/www.quiltingstudio.hu\/blog\/wp-content\/uploads\/2008\/06\/poloelol-300x168.jpg\" alt=\"festett p\u00f3l\u00f3\" width=\"300\" height=\"168\" srcset=\"http:\/\/www.quiltingstudio.hu\/blog\/wp-content\/uploads\/2008\/06\/poloelol-300x168.jpg 300w, http:\/\/www.quiltingstudio.hu\/blog\/wp-content\/uploads\/2008\/06\/poloelol.jpg 576w\" sizes=\"(max-width: 300px) 100vw, 300px\" \/><\/a><\/p>\n<p>Ja, \u00e9s egyben ez a 100. bejegyz\u00e9sem! Hogy megy az id\u0151! :o)))<\/p>\n","protected":false},"excerpt":{"rendered":"<p>Most j\u00f6tt el az ideje, hogy ezt is kipr\u00f3b\u00e1ljam. Tegnap este sz\u00e9pen megfestettem, ma reggel sz\u00e9pen kimostam. Itt m\u00e9g vizes \u00e9s \u00e9pp sz\u00e1rad.<\/p>\n","protected":false},"author":1,"featured_media":0,"comment_status":"open","ping_status":"closed","sticky":false,"template":"","format":"standard","meta":[],"categories":[3],"tags":[],"aioseo_notices":[],"views":2969,"_links":{"self":[{"href":"http:\/\/www.quiltingstudio.hu\/blog\/index.php?rest_route=\/wp\/v2\/posts\/473"}],"collection":[{"href":"http:\/\/www.quiltingstudio.hu\/blog\/index.php?rest_route=\/wp\/v2\/posts"}],"about":[{"href":"http:\/\/www.quiltingstudio.hu\/blog\/index.php?rest_route=\/wp\/v2\/types\/post"}],"author":[{"embeddable":true,"href":"http:\/\/www.quiltingstudio.hu\/blog\/index.php?rest_route=\/wp\/v2\/users\/1"}],"replies":[{"embeddable":true,"href":"http:\/\/www.quiltingstudio.hu\/blog\/index.php?rest_route=%2Fwp%2Fv2%2Fcomments&post=473"}],"version-history":[{"count":0,"href":"http:\/\/www.quiltingstudio.hu\/blog\/index.php?rest_route=\/wp\/v2\/posts\/473\/revisions"}],"wp:attachment":[{"href":"http:\/\/www.quiltingstudio.hu\/blog\/index.php?rest_route=%2Fwp%2Fv2%2Fmedia&parent=473"}],"wp:term":[{"taxonomy":"category","embeddable":true,"href":"http:\/\/www.quiltingstudio.hu\/blog\/index.php?rest_route=%2Fwp%2Fv2%2Fcategories&post=473"},{"taxonomy":"post_tag","embeddable":true,"href":"http:\/\/www.quiltingstudio.hu\/blog\/index.php?rest_route=%2Fwp%2Fv2%2Ftags&post=473"}],"curies":[{"name":"wp","href":"https:\/\/api.w.org\/{rel}","templated":true}]}}