{"id":4736,"date":"2015-05-16T19:39:00","date_gmt":"2015-05-16T17:39:00","guid":{"rendered":"http:\/\/www.quiltingstudio.hu\/blog\/?p=4736"},"modified":"2015-05-16T19:39:00","modified_gmt":"2015-05-16T17:39:00","slug":"kiallitas-masodik-napja","status":"publish","type":"post","link":"http:\/\/www.quiltingstudio.hu\/blog\/?p=4736","title":{"rendered":"Ki\u00e1ll\u00edt\u00e1s m\u00e1sodik napja&#8230;"},"content":{"rendered":"<p>Ma m\u00e1r sokkal t\u00f6bb id\u0151nk volt nyugodtan \u00e1tn\u00e9zni a ki\u00e1ll\u00edt\u00e1st. B\u00e1r ma is r\u00e9szt vettem m\u00e9g k\u00e9t &#8222;tanfolyamon&#8221;.<\/p>\n<div id=\"attachment_4740\" style=\"width: 310px\" class=\"wp-caption alignnone\"><a href=\"http:\/\/www.quiltingstudio.hu\/blog\/wp-content\/uploads\/2015\/05\/IMG_7428.jpg\"><img aria-describedby=\"caption-attachment-4740\" decoding=\"async\" loading=\"lazy\" class=\"size-medium wp-image-4740\" title=\"IMG_7428\" src=\"http:\/\/www.quiltingstudio.hu\/blog\/wp-content\/uploads\/2015\/05\/IMG_7428-300x224.jpg\" alt=\"\" width=\"300\" height=\"224\" srcset=\"http:\/\/www.quiltingstudio.hu\/blog\/wp-content\/uploads\/2015\/05\/IMG_7428-300x224.jpg 300w, http:\/\/www.quiltingstudio.hu\/blog\/wp-content\/uploads\/2015\/05\/IMG_7428-1024x767.jpg 1024w, http:\/\/www.quiltingstudio.hu\/blog\/wp-content\/uploads\/2015\/05\/IMG_7428.jpg 1067w\" sizes=\"(max-width: 300px) 100vw, 300px\" \/><\/a><p id=\"caption-attachment-4740\" class=\"wp-caption-text\">A ki\u00e1ll\u00edt\u00e1s az emeletr\u0151l<\/p><\/div>\n<p>\u00c9rdekes volt, hogy ma kevesebben voltak, mint tegnap. Ha csak azt n\u00e9zz\u00fck, hogy sokkal k\u00f6nnyebb volt a ki\u00e1ll\u00edtott k\u00e9pekhez hozz\u00e1f\u00e9rni.<!--more--><\/p>\n<div id=\"attachment_4739\" style=\"width: 310px\" class=\"wp-caption alignnone\"><a href=\"http:\/\/www.quiltingstudio.hu\/blog\/wp-content\/uploads\/2015\/05\/IMG_7550.jpg\"><img aria-describedby=\"caption-attachment-4739\" decoding=\"async\" loading=\"lazy\" class=\"size-medium wp-image-4739\" title=\"IMG_7550\" src=\"http:\/\/www.quiltingstudio.hu\/blog\/wp-content\/uploads\/2015\/05\/IMG_7550-300x224.jpg\" alt=\"\" width=\"300\" height=\"224\" srcset=\"http:\/\/www.quiltingstudio.hu\/blog\/wp-content\/uploads\/2015\/05\/IMG_7550-300x224.jpg 300w, http:\/\/www.quiltingstudio.hu\/blog\/wp-content\/uploads\/2015\/05\/IMG_7550-1024x767.jpg 1024w, http:\/\/www.quiltingstudio.hu\/blog\/wp-content\/uploads\/2015\/05\/IMG_7550.jpg 1067w\" sizes=\"(max-width: 300px) 100vw, 300px\" \/><\/a><p id=\"caption-attachment-4739\" class=\"wp-caption-text\">Ki\u00e1ll\u00edt\u00e1s<\/p><\/div>\n<p>A magyar k\u00e9pekre m\u00e1r el\u0151re felh\u00edvt\u00e1k a figyelm\u00fcnket. A nagy r\u00e9sz\u00e9t m\u00e1r itthon is siker\u00fclt megcsod\u00e1lni.<\/p>\n<div id=\"attachment_4742\" style=\"width: 310px\" class=\"wp-caption alignnone\"><a href=\"http:\/\/www.quiltingstudio.hu\/blog\/wp-content\/uploads\/2015\/05\/IMG_7570.jpg\"><img aria-describedby=\"caption-attachment-4742\" decoding=\"async\" loading=\"lazy\" class=\"size-medium wp-image-4742\" title=\"IMG_7570\" src=\"http:\/\/www.quiltingstudio.hu\/blog\/wp-content\/uploads\/2015\/05\/IMG_7570-300x224.jpg\" alt=\"\" width=\"300\" height=\"224\" srcset=\"http:\/\/www.quiltingstudio.hu\/blog\/wp-content\/uploads\/2015\/05\/IMG_7570-300x224.jpg 300w, http:\/\/www.quiltingstudio.hu\/blog\/wp-content\/uploads\/2015\/05\/IMG_7570-1024x767.jpg 1024w, http:\/\/www.quiltingstudio.hu\/blog\/wp-content\/uploads\/2015\/05\/IMG_7570.jpg 1067w\" sizes=\"(max-width: 300px) 100vw, 300px\" \/><\/a><p id=\"caption-attachment-4742\" class=\"wp-caption-text\">V\u00e1s\u00e1r<\/p><\/div>\n<p>Term\u00e9szetesen a v\u00e1s\u00e1r sem maradhat el. Nekem \u00fagy t\u0171nt, ennek nagyobb sikere van, mint\u00a0 a k\u00e9peknek.<\/p>\n<div id=\"attachment_4743\" style=\"width: 310px\" class=\"wp-caption alignnone\"><a href=\"http:\/\/www.quiltingstudio.hu\/blog\/wp-content\/uploads\/2015\/05\/IMG_7573.jpg\"><img aria-describedby=\"caption-attachment-4743\" decoding=\"async\" loading=\"lazy\" class=\"size-medium wp-image-4743\" title=\"IMG_7573\" src=\"http:\/\/www.quiltingstudio.hu\/blog\/wp-content\/uploads\/2015\/05\/IMG_7573-300x207.jpg\" alt=\"\" width=\"300\" height=\"207\" srcset=\"http:\/\/www.quiltingstudio.hu\/blog\/wp-content\/uploads\/2015\/05\/IMG_7573-300x207.jpg 300w, http:\/\/www.quiltingstudio.hu\/blog\/wp-content\/uploads\/2015\/05\/IMG_7573-1024x708.jpg 1024w, http:\/\/www.quiltingstudio.hu\/blog\/wp-content\/uploads\/2015\/05\/IMG_7573.jpg 1067w\" sizes=\"(max-width: 300px) 100vw, 300px\" \/><\/a><p id=\"caption-attachment-4743\" class=\"wp-caption-text\">V\u00e1s\u00e1r<\/p><\/div>\n<p>F\u00e1raszt\u00f3 volt, de kem\u00e9ny kitart\u00f3 munk\u00e1val v\u00e9gign\u00e9zt\u00fck az \u00f6sszes standot!<\/p>\n<div id=\"attachment_4744\" style=\"width: 297px\" class=\"wp-caption alignnone\"><a href=\"http:\/\/www.quiltingstudio.hu\/blog\/wp-content\/uploads\/2015\/05\/IMG_7730.jpg\"><img aria-describedby=\"caption-attachment-4744\" decoding=\"async\" loading=\"lazy\" class=\"size-medium wp-image-4744\" title=\"IMG_7730\" src=\"http:\/\/www.quiltingstudio.hu\/blog\/wp-content\/uploads\/2015\/05\/IMG_7730-287x300.jpg\" alt=\"\" width=\"287\" height=\"300\" srcset=\"http:\/\/www.quiltingstudio.hu\/blog\/wp-content\/uploads\/2015\/05\/IMG_7730-287x300.jpg 287w, http:\/\/www.quiltingstudio.hu\/blog\/wp-content\/uploads\/2015\/05\/IMG_7730.jpg 766w\" sizes=\"(max-width: 287px) 100vw, 287px\" \/><\/a><p id=\"caption-attachment-4744\" class=\"wp-caption-text\">Jap\u00e1n vend\u00e9g k\u00e9pei<\/p><\/div>\n<p>A ki\u00e1ll\u00edt\u00e1son Shizuko Kuroha volt a f\u0151vend\u00e9g, aki tanfolyamot is tartott \u00e9s volt saj\u00e1t ki\u00e1ll\u00edt\u00e1sa is.<\/p>\n<div id=\"attachment_4745\" style=\"width: 254px\" class=\"wp-caption alignnone\"><a href=\"http:\/\/www.quiltingstudio.hu\/blog\/wp-content\/uploads\/2015\/05\/IMG_7751.jpg\"><img aria-describedby=\"caption-attachment-4745\" decoding=\"async\" loading=\"lazy\" class=\"size-medium wp-image-4745\" title=\"IMG_7751\" src=\"http:\/\/www.quiltingstudio.hu\/blog\/wp-content\/uploads\/2015\/05\/IMG_7751-244x300.jpg\" alt=\"\" width=\"244\" height=\"300\" srcset=\"http:\/\/www.quiltingstudio.hu\/blog\/wp-content\/uploads\/2015\/05\/IMG_7751-244x300.jpg 244w, http:\/\/www.quiltingstudio.hu\/blog\/wp-content\/uploads\/2015\/05\/IMG_7751.jpg 651w\" sizes=\"(max-width: 244px) 100vw, 244px\" \/><\/a><p id=\"caption-attachment-4745\" class=\"wp-caption-text\">tetszett<\/p><\/div>\n<p>Irina Fomina k\u00e9pe: A woman at the end of the nerven.<\/p>\n","protected":false},"excerpt":{"rendered":"<p>Ma m\u00e1r sokkal t\u00f6bb id\u0151nk volt nyugodtan \u00e1tn\u00e9zni a ki\u00e1ll\u00edt\u00e1st. B\u00e1r ma is r\u00e9szt vettem m\u00e9g k\u00e9t &#8222;tanfolyamon&#8221;. \u00c9rdekes volt, hogy ma kevesebben voltak, mint tegnap. Ha csak azt n\u00e9zz\u00fck, hogy sokkal k\u00f6nnyebb volt a ki\u00e1ll\u00edtott k\u00e9pekhez hozz\u00e1f\u00e9rni.<\/p>\n","protected":false},"author":1,"featured_media":0,"comment_status":"open","ping_status":"closed","sticky":false,"template":"","format":"standard","meta":[],"categories":[3],"tags":[],"aioseo_notices":[],"views":2787,"_links":{"self":[{"href":"http:\/\/www.quiltingstudio.hu\/blog\/index.php?rest_route=\/wp\/v2\/posts\/4736"}],"collection":[{"href":"http:\/\/www.quiltingstudio.hu\/blog\/index.php?rest_route=\/wp\/v2\/posts"}],"about":[{"href":"http:\/\/www.quiltingstudio.hu\/blog\/index.php?rest_route=\/wp\/v2\/types\/post"}],"author":[{"embeddable":true,"href":"http:\/\/www.quiltingstudio.hu\/blog\/index.php?rest_route=\/wp\/v2\/users\/1"}],"replies":[{"embeddable":true,"href":"http:\/\/www.quiltingstudio.hu\/blog\/index.php?rest_route=%2Fwp%2Fv2%2Fcomments&post=4736"}],"version-history":[{"count":2,"href":"http:\/\/www.quiltingstudio.hu\/blog\/index.php?rest_route=\/wp\/v2\/posts\/4736\/revisions"}],"predecessor-version":[{"id":4747,"href":"http:\/\/www.quiltingstudio.hu\/blog\/index.php?rest_route=\/wp\/v2\/posts\/4736\/revisions\/4747"}],"wp:attachment":[{"href":"http:\/\/www.quiltingstudio.hu\/blog\/index.php?rest_route=%2Fwp%2Fv2%2Fmedia&parent=4736"}],"wp:term":[{"taxonomy":"category","embeddable":true,"href":"http:\/\/www.quiltingstudio.hu\/blog\/index.php?rest_route=%2Fwp%2Fv2%2Fcategories&post=4736"},{"taxonomy":"post_tag","embeddable":true,"href":"http:\/\/www.quiltingstudio.hu\/blog\/index.php?rest_route=%2Fwp%2Fv2%2Ftags&post=4736"}],"curies":[{"name":"wp","href":"https:\/\/api.w.org\/{rel}","templated":true}]}}