{"id":477,"date":"2008-06-25T10:54:10","date_gmt":"2008-06-25T08:54:10","guid":{"rendered":"http:\/\/www.quiltingstudio.hu\/blog\/?p=477"},"modified":"2008-06-29T18:26:58","modified_gmt":"2008-06-29T16:26:58","slug":"stencilfestes-procionnal","status":"publish","type":"post","link":"http:\/\/www.quiltingstudio.hu\/blog\/?p=477","title":{"rendered":"Stencilfest\u00e9s Procionnal"},"content":{"rendered":"<p><em><strong>\u00dajabb pr\u00f3b\u00e1lkoz\u00e1som tapasztalatai \u00e9s eredm\u00e9nye:<\/strong><\/em><\/p>\n<p>Most j\u00f6tt el az ideje, hogy kipr\u00f3b\u00e1ljam azt a s\u00fcr\u00edt\u0151t, am\u00edt m\u00e1r r\u00e9gen beszereztem. Azaz k\u00e9sz\u00edtettem egy olyan s\u0171r\u0171, de foly\u00f3s \u00e1llag\u00fa fest\u00e9ket, amivel lehet stencilezni, pecs\u00e9telni, stb&#8230;.<\/p>\n<p><a href=\"http:\/\/www.quiltingstudio.hu\/blog\/wp-content\/uploads\/2008\/06\/stencil-procionnal.jpg\" target=\"_blank\"><img decoding=\"async\" loading=\"lazy\" class=\"alignnone size-full wp-image-478\" title=\"stencil-procionnal\" src=\"http:\/\/www.quiltingstudio.hu\/blog\/wp-content\/uploads\/2008\/06\/stencil-procionnal.jpg\" alt=\"fest\u00e9s procionnal \" width=\"425\" height=\"127\" srcset=\"http:\/\/www.quiltingstudio.hu\/blog\/wp-content\/uploads\/2008\/06\/stencil-procionnal.jpg 598w, http:\/\/www.quiltingstudio.hu\/blog\/wp-content\/uploads\/2008\/06\/stencil-procionnal-300x89.jpg 300w\" sizes=\"(max-width: 425px) 100vw, 425px\" \/><\/a><\/p>\n<p>El\u0151sz\u00f6r festettem egy pasztel sz\u00edn\u0171 anyagot. ( ez ugye 1 nap !) Megsz\u00e1r\u00edtottam, kivasaltam. A fest\u00e9s el\u0151tt egy nappal be(ki)kevertem a s\u00fcr\u00edt\u0151t ( ez \u00e1llt egy \u00e9jszak\u00e1t) , m\u00e1snap elk\u00e9sz\u00edtettem a fest\u00e9ket. Ebben az esetben t\u00fcrkiz sz\u00edn\u0171 fest\u00e9ket haszn\u00e1ltam. Ez m\u00e9g mos\u00e1s <strong>el\u0151tti<\/strong> \u00e1llapot, ez\u00e9rt ilyen s\u00f6t\u00e9t. Megsz\u00e1radt, majd m\u00e1snap reggel kimostam.<\/p>\n<p><!--more--><\/p>\n<p><a href=\"http:\/\/www.quiltingstudio.hu\/blog\/wp-content\/uploads\/2008\/06\/stencilfestes.jpg\" target=\"_blank\"><img decoding=\"async\" loading=\"lazy\" class=\"alignnone size-full wp-image-479\" title=\"stencilfestes\" src=\"http:\/\/www.quiltingstudio.hu\/blog\/wp-content\/uploads\/2008\/06\/stencilfestes.jpg\" alt=\"stencilfest\u00e9s Procionnal \" width=\"425\" height=\"128\" srcset=\"http:\/\/www.quiltingstudio.hu\/blog\/wp-content\/uploads\/2008\/06\/stencilfestes.jpg 597w, http:\/\/www.quiltingstudio.hu\/blog\/wp-content\/uploads\/2008\/06\/stencilfestes-300x90.jpg 300w\" sizes=\"(max-width: 425px) 100vw, 425px\" \/><\/a><\/p>\n<p>Itt m\u00e1r jobban l\u00e1tszik, hogy ez t\u00fcrkiz k\u00e9k. \u00c9n az el\u0151\u00edr\u00e1s szerinti 60g fest\u00e9ket kevertem be ( mos\u00f3sz\u00f3da + fest\u00e9k) . Rengeteg volt, igen kiad\u00f3s. M\u00e9g kipr\u00f3b\u00e1ltam egy-k\u00e9t technik\u00e1t ( hogy is h\u00edvj\u00e1k ezt pontosan? pecs\u00e9tel\u00e9s, nyomd\u00e1z\u00e1s, stempiz\u00e9s?), de \u00edgy is  a 2\/3-a megmaradt. ( amivel 1,5-4 \u00f3ra m\u00falva m\u00e1r nem lehet kezdeni semmit :o(((( ). De sokat tanultam ebb\u0151l ism\u00e9t, a saj\u00e1t k\u00e1romon!<\/p>\n<p>Egy k\u00f6zeli a mint\u00e1r\u00f3l:<\/p>\n<p><a href=\"http:\/\/www.quiltingstudio.hu\/blog\/wp-content\/uploads\/2008\/06\/stencil-reszlet.jpg\" target=\"_blank\"><img decoding=\"async\" loading=\"lazy\" class=\"alignnone size-medium wp-image-480\" title=\"stencil-reszlet\" src=\"http:\/\/www.quiltingstudio.hu\/blog\/wp-content\/uploads\/2008\/06\/stencil-reszlet-300x168.jpg\" alt=\"stencilfest\u00e9s k\u00f6zeli\" width=\"300\" height=\"168\" srcset=\"http:\/\/www.quiltingstudio.hu\/blog\/wp-content\/uploads\/2008\/06\/stencil-reszlet-300x168.jpg 300w, http:\/\/www.quiltingstudio.hu\/blog\/wp-content\/uploads\/2008\/06\/stencil-reszlet.jpg 597w\" sizes=\"(max-width: 300px) 100vw, 300px\" \/><\/a><\/p>\n<p>\u00d6sszefoglalva, &#8216;<em><strong>hamar&#8217; <\/strong><\/em> elk\u00e9sz\u00fcltem ezzel a kis darabbal. De erre is kiv\u00e1l\u00f3an alkalmas a Procion fest\u00e9k! Ett\u0151l kezdve \u00fajabb lehet\u0151s\u00e9gek ny\u00edlnak! Majd m\u00e9g mutatom a k\u00eds\u00e9rletez\u00e9simet.<\/p>\n","protected":false},"excerpt":{"rendered":"<p>\u00dajabb pr\u00f3b\u00e1lkoz\u00e1som tapasztalatai \u00e9s eredm\u00e9nye: Most j\u00f6tt el az ideje, hogy kipr\u00f3b\u00e1ljam azt a s\u00fcr\u00edt\u0151t, am\u00edt m\u00e1r r\u00e9gen beszereztem. Azaz k\u00e9sz\u00edtettem egy olyan s\u0171r\u0171, de foly\u00f3s \u00e1llag\u00fa fest\u00e9ket, amivel lehet stencilezni, pecs\u00e9telni, stb&#8230;. El\u0151sz\u00f6r festettem egy pasztel sz\u00edn\u0171 anyagot. ( ez ugye 1 nap !) Megsz\u00e1r\u00edtottam, kivasaltam. A fest\u00e9s el\u0151tt egy nappal be(ki)kevertem a s\u00fcr\u00edt\u0151t [&hellip;]<\/p>\n","protected":false},"author":1,"featured_media":0,"comment_status":"open","ping_status":"closed","sticky":false,"template":"","format":"standard","meta":[],"categories":[3],"tags":[],"aioseo_notices":[],"views":3774,"_links":{"self":[{"href":"http:\/\/www.quiltingstudio.hu\/blog\/index.php?rest_route=\/wp\/v2\/posts\/477"}],"collection":[{"href":"http:\/\/www.quiltingstudio.hu\/blog\/index.php?rest_route=\/wp\/v2\/posts"}],"about":[{"href":"http:\/\/www.quiltingstudio.hu\/blog\/index.php?rest_route=\/wp\/v2\/types\/post"}],"author":[{"embeddable":true,"href":"http:\/\/www.quiltingstudio.hu\/blog\/index.php?rest_route=\/wp\/v2\/users\/1"}],"replies":[{"embeddable":true,"href":"http:\/\/www.quiltingstudio.hu\/blog\/index.php?rest_route=%2Fwp%2Fv2%2Fcomments&post=477"}],"version-history":[{"count":0,"href":"http:\/\/www.quiltingstudio.hu\/blog\/index.php?rest_route=\/wp\/v2\/posts\/477\/revisions"}],"wp:attachment":[{"href":"http:\/\/www.quiltingstudio.hu\/blog\/index.php?rest_route=%2Fwp%2Fv2%2Fmedia&parent=477"}],"wp:term":[{"taxonomy":"category","embeddable":true,"href":"http:\/\/www.quiltingstudio.hu\/blog\/index.php?rest_route=%2Fwp%2Fv2%2Fcategories&post=477"},{"taxonomy":"post_tag","embeddable":true,"href":"http:\/\/www.quiltingstudio.hu\/blog\/index.php?rest_route=%2Fwp%2Fv2%2Ftags&post=477"}],"curies":[{"name":"wp","href":"https:\/\/api.w.org\/{rel}","templated":true}]}}