{"id":4795,"date":"2017-11-23T11:47:21","date_gmt":"2017-11-23T09:47:21","guid":{"rendered":"http:\/\/www.quiltingstudio.hu\/blog\/?p=4795"},"modified":"2017-11-23T11:47:21","modified_gmt":"2017-11-23T09:47:21","slug":"keszulodik-a-mikulas","status":"publish","type":"post","link":"http:\/\/www.quiltingstudio.hu\/blog\/?p=4795","title":{"rendered":"K\u00e9sz\u00fcl\u0151dik a mikul\u00e1s&#8230;"},"content":{"rendered":"<p><a href=\"http:\/\/www.quiltingstudio.hu\/blog\/wp-content\/uploads\/2017\/11\/mikulasok.jpg\"><img decoding=\"async\" loading=\"lazy\" class=\"aligncenter size-medium wp-image-4796\" src=\"http:\/\/www.quiltingstudio.hu\/blog\/wp-content\/uploads\/2017\/11\/mikulasok-300x225.jpg\" alt=\"mikulasok\" width=\"300\" height=\"225\" srcset=\"http:\/\/www.quiltingstudio.hu\/blog\/wp-content\/uploads\/2017\/11\/mikulasok-300x225.jpg 300w, http:\/\/www.quiltingstudio.hu\/blog\/wp-content\/uploads\/2017\/11\/mikulasok-768x576.jpg 768w, http:\/\/www.quiltingstudio.hu\/blog\/wp-content\/uploads\/2017\/11\/mikulasok-1024x768.jpg 1024w\" sizes=\"(max-width: 300px) 100vw, 300px\" \/><\/a><\/p>\n<p>&nbsp;<\/p>\n<p>Nagyon \u00e9lvezem a kar\u00e1csonyi k\u00e9sz\u00fcl\u0151d\u00e9st. Ilyenkor mindig sokkal t\u00f6bbet szoktam h\u00edmezni, mint m\u00e1skor.<\/p>\n<p>Most is gy\u00f6ny\u00f6r\u0171 mint\u00e1kat tal\u00e1ltam (\u00e9s itt a min\u0151s\u00e9gre is gondolok) , \u00e9lvezet volt kih\u00edmezni \u0151ket.<\/p>\n<p>Az id\u00e9n a filc a sl\u00e1ger! Az applik\u00e1ci\u00f3kat a filc anyaggal kombin\u00e1lom. De lesz m\u00e9g m\u00e1s is filcb\u0151l&#8230;.<\/p>\n","protected":false},"excerpt":{"rendered":"<p>&nbsp; Nagyon \u00e9lvezem a kar\u00e1csonyi k\u00e9sz\u00fcl\u0151d\u00e9st. Ilyenkor mindig sokkal t\u00f6bbet szoktam h\u00edmezni, mint m\u00e1skor. Most is gy\u00f6ny\u00f6r\u0171 mint\u00e1kat tal\u00e1ltam (\u00e9s itt a min\u0151s\u00e9gre is gondolok) , \u00e9lvezet volt kih\u00edmezni \u0151ket. Az id\u00e9n a filc a sl\u00e1ger! Az applik\u00e1ci\u00f3kat a filc anyaggal kombin\u00e1lom. De lesz m\u00e9g m\u00e1s is filcb\u0151l&#8230;.<\/p>\n","protected":false},"author":1,"featured_media":0,"comment_status":"open","ping_status":"closed","sticky":false,"template":"","format":"standard","meta":[],"categories":[3],"tags":[],"aioseo_notices":[],"views":5197,"_links":{"self":[{"href":"http:\/\/www.quiltingstudio.hu\/blog\/index.php?rest_route=\/wp\/v2\/posts\/4795"}],"collection":[{"href":"http:\/\/www.quiltingstudio.hu\/blog\/index.php?rest_route=\/wp\/v2\/posts"}],"about":[{"href":"http:\/\/www.quiltingstudio.hu\/blog\/index.php?rest_route=\/wp\/v2\/types\/post"}],"author":[{"embeddable":true,"href":"http:\/\/www.quiltingstudio.hu\/blog\/index.php?rest_route=\/wp\/v2\/users\/1"}],"replies":[{"embeddable":true,"href":"http:\/\/www.quiltingstudio.hu\/blog\/index.php?rest_route=%2Fwp%2Fv2%2Fcomments&post=4795"}],"version-history":[{"count":1,"href":"http:\/\/www.quiltingstudio.hu\/blog\/index.php?rest_route=\/wp\/v2\/posts\/4795\/revisions"}],"predecessor-version":[{"id":4797,"href":"http:\/\/www.quiltingstudio.hu\/blog\/index.php?rest_route=\/wp\/v2\/posts\/4795\/revisions\/4797"}],"wp:attachment":[{"href":"http:\/\/www.quiltingstudio.hu\/blog\/index.php?rest_route=%2Fwp%2Fv2%2Fmedia&parent=4795"}],"wp:term":[{"taxonomy":"category","embeddable":true,"href":"http:\/\/www.quiltingstudio.hu\/blog\/index.php?rest_route=%2Fwp%2Fv2%2Fcategories&post=4795"},{"taxonomy":"post_tag","embeddable":true,"href":"http:\/\/www.quiltingstudio.hu\/blog\/index.php?rest_route=%2Fwp%2Fv2%2Ftags&post=4795"}],"curies":[{"name":"wp","href":"https:\/\/api.w.org\/{rel}","templated":true}]}}