{"id":481,"date":"2008-06-29T13:16:31","date_gmt":"2008-06-29T11:16:31","guid":{"rendered":"http:\/\/www.quiltingstudio.hu\/blog\/?p=481"},"modified":"2008-06-29T13:16:31","modified_gmt":"2008-06-29T11:16:31","slug":"tie-dye-party-harmasban","status":"publish","type":"post","link":"http:\/\/www.quiltingstudio.hu\/blog\/?p=481","title":{"rendered":"Tie Dye Party -h\u00e1rmasban"},"content":{"rendered":"<p>Ki kellett haszn\u00e1lni ezt a j\u00f3 kis meleget. Kiv\u00e1l\u00f3an alkalmas volt pl. fest\u00e9sre!<br \/>\nA h\u00e9tv\u00e9g\u00e9n nekil\u00e1ttunk h\u00e1rman alkotni. Procionnal festett\u00fcnk, kinek melyik technika tetszett, azt pr\u00f3b\u00e1lgatta. Ki \u00edgy, ki \u00fagy&#8230;.<br \/>\n<a href=\"http:\/\/www.quiltingstudio.hu\/blog\/wp-content\/uploads\/2008\/06\/img_7924.jpg\"><img decoding=\"async\" loading=\"lazy\" class=\"alignnone size-medium wp-image-482\" title=\"img_7924\" src=\"http:\/\/www.quiltingstudio.hu\/blog\/wp-content\/uploads\/2008\/06\/img_7924-224x300.jpg\" alt=\"munka k\u00f6zben\" width=\"224\" height=\"300\" srcset=\"http:\/\/www.quiltingstudio.hu\/blog\/wp-content\/uploads\/2008\/06\/img_7924-224x300.jpg 224w, http:\/\/www.quiltingstudio.hu\/blog\/wp-content\/uploads\/2008\/06\/img_7924.jpg 425w\" sizes=\"(max-width: 224px) 100vw, 224px\" \/><\/a><\/p>\n<p style=\"clear:both\">\n<p><a href=\"http:\/\/www.quiltingstudio.hu\/blog\/wp-content\/uploads\/2008\/06\/adel.jpg\"><img decoding=\"async\" loading=\"lazy\" class=\"alignnone size-medium wp-image-483\" title=\"adel\" src=\"http:\/\/www.quiltingstudio.hu\/blog\/wp-content\/uploads\/2008\/06\/adel-239x300.jpg\" alt=\"fest\u00e9s k\u00f6zben\" width=\"239\" height=\"300\" srcset=\"http:\/\/www.quiltingstudio.hu\/blog\/wp-content\/uploads\/2008\/06\/adel-239x300.jpg 239w, http:\/\/www.quiltingstudio.hu\/blog\/wp-content\/uploads\/2008\/06\/adel.jpg 425w\" sizes=\"(max-width: 239px) 100vw, 239px\" \/><\/a><\/p>\n<p style=\"clear:both\">\n<p><a href=\"http:\/\/www.quiltingstudio.hu\/blog\/wp-content\/uploads\/2008\/06\/kati.jpg\"><img decoding=\"async\" loading=\"lazy\" class=\"alignnone size-medium wp-image-484\" title=\"kati\" src=\"http:\/\/www.quiltingstudio.hu\/blog\/wp-content\/uploads\/2008\/06\/kati-224x300.jpg\" alt=\"j\u00f3 lesz \u00edgy!?\" width=\"224\" height=\"300\" srcset=\"http:\/\/www.quiltingstudio.hu\/blog\/wp-content\/uploads\/2008\/06\/kati-224x300.jpg 224w, http:\/\/www.quiltingstudio.hu\/blog\/wp-content\/uploads\/2008\/06\/kati.jpg 425w\" sizes=\"(max-width: 224px) 100vw, 224px\" \/><\/a><\/p>\n<p style=\"clear:both\">\n<p>T\u00f6bbf\u00e9le m\u00f3dszert is kipr\u00f3b\u00e1ltunk, a stencil fest\u00e9st, k\u00f6t\u00f6z\u00e9st, t\u00e1lc\u00e1st \u00e9s a p\u00f3l\u00f3k fest\u00e9s\u00e9t,stb&#8230;<\/p>\n<p><!--more--><\/p>\n<p><a href=\"http:\/\/www.quiltingstudio.hu\/blog\/wp-content\/uploads\/2008\/06\/adel2.jpg\"><img decoding=\"async\" loading=\"lazy\" class=\"alignnone size-medium wp-image-486\" title=\"adel2\" src=\"http:\/\/www.quiltingstudio.hu\/blog\/wp-content\/uploads\/2008\/06\/adel2-225x300.jpg\" alt=\"elk\u00e9sz\u00fclt remekm\u0171\" width=\"225\" height=\"300\" srcset=\"http:\/\/www.quiltingstudio.hu\/blog\/wp-content\/uploads\/2008\/06\/adel2-225x300.jpg 225w, http:\/\/www.quiltingstudio.hu\/blog\/wp-content\/uploads\/2008\/06\/adel2.jpg 425w\" sizes=\"(max-width: 225px) 100vw, 225px\" \/><\/a><\/p>\n<p style=\"clear:both\">\n<p><a href=\"http:\/\/www.quiltingstudio.hu\/blog\/wp-content\/uploads\/2008\/06\/kati2.jpg\"><img decoding=\"async\" loading=\"lazy\" class=\"alignnone size-medium wp-image-487\" title=\"kati2\" src=\"http:\/\/www.quiltingstudio.hu\/blog\/wp-content\/uploads\/2008\/06\/kati2-226x300.jpg\" alt=\"zacsk\u00f3s fest\u00e9s\" width=\"226\" height=\"300\" srcset=\"http:\/\/www.quiltingstudio.hu\/blog\/wp-content\/uploads\/2008\/06\/kati2-226x300.jpg 226w, http:\/\/www.quiltingstudio.hu\/blog\/wp-content\/uploads\/2008\/06\/kati2.jpg 425w\" sizes=\"(max-width: 226px) 100vw, 226px\" \/><\/a><\/p>\n<p style=\"clear:both\">\n<p><a href=\"http:\/\/www.quiltingstudio.hu\/blog\/wp-content\/uploads\/2008\/06\/mosas-elott.jpg\"><img decoding=\"async\" loading=\"lazy\" class=\"alignnone size-medium wp-image-488\" title=\"mosas-elott\" src=\"http:\/\/www.quiltingstudio.hu\/blog\/wp-content\/uploads\/2008\/06\/mosas-elott-300x225.jpg\" alt=\"elk\u00e9sz\u00fclt m\u0171\" width=\"300\" height=\"225\" srcset=\"http:\/\/www.quiltingstudio.hu\/blog\/wp-content\/uploads\/2008\/06\/mosas-elott-300x225.jpg 300w, http:\/\/www.quiltingstudio.hu\/blog\/wp-content\/uploads\/2008\/06\/mosas-elott.jpg 425w\" sizes=\"(max-width: 300px) 100vw, 300px\" \/><\/a><\/p>\n<p>\u00c9s ez m\u00e9g f\u00e9lbe van hajtva! A l\u00e1tszat ellen\u00e9re a k\u00f6vetkez\u0151 sz\u00edneket haszn\u00e1ltam: citroms\u00e1rga, naps\u00e1rga, okker, csokibarna. Fest\u00e9sre el\u0151k\u00e9sz\u00edtett (\u00fan. PFD-Prepared For Dyeing) pamut szat\u00e9n anyagra dolgoztam.<\/p>\n<p>A nap v\u00e9g\u00e9re kellemesen elf\u00e1radtunk, de gy\u00f6ny\u00f6r\u0171 sz\u00edneket, anyagokat alkottunk.<a href=\"http:\/\/www.quiltingstudio.hu\/blog\/wp-content\/uploads\/2008\/06\/keszek2.jpg\"><img decoding=\"async\" loading=\"lazy\" class=\"alignnone size-medium wp-image-490\" title=\"keszek2\" src=\"http:\/\/www.quiltingstudio.hu\/blog\/wp-content\/uploads\/2008\/06\/keszek2-300x131.jpg\" alt=\"\u00e9s ilyent \" width=\"300\" height=\"131\" srcset=\"http:\/\/www.quiltingstudio.hu\/blog\/wp-content\/uploads\/2008\/06\/keszek2-300x131.jpg 300w, http:\/\/www.quiltingstudio.hu\/blog\/wp-content\/uploads\/2008\/06\/keszek2.jpg 424w\" sizes=\"(max-width: 300px) 100vw, 300px\" \/><\/a><\/p>\n<p style=\"clear:both\">\n<p><a href=\"http:\/\/www.quiltingstudio.hu\/blog\/wp-content\/uploads\/2008\/06\/keszek1.jpg\"><img decoding=\"async\" loading=\"lazy\" class=\"alignnone size-medium wp-image-489\" title=\"keszek1\" src=\"http:\/\/www.quiltingstudio.hu\/blog\/wp-content\/uploads\/2008\/06\/keszek1-300x144.jpg\" alt=\"pl. ilyent \" width=\"300\" height=\"144\" srcset=\"http:\/\/www.quiltingstudio.hu\/blog\/wp-content\/uploads\/2008\/06\/keszek1-300x144.jpg 300w, http:\/\/www.quiltingstudio.hu\/blog\/wp-content\/uploads\/2008\/06\/keszek1.jpg 425w\" sizes=\"(max-width: 300px) 100vw, 300px\" \/><\/a><\/p>\n<p>M\u00e9g ezeket term\u00e9szetesen ki kell mosni rendesen, de az m\u00e1r m\u00e1snapra maradt.<\/p>\n","protected":false},"excerpt":{"rendered":"<p>Ki kellett haszn\u00e1lni ezt a j\u00f3 kis meleget. Kiv\u00e1l\u00f3an alkalmas volt pl. fest\u00e9sre! A h\u00e9tv\u00e9g\u00e9n nekil\u00e1ttunk h\u00e1rman alkotni. Procionnal festett\u00fcnk, kinek melyik technika tetszett, azt pr\u00f3b\u00e1lgatta. Ki \u00edgy, ki \u00fagy&#8230;. T\u00f6bbf\u00e9le m\u00f3dszert is kipr\u00f3b\u00e1ltunk, a stencil fest\u00e9st, k\u00f6t\u00f6z\u00e9st, t\u00e1lc\u00e1st \u00e9s a p\u00f3l\u00f3k fest\u00e9s\u00e9t,stb&#8230;<\/p>\n","protected":false},"author":1,"featured_media":0,"comment_status":"open","ping_status":"closed","sticky":false,"template":"","format":"standard","meta":[],"categories":[3],"tags":[],"aioseo_notices":[],"views":2552,"_links":{"self":[{"href":"http:\/\/www.quiltingstudio.hu\/blog\/index.php?rest_route=\/wp\/v2\/posts\/481"}],"collection":[{"href":"http:\/\/www.quiltingstudio.hu\/blog\/index.php?rest_route=\/wp\/v2\/posts"}],"about":[{"href":"http:\/\/www.quiltingstudio.hu\/blog\/index.php?rest_route=\/wp\/v2\/types\/post"}],"author":[{"embeddable":true,"href":"http:\/\/www.quiltingstudio.hu\/blog\/index.php?rest_route=\/wp\/v2\/users\/1"}],"replies":[{"embeddable":true,"href":"http:\/\/www.quiltingstudio.hu\/blog\/index.php?rest_route=%2Fwp%2Fv2%2Fcomments&post=481"}],"version-history":[{"count":0,"href":"http:\/\/www.quiltingstudio.hu\/blog\/index.php?rest_route=\/wp\/v2\/posts\/481\/revisions"}],"wp:attachment":[{"href":"http:\/\/www.quiltingstudio.hu\/blog\/index.php?rest_route=%2Fwp%2Fv2%2Fmedia&parent=481"}],"wp:term":[{"taxonomy":"category","embeddable":true,"href":"http:\/\/www.quiltingstudio.hu\/blog\/index.php?rest_route=%2Fwp%2Fv2%2Fcategories&post=481"},{"taxonomy":"post_tag","embeddable":true,"href":"http:\/\/www.quiltingstudio.hu\/blog\/index.php?rest_route=%2Fwp%2Fv2%2Ftags&post=481"}],"curies":[{"name":"wp","href":"https:\/\/api.w.org\/{rel}","templated":true}]}}