{"id":491,"date":"2008-06-29T16:17:15","date_gmt":"2008-06-29T14:17:15","guid":{"rendered":"http:\/\/www.quiltingstudio.hu\/blog\/?p=491"},"modified":"2008-06-30T07:19:29","modified_gmt":"2008-06-30T05:19:29","slug":"mibol-lesz-a-cserebogar-meg-mindig-festes","status":"publish","type":"post","link":"http:\/\/www.quiltingstudio.hu\/blog\/?p=491","title":{"rendered":"Mib\u0151l lesz a cserebog\u00e1r? &#8211; m\u00e9g mindig fest\u00e9s"},"content":{"rendered":"<p>H\u00e1tha m\u00e1soknak is kedvet csin\u00e1lok evvel, megmutatom, milyen p\u00f3l\u00f3kat \u00e9s anyagokat festettem.<\/p>\n<p><a href=\"http:\/\/www.quiltingstudio.hu\/blog\/wp-content\/uploads\/2008\/06\/polok.jpg\"><img decoding=\"async\" loading=\"lazy\" class=\"alignnone size-medium wp-image-492\" title=\"polok\" src=\"http:\/\/www.quiltingstudio.hu\/blog\/wp-content\/uploads\/2008\/06\/polok-300x191.jpg\" alt=\"festett p\u00f3l\u00f3k\" width=\"300\" height=\"191\" srcset=\"http:\/\/www.quiltingstudio.hu\/blog\/wp-content\/uploads\/2008\/06\/polok-300x191.jpg 300w, http:\/\/www.quiltingstudio.hu\/blog\/wp-content\/uploads\/2008\/06\/polok.jpg 425w\" sizes=\"(max-width: 300px) 100vw, 300px\" \/><\/a><\/p>\n<p>A h\u00e1rom p\u00f3l\u00f3 3 k\u00fcl\u00f6nb\u00f6z\u0151 hajtogat\u00e1ssal k\u00e9sz\u00fclt.<\/p>\n<p style=\"clear:both\">\n<p><!--more--><br \/>\n1.<\/p>\n<p><a href=\"http:\/\/www.quiltingstudio.hu\/blog\/wp-content\/uploads\/2008\/06\/kekpolo1.jpg\"><img decoding=\"async\" loading=\"lazy\" class=\"alignnone size-medium wp-image-493\" title=\"kekpolo1\" src=\"http:\/\/www.quiltingstudio.hu\/blog\/wp-content\/uploads\/2008\/06\/kekpolo1-300x220.jpg\" alt=\"f\u00e9lk\u00e9szen\" width=\"300\" height=\"220\" srcset=\"http:\/\/www.quiltingstudio.hu\/blog\/wp-content\/uploads\/2008\/06\/kekpolo1-300x220.jpg 300w, http:\/\/www.quiltingstudio.hu\/blog\/wp-content\/uploads\/2008\/06\/kekpolo1.jpg 425w\" sizes=\"(max-width: 300px) 100vw, 300px\" \/><\/a><\/p>\n<p style=\"clear:both\">\n<p>A p\u00f3l\u00f3b\u00f3l el\u0151bb egy n\u00e9gysz\u00f6get hajtogatunk majd kb. 5cm sz\u00e9les cs\u00edkban cikk-cakkban \u00f6sszehajtjuk \u00e9s k\u00e9t oldalr\u00f3l feltekerj\u00fck. Egyik fele t\u00fcrkisz, a m\u00e1sik kobalt k\u00e9k.<\/p>\n<p style=\"clear:both\">\n<p><a href=\"http:\/\/www.quiltingstudio.hu\/blog\/wp-content\/uploads\/2008\/06\/kekpolo2.jpg\"><img decoding=\"async\" loading=\"lazy\" class=\"alignnone size-medium wp-image-494\" title=\"kekpolo2\" src=\"http:\/\/www.quiltingstudio.hu\/blog\/wp-content\/uploads\/2008\/06\/kekpolo2-300x218.jpg\" alt=\"vizesen\" width=\"300\" height=\"218\" srcset=\"http:\/\/www.quiltingstudio.hu\/blog\/wp-content\/uploads\/2008\/06\/kekpolo2-300x218.jpg 300w, http:\/\/www.quiltingstudio.hu\/blog\/wp-content\/uploads\/2008\/06\/kekpolo2.jpg 425w\" sizes=\"(max-width: 300px) 100vw, 300px\" \/><\/a><\/p>\n<p style=\"clear:both\">\n<p>M\u00e1r kimostam, de m\u00e9g vizes.<\/p>\n<p style=\"clear:both\">\n<p><a href=\"http:\/\/www.quiltingstudio.hu\/blog\/wp-content\/uploads\/2008\/06\/kekpolo3.jpg\"><img decoding=\"async\" loading=\"lazy\" class=\"alignnone size-medium wp-image-495\" title=\"kekpolo3\" src=\"http:\/\/www.quiltingstudio.hu\/blog\/wp-content\/uploads\/2008\/06\/kekpolo3-268x300.jpg\" alt=\"tengerk\u00e9k p\u00f3l\u00f3\" width=\"268\" height=\"300\" srcset=\"http:\/\/www.quiltingstudio.hu\/blog\/wp-content\/uploads\/2008\/06\/kekpolo3-268x300.jpg 268w, http:\/\/www.quiltingstudio.hu\/blog\/wp-content\/uploads\/2008\/06\/kekpolo3.jpg 425w\" sizes=\"(max-width: 268px) 100vw, 268px\" \/><\/a><\/p>\n<p style=\"clear:both\">\n<p>Ez lett a v\u00e9geredm\u00e9ny, sz\u00e9p tengerk\u00e9k, cs\u00edkos \u00e9s kock\u00e1s is egyben.<\/p>\n<p>2.<\/p>\n<p><a href=\"http:\/\/www.quiltingstudio.hu\/blog\/wp-content\/uploads\/2008\/06\/zoldpolo1.jpg\"><img decoding=\"async\" loading=\"lazy\" class=\"alignnone size-medium wp-image-497\" title=\"zoldpolo1\" src=\"http:\/\/www.quiltingstudio.hu\/blog\/wp-content\/uploads\/2008\/06\/zoldpolo1-300x297.jpg\" alt=\"befestve\" width=\"300\" height=\"297\" srcset=\"http:\/\/www.quiltingstudio.hu\/blog\/wp-content\/uploads\/2008\/06\/zoldpolo1-300x297.jpg 300w, http:\/\/www.quiltingstudio.hu\/blog\/wp-content\/uploads\/2008\/06\/zoldpolo1-150x150.jpg 150w, http:\/\/www.quiltingstudio.hu\/blog\/wp-content\/uploads\/2008\/06\/zoldpolo1.jpg 425w\" sizes=\"(max-width: 300px) 100vw, 300px\" \/><\/a><\/p>\n<p style=\"clear:both\">\n<p>Az el\u0151z\u0151t\u0151l annyiban k\u00fcl\u00f6nb\u00f6zik, hogy egy gurig\u00e1t k\u00e9sz\u00edtettem bel\u0151le, teh\u00e1t teljesen feltekertem a hajtogat\u00e1s ut\u00e1n. Oliva z\u00f6ldbe \u00e9s egy kis marad\u00e9k s\u00e1rg\u00e1ba m\u00e1rtottam.<\/p>\n<p style=\"clear:both\">\n<p><a href=\"http:\/\/www.quiltingstudio.hu\/blog\/wp-content\/uploads\/2008\/06\/zoldpolo02.jpg\"><img decoding=\"async\" loading=\"lazy\" class=\"alignnone size-medium wp-image-498\" title=\"zoldpolo02\" src=\"http:\/\/www.quiltingstudio.hu\/blog\/wp-content\/uploads\/2008\/06\/zoldpolo02-300x204.jpg\" alt=\"vizesen, mos\u00e1s ut\u00e1n\" width=\"300\" height=\"204\" srcset=\"http:\/\/www.quiltingstudio.hu\/blog\/wp-content\/uploads\/2008\/06\/zoldpolo02-300x204.jpg 300w, http:\/\/www.quiltingstudio.hu\/blog\/wp-content\/uploads\/2008\/06\/zoldpolo02.jpg 425w\" sizes=\"(max-width: 300px) 100vw, 300px\" \/><\/a><\/p>\n<p style=\"clear:both\">\n<p>a &#8222;cs\u00edkos-kock\u00e1s&#8221;  p\u00f3l\u00f3m<\/p>\n<p style=\"clear:both\">\n<p><a href=\"http:\/\/www.quiltingstudio.hu\/blog\/wp-content\/uploads\/2008\/06\/zoldpolo31.jpg\"><img decoding=\"async\" loading=\"lazy\" class=\"alignnone size-medium wp-image-499\" title=\"zoldpolo31\" src=\"http:\/\/www.quiltingstudio.hu\/blog\/wp-content\/uploads\/2008\/06\/zoldpolo31-297x300.jpg\" alt=\"k\u00e9sz p\u00f3l\u00f3\" width=\"297\" height=\"300\" srcset=\"http:\/\/www.quiltingstudio.hu\/blog\/wp-content\/uploads\/2008\/06\/zoldpolo31-297x300.jpg 297w, http:\/\/www.quiltingstudio.hu\/blog\/wp-content\/uploads\/2008\/06\/zoldpolo31.jpg 425w\" sizes=\"(max-width: 297px) 100vw, 297px\" \/><\/a><\/p>\n<p style=\"clear:both\">\n<p>Ilyen lett, miut\u00e1n kimostam \u00e9s megsz\u00e1radt. Valami hasonl\u00f3t akartam, j\u00f3l siker\u00fclt.<\/p>\n<p style=\"clear:both\">\n<p>3.<\/p>\n<p><a href=\"http:\/\/www.quiltingstudio.hu\/blog\/wp-content\/uploads\/2008\/06\/vpolo1.jpg\"><img decoding=\"async\" loading=\"lazy\" class=\"alignnone size-medium wp-image-500\" title=\"vpolo1\" src=\"http:\/\/www.quiltingstudio.hu\/blog\/wp-content\/uploads\/2008\/06\/vpolo1-300x197.jpg\" alt=\"fest\u00e9skor\" width=\"300\" height=\"197\" srcset=\"http:\/\/www.quiltingstudio.hu\/blog\/wp-content\/uploads\/2008\/06\/vpolo1-300x197.jpg 300w, http:\/\/www.quiltingstudio.hu\/blog\/wp-content\/uploads\/2008\/06\/vpolo1.jpg 425w\" sizes=\"(max-width: 300px) 100vw, 300px\" \/><\/a><\/p>\n<p style=\"clear:both\">\n<p>A p\u00f3l\u00f3t sz\u00e9pen f\u00e9lbehajtottam. Akinek van olyan jel\u00f6l\u0151 &#8216;szersz\u00e1ma&#8217;, ami mos\u00e1s ut\u00e1n kij\u00f6n bel\u0151le, azzal megh\u00fazhatja a vonalat. \u00c9n elk\u00e9pzeltem \u00e9s ament\u00e9n sz\u00e9pen pici hajt\u00e1sokkal \u00f6sszeszedtem az anyagot. Azt\u00e1n j\u00f6hetett egym\u00e1s mell\u00e9 n\u00e9h\u00e1ny \u00e9l\u00e9nkebb sz\u00edn.<\/p>\n<p>H\u00e1t nem t\u00fal bizalomgerjeszt\u0151, de \u00edgy n\u00e9z ki fest\u00e9s ut\u00e1n.<\/p>\n<p style=\"clear:both\">\n<p><a href=\"http:\/\/www.quiltingstudio.hu\/blog\/wp-content\/uploads\/2008\/06\/vpolo2.jpg\"><img decoding=\"async\" loading=\"lazy\" class=\"alignnone size-medium wp-image-501\" title=\"vpolo2\" src=\"http:\/\/www.quiltingstudio.hu\/blog\/wp-content\/uploads\/2008\/06\/vpolo2-300x216.jpg\" alt=\"\u00e9s \u00edme \" width=\"300\" height=\"216\" srcset=\"http:\/\/www.quiltingstudio.hu\/blog\/wp-content\/uploads\/2008\/06\/vpolo2-300x216.jpg 300w, http:\/\/www.quiltingstudio.hu\/blog\/wp-content\/uploads\/2008\/06\/vpolo2.jpg 424w\" sizes=\"(max-width: 300px) 100vw, 300px\" \/><\/a><\/p>\n<p style=\"clear:both\">\n<p>M\u00e1r l\u00e1tszik is a V-alak!<\/p>\n<p style=\"clear:both\">\n<p><a href=\"http:\/\/www.quiltingstudio.hu\/blog\/wp-content\/uploads\/2008\/06\/vpolo3.jpg\" target=\"_blank\"><img decoding=\"async\" loading=\"lazy\" class=\"alignnone size-medium wp-image-502\" title=\"vpolo3\" src=\"http:\/\/www.quiltingstudio.hu\/blog\/wp-content\/uploads\/2008\/06\/vpolo3-300x295.jpg\" alt=\"v-alak\u00fa fest\u00e9ssel\" width=\"300\" height=\"295\" srcset=\"http:\/\/www.quiltingstudio.hu\/blog\/wp-content\/uploads\/2008\/06\/vpolo3-300x295.jpg 300w, http:\/\/www.quiltingstudio.hu\/blog\/wp-content\/uploads\/2008\/06\/vpolo3.jpg 1860w\" sizes=\"(max-width: 300px) 100vw, 300px\" \/><\/a><\/p>\n<p style=\"clear:both\">\n<p>\u00c9s igen, ilyent akartam!! Term\u00e9szetesen a h\u00e1tulja pontosan ugyanilyen.<\/p>\n","protected":false},"excerpt":{"rendered":"<p>H\u00e1tha m\u00e1soknak is kedvet csin\u00e1lok evvel, megmutatom, milyen p\u00f3l\u00f3kat \u00e9s anyagokat festettem. A h\u00e1rom p\u00f3l\u00f3 3 k\u00fcl\u00f6nb\u00f6z\u0151 hajtogat\u00e1ssal k\u00e9sz\u00fclt.<\/p>\n","protected":false},"author":1,"featured_media":0,"comment_status":"open","ping_status":"closed","sticky":false,"template":"","format":"standard","meta":[],"categories":[3],"tags":[],"aioseo_notices":[],"views":2178,"_links":{"self":[{"href":"http:\/\/www.quiltingstudio.hu\/blog\/index.php?rest_route=\/wp\/v2\/posts\/491"}],"collection":[{"href":"http:\/\/www.quiltingstudio.hu\/blog\/index.php?rest_route=\/wp\/v2\/posts"}],"about":[{"href":"http:\/\/www.quiltingstudio.hu\/blog\/index.php?rest_route=\/wp\/v2\/types\/post"}],"author":[{"embeddable":true,"href":"http:\/\/www.quiltingstudio.hu\/blog\/index.php?rest_route=\/wp\/v2\/users\/1"}],"replies":[{"embeddable":true,"href":"http:\/\/www.quiltingstudio.hu\/blog\/index.php?rest_route=%2Fwp%2Fv2%2Fcomments&post=491"}],"version-history":[{"count":0,"href":"http:\/\/www.quiltingstudio.hu\/blog\/index.php?rest_route=\/wp\/v2\/posts\/491\/revisions"}],"wp:attachment":[{"href":"http:\/\/www.quiltingstudio.hu\/blog\/index.php?rest_route=%2Fwp%2Fv2%2Fmedia&parent=491"}],"wp:term":[{"taxonomy":"category","embeddable":true,"href":"http:\/\/www.quiltingstudio.hu\/blog\/index.php?rest_route=%2Fwp%2Fv2%2Fcategories&post=491"},{"taxonomy":"post_tag","embeddable":true,"href":"http:\/\/www.quiltingstudio.hu\/blog\/index.php?rest_route=%2Fwp%2Fv2%2Ftags&post=491"}],"curies":[{"name":"wp","href":"https:\/\/api.w.org\/{rel}","templated":true}]}}