{"id":506,"date":"2008-06-30T16:40:53","date_gmt":"2008-06-30T14:40:53","guid":{"rendered":"http:\/\/www.quiltingstudio.hu\/blog\/?p=506"},"modified":"2008-07-02T08:57:07","modified_gmt":"2008-07-02T06:57:07","slug":"astrophitum","status":"publish","type":"post","link":"http:\/\/www.quiltingstudio.hu\/blog\/?p=506","title":{"rendered":"Astrophytum&#8230;"},"content":{"rendered":"<p>Nagyon sz\u00e9pen \u00e1ttelelt \u00e9s ilyen volt a ny\u00e1r elej\u00e9n:<\/p>\n<p><a href=\"http:\/\/www.quiltingstudio.hu\/blog\/wp-content\/uploads\/2008\/06\/astro1.jpg\"><img decoding=\"async\" loading=\"lazy\" class=\"alignnone size-medium wp-image-507\" title=\"astro1\" src=\"http:\/\/www.quiltingstudio.hu\/blog\/wp-content\/uploads\/2008\/06\/astro1-300x225.jpg\" alt=\"astrophitum \" width=\"300\" height=\"225\" srcset=\"http:\/\/www.quiltingstudio.hu\/blog\/wp-content\/uploads\/2008\/06\/astro1-300x225.jpg 300w, http:\/\/www.quiltingstudio.hu\/blog\/wp-content\/uploads\/2008\/06\/astro1.jpg 801w\" sizes=\"(max-width: 300px) 100vw, 300px\" \/><\/a><\/p>\n<p>Szeretem az ilyen hat\u00e1rozottan l\u00e1that\u00f3 t\u00fcsk\u00e9s kaktuszokat. Ha megb\u00f6k, az \u00e9n bajom, \u0151 jelezte.<\/p>\n<p>De ut\u00e1lom azokat, amelyek alattomosak. L\u00e1tsz\u00f3lag nincs is t\u00fcsk\u00e9je, de \u00e9rj hozz\u00e1 csak egy pillanatra, m\u00e1ris 100 alig l\u00e1that\u00f3 kis t\u00fcske \u00e1llt bele a kezedbe!!<\/p>\n<p>Itt m\u00e1r l\u00e1that\u00f3, hogy hozza a bimb\u00f3t.<\/p>\n<p>\u00c9s ilyen csod\u00e1latosan sz\u00e9p vir\u00e1got hozott:<\/p>\n<p><a href=\"http:\/\/www.quiltingstudio.hu\/blog\/wp-content\/uploads\/2008\/06\/astro2.jpg\"><img decoding=\"async\" loading=\"lazy\" class=\"alignnone size-medium wp-image-508\" title=\"astro2\" src=\"http:\/\/www.quiltingstudio.hu\/blog\/wp-content\/uploads\/2008\/06\/astro2-197x300.jpg\" alt=\"kiny\u00edlt a vir\u00e1gja\" width=\"197\" height=\"300\" srcset=\"http:\/\/www.quiltingstudio.hu\/blog\/wp-content\/uploads\/2008\/06\/astro2-197x300.jpg 197w, http:\/\/www.quiltingstudio.hu\/blog\/wp-content\/uploads\/2008\/06\/astro2.jpg 600w\" sizes=\"(max-width: 197px) 100vw, 197px\" \/><\/a><\/p>\n<p style=\"clear:both\">Sajnos a f\u00e9nyk\u00e9pez\u00e9s sor\u00e1n nem siker\u00fclt t\u00f6k\u00e9letesen be\u00e1ll\u00edtani a g\u00e9pet, \u00edgy nem l\u00e1tni bele teljesen, de akkor is csodasz\u00e9p.<\/p>\n<p style=\"clear:both\"><p id=\"player1\" style=\"display:none\"><a href=\"http:\/\/www.macromedia.com\/go\/getflashplayer\">Get the latest Flash Player<\/a> to see this player.<\/p>\r\n<noscript><p>[Javascript required to view Flash movie, please turn it on and refresh this page]<\/p><\/noscript>\r\n\r\n<script type=\"text\/javascript\">\r\n\tdocument.getElementById(\"player1\").style.display = \"\";\r\n\t\r\n\tvar s1 = new SWFObject(\"http:\/\/www.quiltingstudio.hu\/blog\/wp-content\/plugins\/flv-embed\/flvplayer.swf\",\"player1\",\"400\",\"320\",\"7\");\r\n\ts1.addParam(\"wmode\",\"transparent\");\r\n\ts1.addParam(\"allowscriptaccess\",\"always\");\r\n\ts1.addParam(\"allowfullscreen\",\"true\");\r\n\ts1.addVariable(\"height\",\"320\");\r\n\ts1.addVariable(\"width\",\"400\"); \n\ts1.addVariable(\"file\",\"\/blog\/wp-content\/uploads\/2008\/06\/Astro2.flv\");\n\ts1.addVariable(\"image\",\"\/blog\/wp-content\/uploads\/2008\/06\/Astro2.jpg\");\n\ts1.addVariable(\"link\",\"\/blog\/wp-content\/uploads\/2008\/06\/Astro2.flv\");\n\ts1.addVariable(\"showstop\",\"true\");\n\ts1.addVariable(\"autostart\",\"true\");\r\n\ts1.write(\"player1\");\r\n<\/script>\n","protected":false},"excerpt":{"rendered":"<p>Nagyon sz\u00e9pen \u00e1ttelelt \u00e9s ilyen volt a ny\u00e1r elej\u00e9n: Szeretem az ilyen hat\u00e1rozottan l\u00e1that\u00f3 t\u00fcsk\u00e9s kaktuszokat. Ha megb\u00f6k, az \u00e9n bajom, \u0151 jelezte. De ut\u00e1lom azokat, amelyek alattomosak. L\u00e1tsz\u00f3lag nincs is t\u00fcsk\u00e9je, de \u00e9rj hozz\u00e1 csak egy pillanatra, m\u00e1ris 100 alig l\u00e1that\u00f3 kis t\u00fcske \u00e1llt bele a kezedbe!! Itt m\u00e1r l\u00e1that\u00f3, hogy hozza a bimb\u00f3t. [&hellip;]<\/p>\n","protected":false},"author":1,"featured_media":0,"comment_status":"open","ping_status":"closed","sticky":false,"template":"","format":"standard","meta":[],"categories":[8],"tags":[],"aioseo_notices":[],"views":2242,"_links":{"self":[{"href":"http:\/\/www.quiltingstudio.hu\/blog\/index.php?rest_route=\/wp\/v2\/posts\/506"}],"collection":[{"href":"http:\/\/www.quiltingstudio.hu\/blog\/index.php?rest_route=\/wp\/v2\/posts"}],"about":[{"href":"http:\/\/www.quiltingstudio.hu\/blog\/index.php?rest_route=\/wp\/v2\/types\/post"}],"author":[{"embeddable":true,"href":"http:\/\/www.quiltingstudio.hu\/blog\/index.php?rest_route=\/wp\/v2\/users\/1"}],"replies":[{"embeddable":true,"href":"http:\/\/www.quiltingstudio.hu\/blog\/index.php?rest_route=%2Fwp%2Fv2%2Fcomments&post=506"}],"version-history":[{"count":0,"href":"http:\/\/www.quiltingstudio.hu\/blog\/index.php?rest_route=\/wp\/v2\/posts\/506\/revisions"}],"wp:attachment":[{"href":"http:\/\/www.quiltingstudio.hu\/blog\/index.php?rest_route=%2Fwp%2Fv2%2Fmedia&parent=506"}],"wp:term":[{"taxonomy":"category","embeddable":true,"href":"http:\/\/www.quiltingstudio.hu\/blog\/index.php?rest_route=%2Fwp%2Fv2%2Fcategories&post=506"},{"taxonomy":"post_tag","embeddable":true,"href":"http:\/\/www.quiltingstudio.hu\/blog\/index.php?rest_route=%2Fwp%2Fv2%2Ftags&post=506"}],"curies":[{"name":"wp","href":"https:\/\/api.w.org\/{rel}","templated":true}]}}